{"id":11763,"date":"2021-06-21T10:50:59","date_gmt":"2021-06-21T10:50:59","guid":{"rendered":"http:\/\/ktbb.org\/v1\/?p=11763"},"modified":"2021-06-21T10:50:59","modified_gmt":"2021-06-21T10:50:59","slug":"girne-belediyesi-genclik-platformu-ilk-toplantisini-gerceklestirdi","status":"publish","type":"post","link":"https:\/\/ktbb.org\/v1\/girne-belediyesi-genclik-platformu-ilk-toplantisini-gerceklestirdi\/","title":{"rendered":"Girne Belediyesi Gen\u00e7lik Platformu ilk toplant\u0131s\u0131n\u0131 ger\u00e7ekle\u015ftirdi"},"content":{"rendered":"<p><strong>Girne Belediyesi Gen\u00e7lik Platformu \u00fcyesi gen\u00e7ler,\u00a0 bug\u00fcn ilk kez bir araya geldi. <\/strong><\/p>\n<p>&nbsp;<\/p>\n<p>Girne Belediyesi&#8217;nden verilen bilgide, belediyenin \u00f6nc\u00fcl\u00fc\u011f\u00fcnde ve \u00e7e\u015fitli payda\u015flar\u0131n ortakl\u0131\u011f\u0131nda kurulan platforma \u00fcye olan 15-21 ya\u015f aras\u0131 gen\u00e7ler, Girne Belediyesi Sosyal Ya\u015fam Merkezi&#8217;ni gezdikten sonra Sanat Galerisindeki toplant\u0131daki tan\u0131\u015fma ve kayna\u015fma organizasyonuna kat\u0131larak, yaz program\u0131yla ilgili g\u00f6r\u00fc\u015f al\u0131\u015fveri\u015finde bulundu. Gen\u00e7lik Platformunun \u00f6n\u00fcm\u00fczdeki hafta 22 Haziran 2021 sal\u0131 g\u00fcn\u00fc saat 10.00&#8217;da yeniden bir araya gelecek. Toplant\u0131lar\u0131n 15-21 ya\u015f aras\u0131 t\u00fcm gen\u00e7lere a\u00e7\u0131k oldu\u011fu kaydedildi.<\/p>\n<p>&nbsp;<\/p>\n<p><strong>Kad\u0131o\u011flu: &#8220;Sorumluluk duygusuyla buradas\u0131n\u0131z. T\u00fcm gen\u00e7lere kap\u0131m\u0131z a\u00e7\u0131k&#8221;<\/strong><\/p>\n<p>&nbsp;<\/p>\n<p>Girne Belediyesi Sosyal \u0130\u015fler \u015eubesi Misli Kad\u0131o\u011flu, gen\u00e7lerin sosyal ya\u015famda aktif rol almas\u0131,\u00a0 sorumluluk almas\u0131 ve bir birey olarak fikirleri ve katk\u0131lar\u0131yla &#8220;ben de var\u0131m&#8221; diyebilmeleri i\u00e7in alan sa\u011flayacak bu platformun,\u00a0 t\u00fcm gen\u00e7lerin sesi olaca\u011f\u0131n\u0131 s\u00f6yleyerek, bu bilin\u00e7le bu platforma \u00fcye olan gen\u00e7lere te\u015fekk\u00fcr ederek, t\u00fcm gen\u00e7lere kap\u0131lar\u0131n\u0131n a\u00e7\u0131k oldu\u011funu s\u00f6yledi. Kad\u0131o\u011flu, gen\u00e7lik d\u00f6neminde e\u011fitim, e\u011flence ve sosyal sorumluluk projelerinde payla\u015fman\u0131n ve dostluklar kurabilmenin unutulmaz an\u0131lar olaca\u011f\u0131n\u0131 belirterek, gelece\u011fin y\u00f6neticileri, sanat\u00e7\u0131lar\u0131, mimar ve m\u00fchendisleri olarak gen\u00e7lerin bug\u00fcnden itibaren ya\u015fad\u0131\u011f\u0131 \u00e7evreye, kente, \u00fclkeye ve d\u00fcnyaya katk\u0131 koyaca\u011f\u0131na ve buradan edinecekleri tecr\u00fcbelerle kendilerine yol haritas\u0131 belirlemelerine katk\u0131 sa\u011flayaca\u011f\u0131na inanc\u0131n\u0131 belirtti.<\/p>\n<p>&nbsp;<\/p>\n<p><strong>G\u00fcng\u00f6rd\u00fc: \u201cGen\u00e7lerden \u00e7\u0131kan enerji \u015fehri ve \u00fclkeyi kucaklayacak\u201d<\/strong><\/p>\n<p>&nbsp;<\/p>\n<p>Girne Belediye Ba\u015fkan\u0131 Nidai G\u00fcng\u00f6rd\u00fc toplant\u0131da yapt\u0131\u011f\u0131 konu\u015fmada, Girne\u2019de ba\u015flat\u0131lan Gen\u00e7lik Platformu hareketinin gen\u00e7lerin enerjisiyle, katk\u0131s\u0131yla yak\u0131lan bu me\u015falenin uzun soluklu bir yolun ba\u015flang\u0131c\u0131 oldu\u011funu s\u00f6yledi. G\u00fcng\u00f6rd\u00fc, gen\u00e7lerden \u00e7\u0131kacak enerjinin t\u00fcm \u015fehri ve \u00fclkeyi kucaklayaca\u011f\u0131n\u0131 dile getirerek gen\u00e7lerin \u015fehir ya\u015fant\u0131s\u0131na kat\u0131lmas\u0131 ile yeni fikirlerin ortaya \u00e7\u0131kaca\u011f\u0131n\u0131 i\u015faret etti. 15- 16 ya\u015flar\u0131na gelen bireylerin hayata at\u0131lmaya daha yak\u0131n ki\u015filer olduklar\u0131n\u0131 ve bu ba\u011flamda Gen\u00e7lik Platformu\u2019nun bireylere yard\u0131mc\u0131 olaca\u011f\u0131n\u0131 dile getirdi.\u00a0 G\u00fcng\u00f6rd\u00fc; \u201cHedefi belli olmayan gemiye hi\u00e7bir r\u00fczgar yard\u0131m etmez, Girne\u2019de gen\u00e7lerle yap\u0131lacak olumlu ve olumsuz ele\u015ftirilerle beraber g\u00fczel i\u015flere imza ataca\u011f\u0131m\u0131za inan\u0131yorum ve katk\u0131 koyan herkese te\u015fekk\u00fcr ederim\u201d diyerek, gen\u00e7lerin fikir ve kararlar\u0131na her zaman sayg\u0131 duydu\u011funu ve bu platformdan \u00e7\u0131kacak karar ve talepleri dikkate alarak destek olaca\u011f\u0131n\u0131 belirtti.<\/p>\n<p>&nbsp;<\/p>\n<p>Girne Belediyesi Gen\u00e7lik Platformuna; KKTC Ba\u015fbakanl\u0131k Gen\u00e7lik Dairesi, KKTC Ba\u015fbakanl\u0131k Uyu\u015fturucuyla M\u00fccadele Komisyonu, Girne Gen\u00e7lik Geli\u015fim Merkezi (G\u0130GEM), Gen\u00e7 Bili\u015fimciler ve \u0130navasyon Derne\u011fi, Zirve \u0130zcilik Derne\u011fi, Ya\u015fama Sporla Ba\u011flan Derne\u011fi, K\u0131br\u0131s T\u00fcrk Gen\u00e7lik Kongresi ba\u015fkan ve temsilcileri destek oluyor.<\/p>\n<p>&nbsp;<\/p>\n<p>Kay\u0131t i\u00e7in, http:\/\/www.girnebelediyesi.com\/genclik-platformu-kayit\/\u00a0 adresinden ba\u015fvuru yap\u0131lmas\u0131 gerekiyor. Bilgi ve ileti\u015fim i\u00e7in, 0548 890 55 00 numaral\u0131 telefon aranabilecek.<\/p>\n","protected":false},"excerpt":{"rendered":"<p>Girne Belediyesi Gen\u00e7lik Platformu \u00fcyesi gen\u00e7ler,\u00a0 bug\u00fcn ilk kez bir [&hellip;]<\/p>\n","protected":false},"author":10,"featured_media":11764,"comment_status":"open","ping_status":"closed","sticky":false,"template":"","format":"standard","meta":{"footnotes":""},"categories":[9],"tags":[],"class_list":["post-11763","post","type-post","status-publish","format-standard","has-post-thumbnail","hentry","category-uyelerimizin-haberleri"],"_links":{"self":[{"href":"https:\/\/ktbb.org\/v1\/wp-json\/wp\/v2\/posts\/11763","targetHints":{"allow":["GET"]}}],"collection":[{"href":"https:\/\/ktbb.org\/v1\/wp-json\/wp\/v2\/posts"}],"about":[{"href":"https:\/\/ktbb.org\/v1\/wp-json\/wp\/v2\/types\/post"}],"author":[{"embeddable":true,"href":"https:\/\/ktbb.org\/v1\/wp-json\/wp\/v2\/users\/10"}],"replies":[{"embeddable":true,"href":"https:\/\/ktbb.org\/v1\/wp-json\/wp\/v2\/comments?post=11763"}],"version-history":[{"count":1,"href":"https:\/\/ktbb.org\/v1\/wp-json\/wp\/v2\/posts\/11763\/revisions"}],"predecessor-version":[{"id":11765,"href":"https:\/\/ktbb.org\/v1\/wp-json\/wp\/v2\/posts\/11763\/revisions\/11765"}],"wp:featuredmedia":[{"embeddable":true,"href":"https:\/\/ktbb.org\/v1\/wp-json\/wp\/v2\/media\/11764"}],"wp:attachment":[{"href":"https:\/\/ktbb.org\/v1\/wp-json\/wp\/v2\/media?parent=11763"}],"wp:term":[{"taxonomy":"category","embeddable":true,"href":"https:\/\/ktbb.org\/v1\/wp-json\/wp\/v2\/categories?post=11763"},{"taxonomy":"post_tag","embeddable":true,"href":"https:\/\/ktbb.org\/v1\/wp-json\/wp\/v2\/tags?post=11763"}],"curies":[{"name":"wp","href":"https:\/\/api.w.org\/{rel}","templated":true}]}}