{"id":11766,"date":"2021-06-22T06:07:38","date_gmt":"2021-06-22T06:07:38","guid":{"rendered":"http:\/\/ktbb.org\/v1\/?p=11766"},"modified":"2021-06-22T06:07:38","modified_gmt":"2021-06-22T06:07:38","slug":"prof-dr-ibrahim-benterden-ismail-artere-ziyaret","status":"publish","type":"post","link":"https:\/\/ktbb.org\/v1\/prof-dr-ibrahim-benterden-ismail-artere-ziyaret\/","title":{"rendered":"Prof. Dr. \u0130brahim Benter&#8217;den \u0130smail Arter&#8217;e ziyaret"},"content":{"rendered":"<p>Gazima\u011fusa Belediye Ba\u015fkan\u0131 \u0130smail Arter ile K\u0131br\u0131s Vak\u0131flar \u0130daresi Genel M\u00fcd\u00fcr\u00fc \u0130brahim ile Gazima\u011fusa Belediyesinde bir toplant\u0131 yaparak kapal\u0131 Mara\u015f\u2019taki evkaf mallar\u0131n\u0131n durumunu konu\u015ftu.<\/p>\n<p>Gazima\u011fusa Belediye Ba\u015fkan\u0131 \u0130smail Arter konu\u015fmas\u0131nda, Vak\u0131flar \u0130daresi Genel M\u00fcd\u00fcr\u00fc Prof. Dr. \u0130brahim Benter\u2019i Gazima\u011fusa\u2019da g\u00f6rmekten dolay\u0131 memnun oldu\u011funu, telefoniyen s\u0131k s\u0131k g\u00f6r\u00fc\u015ft\u00fckleri Benter ile y\u00fcz y\u00fcze bir g\u00f6r\u00fc\u015fme yaparak Vak\u0131flar \u0130daresi\u2019nin \u00fclkemizde yapt\u0131\u011f\u0131 \u00e7al\u0131\u015fmalarla ilgili bilgi alacaklar\u0131n\u0131 ve Belediye ile birlikte y\u00fcr\u00fctt\u00fckleri \u00e7al\u0131\u015fmalar\u0131 isti\u015fare etme f\u0131rsat\u0131 bulacaklar\u0131n\u0131 s\u00f6yledi. Vak\u0131flar \u0130daresi\u2019nin \u00fclkemizdeki tarihsel olarak \u00e7al\u0131\u015fmalar\u0131n\u0131n insanlar\u0131m\u0131z taraf\u0131ndan detayl\u0131 bilinmesi gerekti\u011fini ifade eden Ba\u015fkan Arter, \u201czannediliyor ki Vak\u0131flar \u0130daresi\u2019nin evkaf vak\u0131f mallar\u0131 s\u00f6ylemleri Mara\u015f a\u00e7\u0131l\u0131m\u0131yla ilgilidir ve \u015fu anda ortaya \u00e7\u0131kt\u0131, bunun b\u00f6yle olmad\u0131\u011f\u0131n\u0131, Vak\u0131flar \u0130daresi\u2019nin y\u0131llar itibar\u0131yla hangi g\u00f6revleri \u00fcstendi\u011fi noktas\u0131nda toplumumuzun bilin\u00e7lenmesi gerekir diye d\u00fc\u015f\u00fcn\u00fcyorum. Yoksa evkaf mallar\u0131 sadece Mara\u015f\u2019\u0131n a\u00e7\u0131l\u0131m\u0131yla g\u00fcndeme gelen bir konu olmad\u0131.\u201d dedi. \u00d6zellikle gen\u00e7lerimizin bu konularla ilgili \u00fclkede hangi kurum kurulu\u015fun nelerle g\u00f6revlendirildi\u011fini bilmesi gerekti\u011fini, bu g\u00f6r\u00fc\u015fmenin bu konular\u0131 konu\u015fmak i\u00e7in f\u0131rsat oldu\u011funu ifade etti.<\/p>\n<p>K\u0131br\u0131s Vak\u0131flar \u0130daresi Genel M\u00fcd\u00fcr\u00fc Prof. Dr. \u0130brahim Benter ise, bu y\u0131l K\u0131br\u0131s\u2019\u0131n fethi ve Vak\u0131flar\u0131n \u0130daresi\u2019nin kurulu\u015funun 450. y\u0131l\u0131 oldu\u011funu ifade ederek, bu tarihlerin bizler i\u00e7in g\u00fczel dersler \u00e7\u0131karabilece\u011fimiz \u00f6nemli tarihler oldu\u011funu belirtti. Ma\u011fusa\u2019da kapal\u0131 Mara\u015f konusundan \u00e7\u0131kar\u0131labilecek dersler oldu\u011funu, K\u0131br\u0131s\u2019\u0131 fetheden komutan olan Lala Mustafa Pa\u015fa\u2019n\u0131n Kapal\u0131 Mara\u015f dahil bir\u00e7ok araziyi kendi paras\u0131yla sat\u0131n ald\u0131\u011f\u0131n\u0131 ve vakfetti\u011fini ifade ederek, \u201cburadaki ders neydi? \u00c7ok g\u00fc\u00e7l\u00fc bir ordunun ba\u015f\u0131nda zaten sava\u015f\u0131 kazanm\u0131\u015f, istese gider el koyar kim kar\u015f\u0131 \u00e7\u0131kabilecek? Ancak bizim elimizdeki belgeler g\u00f6steriyor ki Lala Mustafa Pa\u015fa kendi paras\u0131yla \u00f6demi\u015f \u00f6zel ki\u015filerden sat\u0131n alm\u0131\u015f ve vakfetmi\u015f.\u201d dedi. Bir mal\u0131n vakfedilmesinin sonsuza dek insanlar\u0131n faydas\u0131 i\u00e7in kullan\u0131lmas\u0131 demek oldu\u011funu kaydeden Benter, fakir \u00e7ocuklar\u0131n okumas\u0131, okul yap\u0131lmas\u0131, \u00f6\u011fretmenlerin maa\u015f\u0131n\u0131n \u00f6denmesi, camilerin yap\u0131lmas\u0131 g\u00f6revlilerin maa\u015f\u0131n\u0131n \u00f6denmesi, hastane sa\u011fl\u0131k oca\u011f\u0131 yap\u0131lmas\u0131 gibi bir\u00e7ok hay\u0131r i\u015flerinin yap\u0131lmas\u0131 i\u00e7in bu gibi yerleri Lala Mustafa Pa\u015fa\u2019n\u0131n vakfetti\u011fini s\u00f6yledi. Lala Mustafa Pa\u015fa\u2019n\u0131n g\u00fcc\u00fc olmas\u0131na ra\u011fmen kimsenin mal\u0131n\u0131 gasp etmedi\u011fini, ald\u0131\u011f\u0131 mallar\u0131 bencillik yaparak \u00e7ocuklar\u0131na b\u0131rakmad\u0131\u011f\u0131na dikkat eken \u0130brahim Benter, K\u0131br\u0131s\u2019\u0131n fethinin 450. Y\u0131l\u0131n\u0131 kutlarken bu gibi olaylardan dersler \u00e7\u0131kar\u0131p bencil olmayan, yard\u0131mla\u015fan, dayan\u0131\u015fma i\u00e7inde olan iyi insanlar olmam\u0131z gerekti\u011fini ifade etti. Prof. Dr. Benter, \u201cbizim atalar\u0131m\u0131z bu mallar\u0131 vakfederken \u2018bu mallar\u0131 kiralay\u0131n ve bununla fakir T\u00fcrk \u00e7ocuklar\u0131n\u0131 okutun\u2019 demediler, \u2018fakir \u00e7ocuklar\u0131 okutun\u2019 dediler. T\u00fcrk olabilir, Rum olabilir, Ermeni olabilir, Maronit olabilir, \u0130ngiliz olabilir.\u201d diyerek, 450 y\u0131l \u00f6nce din ve milliyet ayr\u0131m\u0131 yap\u0131lmamas\u0131n\u0131n da bir ders oldu\u011funu kaydetti. 450 y\u0131l \u00f6nceki sava\u015f\u0131n de\u011fil bu gibi g\u00fczel de\u011ferlerin konu\u015fulmas\u0131 gerekti\u011fini, Osmanl\u0131\u2019n\u0131n buraya gelmenden \u00f6nce Rumlar ve Ermeniler\u2019in ibadet \u00f6zg\u00fcrl\u00fc\u011f\u00fc olmad\u0131\u011f\u0131n\u0131 ifade eden Benter, \u201cKatolikler Katolik dini d\u0131\u015f\u0131nda ba\u015fka din tan\u0131maz. 450 y\u0131l \u00f6nce Osmanl\u0131 buraya geldi\u011finde Rumlar da Ermeniler de T\u00fcrkler de herkes h\u00fcrriyetine kavu\u015ftu. Rumlar ve Ermeniler ilk defa kendi kilisesini yapma h\u00fcrriyetine Osmanl\u0131 zaman\u0131nda kavu\u015ftu. Dolay\u0131s\u0131yla Rumlar\u0131n da 450. y\u0131l\u0131 kutlamas\u0131 laz\u0131m. \u00c7\u00fcnk\u00fc Osmanl\u0131 sayesinde zul\u00fcmden kurtuldular \u201cdiye konu\u015ftu.<\/p>\n<p>Prof. Dr. \u0130brahim Benter, kapal\u0131 Mara\u015f\u2019\u0131n \u00f6z\u00fcne d\u00f6nmesi dile\u011finde bulunarak, Mara\u015f\u2019\u0131n \u00f6z\u00fcn\u00fcn de vak\u0131f arazisi oldu\u011funu, ve toplumun faydas\u0131 i\u00e7in kullanmas\u0131 gerekti\u011fini, Mara\u015f\u2019\u0131n birka\u00e7 ki\u015finin otel yaparak daha zengin olmas\u0131 i\u00e7in olmad\u0131\u011f\u0131n\u0131 s\u00f6yledi.<\/p>\n","protected":false},"excerpt":{"rendered":"<p>Gazima\u011fusa Belediye Ba\u015fkan\u0131 \u0130smail Arter ile K\u0131br\u0131s Vak\u0131flar \u0130daresi Genel [&hellip;]<\/p>\n","protected":false},"author":10,"featured_media":11767,"comment_status":"open","ping_status":"closed","sticky":false,"template":"","format":"standard","meta":{"footnotes":""},"categories":[9],"tags":[],"class_list":["post-11766","post","type-post","status-publish","format-standard","has-post-thumbnail","hentry","category-uyelerimizin-haberleri"],"_links":{"self":[{"href":"https:\/\/ktbb.org\/v1\/wp-json\/wp\/v2\/posts\/11766","targetHints":{"allow":["GET"]}}],"collection":[{"href":"https:\/\/ktbb.org\/v1\/wp-json\/wp\/v2\/posts"}],"about":[{"href":"https:\/\/ktbb.org\/v1\/wp-json\/wp\/v2\/types\/post"}],"author":[{"embeddable":true,"href":"https:\/\/ktbb.org\/v1\/wp-json\/wp\/v2\/users\/10"}],"replies":[{"embeddable":true,"href":"https:\/\/ktbb.org\/v1\/wp-json\/wp\/v2\/comments?post=11766"}],"version-history":[{"count":1,"href":"https:\/\/ktbb.org\/v1\/wp-json\/wp\/v2\/posts\/11766\/revisions"}],"predecessor-version":[{"id":11768,"href":"https:\/\/ktbb.org\/v1\/wp-json\/wp\/v2\/posts\/11766\/revisions\/11768"}],"wp:featuredmedia":[{"embeddable":true,"href":"https:\/\/ktbb.org\/v1\/wp-json\/wp\/v2\/media\/11767"}],"wp:attachment":[{"href":"https:\/\/ktbb.org\/v1\/wp-json\/wp\/v2\/media?parent=11766"}],"wp:term":[{"taxonomy":"category","embeddable":true,"href":"https:\/\/ktbb.org\/v1\/wp-json\/wp\/v2\/categories?post=11766"},{"taxonomy":"post_tag","embeddable":true,"href":"https:\/\/ktbb.org\/v1\/wp-json\/wp\/v2\/tags?post=11766"}],"curies":[{"name":"wp","href":"https:\/\/api.w.org\/{rel}","templated":true}]}}