{"id":11777,"date":"2021-06-23T06:11:49","date_gmt":"2021-06-23T06:11:49","guid":{"rendered":"http:\/\/ktbb.org\/v1\/?p=11777"},"modified":"2021-06-23T06:11:49","modified_gmt":"2021-06-23T06:11:49","slug":"en-uzun-gunde-girnenin-enfes-gun-batiminda-yoga-ritueli","status":"publish","type":"post","link":"https:\/\/ktbb.org\/v1\/en-uzun-gunde-girnenin-enfes-gun-batiminda-yoga-ritueli\/","title":{"rendered":"En uzun g\u00fcnde Girne&#8217;nin enfes g\u00fcn bat\u0131m\u0131nda yoga rit\u00fceli"},"content":{"rendered":"<p><strong>Girne Belediyesi D\u00fcnya Yoga G\u00fcn\u00fc Dolay\u0131s\u0131yla Kervansaray Halk Plaj\u0131nda Yoga Etkinli\u011fi Ger\u00e7ekle\u015ftirdi<\/strong><\/p>\n<p>Girne Belediyesi taraf\u0131ndan organize edilen yoga etkinli\u011finin, 21 Haziran 2021 Pazartesi g\u00fcn\u00fc g\u00fcn bat\u0131m\u0131n\u0131n ya\u015fand\u0131\u011f\u0131 saatlerde Kervansaray Halk Plaj\u0131nda, Jivamukti Yoga E\u011fitmeni Naile Soyel g\u00f6zetiminde uluslararas\u0131 d\u00fczeyde ger\u00e7ekle\u015ftirildi\u011fi iletildi. Girne Belediye Ba\u015fkan\u0131 Nidai G\u00fcng\u00f6rd\u00fc\u2019 n\u00fcn de kat\u0131ld\u0131\u011f\u0131 etkinli\u011fe bir\u00e7ok farkl\u0131 \u00fclkeden ki\u015filerin b\u00fcy\u00fck ilgi g\u00f6sterdi\u011fi kaydedildi.<\/p>\n<p>Covid-19 Pandemi kurallar\u0131 g\u00f6z \u00f6n\u00fcnde bulundurularak, sosyal mesafeye dikkat edilerek ve ki\u015filerin kendi matlar\u0131yla kat\u0131ld\u0131klar\u0131 etkinlik yakla\u015f\u0131k 1 saat s\u00fcrd\u00fc.<\/p>\n<p>Birle\u015fmi\u015f Milletler, Yoga\u2019n\u0131n insan i\u00e7in zihinsel ve bedensel sa\u011fl\u0131\u011f\u0131 teminde hi\u00e7 bu denli \u00f6nemle ili\u015fkilendirilmemi\u015f oldu\u011funu vurgularken \u00fclkemizde pandemi m\u00fccadelesinde \u00e7ok ciddi misyonlar \u00fcstlenen Girne Belediyesi\u2019nde de Yoga G\u00fcn\u00fc etkinli\u011fi t\u00fcm halka a\u00e7\u0131k olarak payla\u015f\u0131ld\u0131.<\/p>\n<p><strong>G\u00fcng\u00f6rd\u00fc: \u201c\u0130yilik \u0130\u00e7in Yoga\u201d <\/strong><\/p>\n<p>G\u00fcn dolay\u0131s\u0131 ile a\u00e7\u0131klama yapan Girne Belediye Ba\u015fkan\u0131 Nidai G\u00fcng\u00f6rd\u00fc ; \u201c\u0130yilik \u0130\u00e7in Yoga\u201d slogan\u0131 ile t\u00fcm d\u00fcnyada payla\u015f\u0131lan yoga etkinliklerinin uluslararas\u0131 kimli\u011fi olan kentimiz Girne\u2019de b\u00f6ylesi bir etkinli\u011fi halk\u0131m\u0131zla payla\u015fmaktan dolay\u0131 mutluyuz. Covid-19 Pandemisi t\u00fcm sosyal ve ekonomik ko\u015fullar\u0131m\u0131zla g\u00fcnl\u00fck ya\u015fant\u0131lar\u0131m\u0131z\u0131 derinden etkilerken; b\u00f6ylesi zor zamanlarda bizler Belediye olarak teknik imkanlar\u0131m\u0131z\u0131 sonuna kadar zorlad\u0131k, \u00f6te yandan da hem de\u011ferli esnaf\u0131m\u0131z hem de de\u011ferli halk\u0131m\u0131z bu s\u00fcrece \u00f6nemli katk\u0131lar koydu. Pandeminin etkisinin azald\u0131\u011f\u0131 bu g\u00fcnlerde umudumuz daha \u00e7ok artt\u0131. Bilim d\u00fcnyas\u0131n\u0131n ortaya koydu\u011fu \u00e7al\u0131\u015fmalar yan\u0131nda, devletlerin y\u00fcr\u00fctt\u00fc\u011f\u00fc idari politikalar ve b\u00fct\u00fcnsel sa\u011fl\u0131\u011f\u0131n\u0131 koruyabilmesi i\u00e7in insanl\u0131\u011f\u0131n kendisine de ihtiyac\u0131m\u0131z vard\u0131r. Zihinsel ve ruhsal sa\u011fl\u0131\u011f\u0131m\u0131z\u0131 korumak sevdiklerimizle huzur dolu ayd\u0131nl\u0131k bir gelecek i\u00e7in \u2018insana verilen de\u011ferin\u2019 \u00f6n planda oldu\u011fu bir Belediye idaresi ile hizmet vermeye b\u00fcy\u00fck \u00f6zen g\u00f6sterdik ve bu y\u00f6nde de \u00e7al\u0131\u015fmaya devam edece\u011fiz. Bu \u00f6zel g\u00fcnde t\u00fcm insanl\u0131\u011f\u0131n iyilik, bar\u0131\u015f ve huzur i\u00e7inde olmas\u0131n\u0131 dilerim, katk\u0131 koyan herkese de te\u015fekk\u00fcr ederim\u201d dedi.<\/p>\n","protected":false},"excerpt":{"rendered":"<p>Girne Belediyesi D\u00fcnya Yoga G\u00fcn\u00fc Dolay\u0131s\u0131yla Kervansaray Halk Plaj\u0131nda Yoga [&hellip;]<\/p>\n","protected":false},"author":10,"featured_media":11778,"comment_status":"open","ping_status":"closed","sticky":false,"template":"","format":"standard","meta":{"footnotes":""},"categories":[9],"tags":[],"class_list":["post-11777","post","type-post","status-publish","format-standard","has-post-thumbnail","hentry","category-uyelerimizin-haberleri"],"_links":{"self":[{"href":"https:\/\/ktbb.org\/v1\/wp-json\/wp\/v2\/posts\/11777","targetHints":{"allow":["GET"]}}],"collection":[{"href":"https:\/\/ktbb.org\/v1\/wp-json\/wp\/v2\/posts"}],"about":[{"href":"https:\/\/ktbb.org\/v1\/wp-json\/wp\/v2\/types\/post"}],"author":[{"embeddable":true,"href":"https:\/\/ktbb.org\/v1\/wp-json\/wp\/v2\/users\/10"}],"replies":[{"embeddable":true,"href":"https:\/\/ktbb.org\/v1\/wp-json\/wp\/v2\/comments?post=11777"}],"version-history":[{"count":1,"href":"https:\/\/ktbb.org\/v1\/wp-json\/wp\/v2\/posts\/11777\/revisions"}],"predecessor-version":[{"id":11779,"href":"https:\/\/ktbb.org\/v1\/wp-json\/wp\/v2\/posts\/11777\/revisions\/11779"}],"wp:featuredmedia":[{"embeddable":true,"href":"https:\/\/ktbb.org\/v1\/wp-json\/wp\/v2\/media\/11778"}],"wp:attachment":[{"href":"https:\/\/ktbb.org\/v1\/wp-json\/wp\/v2\/media?parent=11777"}],"wp:term":[{"taxonomy":"category","embeddable":true,"href":"https:\/\/ktbb.org\/v1\/wp-json\/wp\/v2\/categories?post=11777"},{"taxonomy":"post_tag","embeddable":true,"href":"https:\/\/ktbb.org\/v1\/wp-json\/wp\/v2\/tags?post=11777"}],"curies":[{"name":"wp","href":"https:\/\/api.w.org\/{rel}","templated":true}]}}