{"id":11780,"date":"2021-06-23T07:37:40","date_gmt":"2021-06-23T07:37:40","guid":{"rendered":"http:\/\/ktbb.org\/v1\/?p=11780"},"modified":"2021-06-23T07:37:40","modified_gmt":"2021-06-23T07:37:40","slug":"girne-belediyesi-yaz-tatili-cocuk-atolyeleri-basliyor","status":"publish","type":"post","link":"https:\/\/ktbb.org\/v1\/girne-belediyesi-yaz-tatili-cocuk-atolyeleri-basliyor\/","title":{"rendered":"Girne Belediyesi Yaz Tatili \u00c7ocuk At\u00f6lyeleri ba\u015fl\u0131yor"},"content":{"rendered":"<p>Girne Belediyesi Yaz Tatili \u00c7ocuk At\u00f6lyeleri 1 Temmuz 2021 Per\u015fembe g\u00fcn\u00fc Kervansaray \u2019da Plaj Oyunlar\u0131yla ba\u015fl\u0131yor. Temmuz- A\u011fustos aylar\u0131 i\u00e7erisinde 6-15 ya\u015f aras\u0131 \u00e7ocuklar i\u00e7in 15 farkl\u0131 etkinli\u011fin ger\u00e7ekle\u015ftirilece\u011fi at\u00f6lye \u00e7al\u0131\u015fmalar\u0131na bu y\u0131l pandemi nedeniyle \u00f6n kay\u0131t al\u0131narak kat\u0131l\u0131m kabul edilece\u011fi belirtildi.<\/p>\n<p>\u00c7ocuk At\u00f6lyeleri \u00e7er\u00e7evesinde; Plaj Oyunlar\u0131, Plajda Resim At\u00f6lyesi, Piknik, \u00c7ocuk Yogas\u0131, Tak\u0131 At\u00f6lyesi, Dans At\u00f6lyesi, Ok\u00e7uluk, Yelken At\u00f6lyesi, Mandala At\u00f6lyesi, Ta\u015f Boyama At\u00f6lyesi, Seramik At\u00f6lyesi, Saks\u0131 boyama ve \u00e7i\u00e7ek ekimi etkinli\u011fi, Sokak Basketbolu, \u00c7ad\u0131r Kamp\u0131 yer al\u0131yor. \u00dccretsiz ger\u00e7ekle\u015ftirilecek etkinliklere, kay\u0131t olmak ve bilgi almak i\u00e7in Girne Belediyesi Sosyal Ya\u015fam Merkezi\u2019ne 0539 112 63 63 ve 0392 815 15 10 numaral\u0131 telefondan kay\u0131t yap\u0131labilece\u011fi belirtildi.<\/p>\n<p>&nbsp;<\/p>\n<p><strong>KADIO\u011eLU: \u00c7EVRE B\u0130L\u0130NC\u0130N\u0130 ARTIRAN, PAYLA\u015eMAYI \u00d6\u011eRETEN AKT\u0130V\u0130TELER<\/strong><\/p>\n<p>&nbsp;<\/p>\n<p>Girne Belediyesi Sosyal \u0130\u015fler \u015eube Amiri Misli Kad\u0131o\u011flu, mutlu bir \u00e7ocukluk d\u00f6nemi ge\u00e7irmeleri i\u00e7in \u00e7ocuklar\u0131n sosyal ve k\u00fclt\u00fcrel etkinliklere kat\u0131lmas\u0131n\u0131n \u00f6nemine i\u015faret ederek, her y\u0131l d\u00fczenlenen \u00e7ocuk at\u00f6lyelerinin bu y\u0131l da sanattan spora bir\u00e7ok etkinlikle ger\u00e7ekle\u015ftirilece\u011fini ifade etti. Kad\u0131o\u011flu, \u00e7ocuklara, \u00e7evre bilincini art\u0131ran, payla\u015fmay\u0131 \u00f6\u011freten hem e\u011flenceli hem de e\u011fitici aktiviteler d\u00fczenlediklerini belirterek, pandemi ko\u015fullar\u0131 nedeniyle yo\u011funluk ya\u015fanmamas\u0131 ad\u0131na her bir at\u00f6lye \u00e7al\u0131\u015fmas\u0131 i\u00e7in \u00f6n kay\u0131t yap\u0131lmas\u0131 \u00e7a\u011fr\u0131s\u0131nda bulunarak, etkinli\u011fe kat\u0131lan \u00e7ocuklar\u0131n da maske, mesafe ve hijyen kurallar\u0131na uymas\u0131 gerekti\u011fini s\u00f6yledi.<\/p>\n<p>&nbsp;<\/p>\n<p><strong>G\u00dcNG\u00d6RD\u00dc: \u00c7OCUKLAR, YA\u015eADI\u011eI \u00c7EVREY\u0130 TANIYIP SEV\u0130NCE \u00dcLKES\u0130N\u0130 DE SEVER <\/strong><\/p>\n<p><strong>\u00a0<\/strong><\/p>\n<p>Girne Belediye Ba\u015fkan\u0131 Nidai G\u00fcng\u00f6rd\u00fc, insan\u0131, do\u011fay\u0131, hayvanlar\u0131 seven, \u00e7evresine duyarl\u0131 \u00e7ocuklar yeti\u015ftirmenin \u00f6nemine i\u015faret ederek, \u201cGelecek nesillerimiz \u00e7ocuk ve gen\u00e7lerimizin daha iyi ko\u015fullarda ya\u015famas\u0131, sosyal, aktif ve ba\u015far\u0131l\u0131 olmalar\u0131 bizim i\u00e7in \u00e7ok \u00f6nemlidir. \u00c7ocuklar\u0131m\u0131z\u0131n sanat ve sporla ilgilenmelerini her zaman destekliyoruz\u201d dedi.\u00a0 G\u00fcng\u00f6rd\u00fc, t\u00fcm aileleri, \u00e7ocuklar\u0131n\u0131 a\u00e7\u0131k havada ve ya\u015f\u0131tlar\u0131yla olabilece\u011fi bu etkinliklere kat\u0131lmalar\u0131 i\u00e7in te\u015fvik etmesinin \u00f6nemine i\u015faret ederek, \u201cKentte, \u00e7o\u011funlu\u011fu belediyeye ait tesislerde, a\u00e7\u0131k havada ve do\u011fayla i\u00e7 i\u00e7e ger\u00e7ekle\u015ftirilecek etkinliklerde, \u00e7ocuklar, ya\u015fad\u0131\u011f\u0131 \u00e7evreyi, tan\u0131ma imkan\u0131 da bulacaklar. Ya\u015fad\u0131\u011f\u0131 \u00e7evreyi seven, sahip \u00e7\u0131kan, kentini, \u00fclkesini de sever insan\u0131, hayvan\u0131 da sever ve sahip \u00e7\u0131kar\u201d dedi.<\/p>\n<p>&nbsp;<\/p>\n<p>&nbsp;<\/p>\n<p>&nbsp;<\/p>\n<p>&nbsp;<\/p>\n<p>&nbsp;<\/p>\n<p>&nbsp;<\/p>\n<p>&nbsp;<\/p>\n<p>&nbsp;<\/p>\n<p>&nbsp;<\/p>\n<p>&nbsp;<\/p>\n<p>&nbsp;<\/p>\n<p>&nbsp;<\/p>\n<p>&nbsp;<\/p>\n<p>&nbsp;<\/p>\n<p>&nbsp;<\/p>\n<p>&nbsp;<\/p>\n<p><strong>ETK\u0130NL\u0130K TAKV\u0130M\u0130<\/strong><\/p>\n<p>&nbsp;<\/p>\n<p>Plaj Oyunlar\u0131<\/p>\n<p>Tarih:1 Temmuz 2021 Per\u015fembe-2 Temmuz 2021 Cuma<\/p>\n<p>Saat:10.00-12.00<\/p>\n<p>Yer: Kervansaray Halk Plaj\u0131<\/p>\n<p>Ya\u015f: 6-12<\/p>\n<p>&nbsp;<\/p>\n<p>Plajda Resim At\u00f6lyesi<\/p>\n<p>Tarih: 6 Temmuz 2021 Sal\u0131<\/p>\n<p>Saat:10.00-12.00<\/p>\n<p>Yer: Antis Halk Plaj\u0131<\/p>\n<p>Ya\u015f: 6-12<\/p>\n<p>&nbsp;<\/p>\n<p>Piknik<\/p>\n<p>Tarih: 8 Temmuz 2021 Per\u015fembe<\/p>\n<p>Saat: 08.30-14.00<\/p>\n<p>Yer: Alev kayas\u0131<\/p>\n<p>Ya\u015f: 6-12<\/p>\n<p>&nbsp;<\/p>\n<p>\u00c7ocuk Yogas\u0131<\/p>\n<p>Tarih: 13 Temmuz 2021 Sal\u0131<\/p>\n<p>Saat: 10.00-12.00<\/p>\n<p>Yer: Kervansaray Halk Plaj\u0131<\/p>\n<p>Ya\u015f: 6-12<\/p>\n<p>&nbsp;<\/p>\n<p>Tak\u0131 At\u00f6lyesi<\/p>\n<p>Tarih: 15 Temmuz 2021 Per\u015fembe Saat: 10.00-12.00<\/p>\n<p>Yer: Sosyal Ya\u015fam Merkezi<\/p>\n<p>Ya\u015f: 8-15<\/p>\n<p>&nbsp;<\/p>\n<p>Kalede Ok\u00e7uluk (Akdeniz Spor Birli\u011fi \u0130\u015fbirli\u011finde)<\/p>\n<p>Tarih: 17 Temmuz 2021<\/p>\n<p>Saat: 10.00-14.00<\/p>\n<p>Yer: Girne Kalesi<\/p>\n<p>Ya\u015f: 7-18<\/p>\n<p>&nbsp;<\/p>\n<p>Yelken At\u00f6lyesi (Camp Cyprus i\u015fbirli\u011finde)<\/p>\n<p>Tarih: 27 Temmuz 2021<\/p>\n<p>Saat: 14.00-16.00<\/p>\n<p>Yer: Less Ambasadeur Girne Marina<\/p>\n<p>Ya\u015f: 8-15<\/p>\n<p>&nbsp;<\/p>\n<p>Mandala At\u00f6lyesi<\/p>\n<p>Tarih: 29 Temmuz 2021 Per\u015fembe Saat: 10.00-12.00<\/p>\n<p>Yer: Sosyal Ya\u015fam Merkezi<\/p>\n<p>Ya\u015f: 8-15<\/p>\n<p>&nbsp;<\/p>\n<p>&nbsp;<\/p>\n<p>&nbsp;<\/p>\n<p>Ta\u015f Boyama At\u00f6lyesi<\/p>\n<p>Tarih: 3 A\u011fustos 2021 Sal\u0131<\/p>\n<p>Saat: 10.00-12.00<\/p>\n<p>Yer: Sosyal Ya\u015fam Merkezi<\/p>\n<p>Ya\u015f: 8-15<\/p>\n<p>&nbsp;<\/p>\n<p>Seramik At\u00f6lyesi<\/p>\n<p>Tarih: 5 A\u011fustos 2021 Sal\u0131<\/p>\n<p>Saat: 10.00-12.00<\/p>\n<p>Yer: Sosyal Ya\u015fam Merkezi<\/p>\n<p>Ya\u015f: 6-12<\/p>\n<p>&nbsp;<\/p>\n<p>Karag\u00f6z-Hacivat G\u00f6lge Oyunu<\/p>\n<p>Tarih: 10 A\u011fustos 2021<\/p>\n<p>Saat: 20.00-22.00<\/p>\n<p>Yer: Ozank\u00f6y Futbol Sahas\u0131<\/p>\n<p>Ya\u015f: 6-12<\/p>\n<p>&nbsp;<\/p>\n<p>Saks\u0131n\u0131 boya-\u00e7i\u00e7e\u011fini ek<\/p>\n<p>Tarih: 12 A\u011fustos 2021<\/p>\n<p>Per\u015fembe<\/p>\n<p>Saat: 10.00-12.00<\/p>\n<p>Yer: Sosyal Ya\u015fam Merkezi<\/p>\n<p>Ya\u015f: 8-15<\/p>\n<p>&nbsp;<\/p>\n<p>Dans At\u00f6lyesi<\/p>\n<p>Tarih: 17 A\u011fustos 2021<\/p>\n<p>Saat: 10.00-12.00<\/p>\n<p>Yer: Girne Belediyesi Sanat Galerisi Ya\u015f: 10-15<\/p>\n<p>&nbsp;<\/p>\n<p>Sokak Basketbolu (Akdeniz Spor Birli\u011fi \u0130\u015fbirli\u011finde)<\/p>\n<p>Tarih: 20-22 A\u011fustos 2021<\/p>\n<p>Saat: 14.00-16.00 Ya\u015f: U-10, U 12, U 14, U 16, U 18<\/p>\n<p>Yer: Girne Belediyesi Tenis Kortlar\u0131<\/p>\n<p>&nbsp;<\/p>\n<p>\u00c7ad\u0131r Kamp\u0131<\/p>\n<p>Tarih: 26-28 A\u011fustos 2021<\/p>\n<p>Saat: 09.00 (Bal d\u00f6ken otopark\u0131nda otob\u00fcse bini\u015f)<\/p>\n<p>Yer: Karaa\u011fa\u00e7<\/p>\n<p>Ya\u015f: 9-15<\/p>\n","protected":false},"excerpt":{"rendered":"<p>Girne Belediyesi Yaz Tatili \u00c7ocuk At\u00f6lyeleri 1 Temmuz 2021 Per\u015fembe [&hellip;]<\/p>\n","protected":false},"author":10,"featured_media":11781,"comment_status":"open","ping_status":"closed","sticky":false,"template":"","format":"standard","meta":{"footnotes":""},"categories":[9],"tags":[],"class_list":["post-11780","post","type-post","status-publish","format-standard","has-post-thumbnail","hentry","category-uyelerimizin-haberleri"],"_links":{"self":[{"href":"https:\/\/ktbb.org\/v1\/wp-json\/wp\/v2\/posts\/11780","targetHints":{"allow":["GET"]}}],"collection":[{"href":"https:\/\/ktbb.org\/v1\/wp-json\/wp\/v2\/posts"}],"about":[{"href":"https:\/\/ktbb.org\/v1\/wp-json\/wp\/v2\/types\/post"}],"author":[{"embeddable":true,"href":"https:\/\/ktbb.org\/v1\/wp-json\/wp\/v2\/users\/10"}],"replies":[{"embeddable":true,"href":"https:\/\/ktbb.org\/v1\/wp-json\/wp\/v2\/comments?post=11780"}],"version-history":[{"count":1,"href":"https:\/\/ktbb.org\/v1\/wp-json\/wp\/v2\/posts\/11780\/revisions"}],"predecessor-version":[{"id":11782,"href":"https:\/\/ktbb.org\/v1\/wp-json\/wp\/v2\/posts\/11780\/revisions\/11782"}],"wp:featuredmedia":[{"embeddable":true,"href":"https:\/\/ktbb.org\/v1\/wp-json\/wp\/v2\/media\/11781"}],"wp:attachment":[{"href":"https:\/\/ktbb.org\/v1\/wp-json\/wp\/v2\/media?parent=11780"}],"wp:term":[{"taxonomy":"category","embeddable":true,"href":"https:\/\/ktbb.org\/v1\/wp-json\/wp\/v2\/categories?post=11780"},{"taxonomy":"post_tag","embeddable":true,"href":"https:\/\/ktbb.org\/v1\/wp-json\/wp\/v2\/tags?post=11780"}],"curies":[{"name":"wp","href":"https:\/\/api.w.org\/{rel}","templated":true}]}}