{"id":11789,"date":"2021-06-22T09:40:26","date_gmt":"2021-06-22T09:40:26","guid":{"rendered":"http:\/\/ktbb.org\/v1\/?p=11789"},"modified":"2021-06-23T09:42:05","modified_gmt":"2021-06-23T09:42:05","slug":"kardesler-iskelede-bulustu","status":"publish","type":"post","link":"https:\/\/ktbb.org\/v1\/kardesler-iskelede-bulustu\/","title":{"rendered":"Karde\u015fler \u0130skele&#8217;de bulu\u015ftu"},"content":{"rendered":"<p><strong>\u0130SKELE BELED\u0130YES\u0130 \u0130LE MAMAK BELED\u0130YES\u0130\u2019N\u0130N KARDE\u015eL\u0130\u011e\u0130 G\u00dc\u00c7LEN\u0130YOR<\/strong><\/p>\n<p><strong>MAMAK BELED\u0130YE BA\u015eKANI K\u00d6SE, BA\u015eKAN SADIKO\u011eLU\u2019NU MAKAMINDA Z\u0130YARET ETT\u0130 <\/strong><\/p>\n<p><strong>SADIKO\u011eLU: \u201cKALICI VE ADINDAN S\u00d6Z ETT\u0130RECEK PROJELER YAPMAK \u0130ST\u0130YORSAK ALTINDA T\u00dcRK\u0130YE\u2019N\u0130N \u0130MZASI OLMASI GEREK\u0130R\u201d<\/strong><\/p>\n<p><strong>K\u00d6SE: \u00a0\u201cESERLERLE, H\u0130ZMETLERLE KONU\u015eULMAK \u0130ST\u0130YORUZ\u201d<\/strong><\/p>\n<p><strong>\u0130SKELE VE MAMAK BELED\u0130YELER\u0130, AK\u015eAM YEME\u011e\u0130NDE B\u0130R ARAYA GELD\u0130 <\/strong><\/p>\n<p>\u0130skele Belediyesi\u2019nin on y\u0131l\u0131 a\u015fk\u0131n s\u00fcredir, 9 Aral\u0131k 2011\u2019den bu yana ekonomik, bilimsel, teknik ve k\u00fclt\u00fcrel alanda i\u015f birli\u011fi yapt\u0131\u011f\u0131 karde\u015f \u015fehri Ankara Mamak Belediyesi\u2019nden, Belediye Ba\u015fkan\u0131 Murat K\u00f6se ve beraberindeki bir heyet, Kuzey K\u0131br\u0131s T\u00fcrk Cumhuriyeti\u2019ne ziyaret ger\u00e7ekle\u015ftirdi.\u00a0 \u0130skele Belediye Ba\u015fkan\u0131 Hasan Sad\u0131ko\u011flu da karde\u015f \u015fehir Mamak Belediyesi\u2019nin Ba\u015fkan\u0131 Murat K\u00f6se ve heyetini makam\u0131nda kabul etti. G\u00f6r\u00fc\u015fmede \u0130skele ve Mamak\u2019\u0131n karde\u015fli\u011fini masaya yat\u0131ran Ba\u015fkanlar Sad\u0131ko\u011flu ve K\u00f6se ileriki s\u00fcre\u00e7te neler yap\u0131labilece\u011fi hakk\u0131nda fikir al\u0131\u015fveri\u015finde bulundular. G\u00f6r\u00fc\u015fmede her iki belediyeden meclis \u00fcyeleri ile belediye haz\u0131r bulundu.<\/p>\n<p>&nbsp;<\/p>\n<p><strong>MAMAK BELED\u0130YE BA\u015eKANI K\u00d6SE, BA\u015eKAN SADIKO\u011eLU\u2019NU MAKAMINDA Z\u0130YARET ETT\u0130 <\/strong><\/p>\n<p>18-20 Haziran tarihleri aras\u0131nda ger\u00e7ekle\u015fen ziyaret kapsam\u0131nda Mamak Belediye Ba\u015fkan\u0131 Murat K\u00f6se ve beraberindeki heyet \u0130skele Belediye Ba\u015fkan\u0131 Hasan Sad\u0131ko\u011flu\u2019nu makam\u0131nda ziyaret etti. \u00a0\u0130skele\u2019deki bulu\u015fmada iki belediye aras\u0131ndaki i\u015fbirli\u011finin g\u00fc\u00e7lenmesi i\u00e7in neler yap\u0131labilece\u011fi g\u00f6r\u00fc\u015f\u00fcld\u00fc. \u0130skele Belediye Ba\u015fkan\u0131 Hasan Sad\u0131ko\u011flu, Mamak Belediye Ba\u015fkan\u0131 Murat K\u00f6se ve heyetine, TC Ekonomik Kalk\u0131nma ve \u0130\u015fbirli\u011fi Ofisi ile \u0130skele Belediyesi\u2019nin \u00f6z kaynaklar\u0131yla yap\u0131lan \u0130skele Belediyesi K\u00fclt\u00fcr Evi\u2019ni de gezdirdi.<\/p>\n<p>&nbsp;<\/p>\n<p><strong>SADIKO\u011eLU: \u201cKALICI VE ADINDAN S\u00d6Z ETT\u0130RECEK PROJELER YAPMAK \u0130ST\u0130YORSAK ALTINDA T\u00dcRK\u0130YE\u2019N\u0130N \u0130MZASI OLMASI GEREK\u0130R\u201d<\/strong><\/p>\n<p>Karde\u015f \u015eehir Mamak\u2019\u0131 \u0130skele\u2019de a\u011f\u0131rlamaktan duydu\u011fu mutlulu\u011fu dile getirerek konu\u015fmas\u0131na ba\u015flayan \u0130skele Belediye Ba\u015fkan\u0131 Hasan Sad\u0131ko\u011flu, \u0130skele ve \u0130skele\u2019nin konumu hakk\u0131nda bilgi verdi. \u0130skele b\u00f6lgesinin KKTC\u2019de en h\u0131zl\u0131 geli\u015fen b\u00f6lge oldu\u011funu s\u00f6yleyen Ba\u015fkan Sad\u0131ko\u011flu, bu geli\u015fimle birlikte ya\u015fad\u0131klar\u0131 en b\u00fcy\u00fck s\u0131k\u0131nt\u0131n\u0131n ise altyap\u0131 oldu\u011funu ifade etti. \u2018Bizim burada en b\u00fcy\u00fck kayna\u011f\u0131m\u0131z bir \u015fehre kal\u0131c\u0131 ve ad\u0131ndan s\u00f6z ettirecek projeler yapmak istiyorsak alt\u0131nda Anavatan T\u00fcrkiye\u2019mizin imzas\u0131 olmas\u0131 gerekir\u2019 diyen \u0130skele Belediye Ba\u015fkan\u0131, aksi takdirde kendi g\u00fc\u00e7leriyle yapacaklar\u0131 \u015feylerin belli oldu\u011funu ifade etti.<\/p>\n<p>T\u00fcrkiye\u2019nin KKTC\u2019ye bak\u0131\u015f a\u00e7\u0131s\u0131n\u0131n belli oldu\u011funu da vurgulayan Ba\u015fkan Sad\u0131ko\u011flu, yat\u0131r\u0131mlar\u0131n devaml\u0131l\u0131\u011f\u0131na dikkat \u00e7ekti ve 20 Temmuz\u2019da yol a\u00e7\u0131l\u0131\u015flar\u0131n\u0131n da olaca\u011f\u0131n\u0131 hat\u0131rlatt\u0131.<\/p>\n<p>\u0130skele Belediyesi\u2019nin Mamak d\u0131\u015f\u0131ndaki di\u011fer karde\u015f belediyeleri (\u0130stanbul B\u00fcy\u00fck\u00e7ekmece, Beykoz ve Pendik, K\u00fctahya, Samsun, Antalya Finike ve Trabzon Ortahisar) hakk\u0131nda da bilgi veren Ba\u015fkan Sad\u0131ko\u011flu, karde\u015fli\u011fin, kendileri i\u00e7in \u00e7ok \u00f6nemli oldu\u011funu, bir ekme\u011fi bile b\u00f6l\u00fc\u015fmeyi bilen bir toplum olduklar\u0131n\u0131n alt\u0131n\u0131 \u00e7izdi.<\/p>\n<p>&nbsp;<\/p>\n<p><strong>K\u00d6SE: \u00a0\u201cESERLERLE, H\u0130ZMETLERLE KONU\u015eULMAK \u0130ST\u0130YORUZ\u201d<\/strong><\/p>\n<p>Karde\u015flik hukuku gere\u011fi bir ad\u0131m daha yakla\u015fmak, birbirlerini daha yak\u0131ndan tan\u0131mak i\u00e7in karde\u015f \u015fehir \u0130skele Belediyesi\u2019ni ziyaret etme karar\u0131 ald\u0131klar\u0131n\u0131 ifade eden Mamak Belediye Ba\u015fkan\u0131 Murat K\u00f6se de konu\u015fmas\u0131nda Mamak \u0130l\u00e7esi hakk\u0131nda bilgiler verdi. Mamak\u2019\u0131n s\u00fcrekli olarak geli\u015fen ve de\u011fi\u015fen bir il\u00e7e oldu\u011funu s\u00f6yleyen K\u00f6se, Ankara\u2019n\u0131n 4. b\u00fcy\u00fck il\u00e7esi olduklar\u0131n\u0131n alt\u0131n\u0131 \u00e7izdi. Hizmet vermek, var olanlar\u0131n \u00fczerine katmak i\u00e7in g\u00f6revde olduklar\u0131n\u0131 da belirten Murat K\u00f6se, eserlerle, hizmetlerle konu\u015fulmak istediklerini s\u00f6yledi.<\/p>\n<p>\u0130skele Belediyesi\u2019ni, Mamak Belediyesi\u2019nin d\u00fczenledi\u011fi her t\u00fcrl\u00fc etkinlikte g\u00f6rmekten mutluluk duyacaklar\u0131n\u0131 ifade eden K\u00f6se, ili\u015fkilerin peki\u015ftirilmesini temenni etti.<\/p>\n<p><strong>\u00a0<\/strong><\/p>\n<p><strong>KAD\u0130RA\u011eA, \u0130SKELE FEST\u0130VAL\u0130 HAKKINDA B\u0130LG\u0130 VERD\u0130<\/strong><\/p>\n<p>Mamak Belediye Ba\u015fkan\u0131 Murat K\u00f6se ve heyetini kabul eden \u0130skele Belediye Ba\u015fkan\u0131 Hasan Sad\u0131ko\u011flu\u2019na e\u015flik eden \u0130skele Belediyesi K\u00fclt\u00fcr&amp; Sanat ve Di\u015f \u0130li\u015fkiler Dan\u0131\u015fman\u0131 \u00d6zlem Kadira\u011fa da festivaller festivali olarak adland\u0131r\u0131lan Geleneksel \u0130skele Festivali Hakk\u0131nda bilgi verdi. Festivallerine karde\u015f belediyelerden de katk\u0131 oldu\u011funu hat\u0131rlatan Kadira\u011fa, gelecek y\u0131llarda Mamak\u2019tan da sanat\u00e7\u0131lar\u0131 a\u011f\u0131rlamaktan memnuniyet duyacaklar\u0131n\u0131 ifade etti.<\/p>\n<p><strong>\u00a0<\/strong><\/p>\n<p><strong>\u0130SKELE VE MAMAK BELED\u0130YELER\u0130, AK\u015eAM YEME\u011e\u0130NDE B\u0130R ARAYA GELD\u0130 <\/strong><\/p>\n<p>Karde\u015f \u015fehri Mamak Belediye Ba\u015fkan\u0131 Murat K\u00f6se ve heyetini makam\u0131nda a\u011f\u0131rlayan \u0130skele Belediye Ba\u015fkan\u0131 Hasan Sad\u0131ko\u011flu, g\u00f6r\u00fc\u015fmenin ard\u0131ndan ise TC Ekonomik Kalk\u0131nma ve \u0130\u015fbirli\u011fi Ofisi ile \u0130skele Belediyesi\u2019nin \u00f6z kaynaklar\u0131yla yap\u0131lan, K\u0131br\u0131s K\u00fclt\u00fcr\u00fcne \u0131\u015f\u0131k tutan \u0130skele Belediyesi K\u00fclt\u00fcr Evi\u2019ni gezdirdi, bilgi verdi.\u00a0 \u0130skele Belediyesi ile Mamak Belediyeleri daha sonra ak\u015fam yeme\u011finde bir araya geldiler.<\/p>\n<p>Mamak Belediye Ba\u015fkan\u0131 ve heyetini a\u011f\u0131rlayan \u0130skele Belediye Ba\u015fkan\u0131 Hasan Sad\u0131ko\u011flu\u2019na g\u00f6r\u00fc\u015fmeler s\u0131ras\u0131nda Meclis \u00dcyeleri \u0130ldeniz Elbasan, Eray G\u00f6ksan, \u0130smail Y.Osum, \u00c7a\u011flar Karada\u011f, Sefa Kurukafa ve \u0130smail Osum e\u015flik etti.<\/p>\n<p>&nbsp;<\/p>\n","protected":false},"excerpt":{"rendered":"<p>\u0130SKELE BELED\u0130YES\u0130 \u0130LE MAMAK BELED\u0130YES\u0130\u2019N\u0130N KARDE\u015eL\u0130\u011e\u0130 G\u00dc\u00c7LEN\u0130YOR MAMAK BELED\u0130YE BA\u015eKANI [&hellip;]<\/p>\n","protected":false},"author":10,"featured_media":11790,"comment_status":"open","ping_status":"closed","sticky":false,"template":"","format":"standard","meta":{"footnotes":""},"categories":[9],"tags":[],"class_list":["post-11789","post","type-post","status-publish","format-standard","has-post-thumbnail","hentry","category-uyelerimizin-haberleri"],"_links":{"self":[{"href":"https:\/\/ktbb.org\/v1\/wp-json\/wp\/v2\/posts\/11789","targetHints":{"allow":["GET"]}}],"collection":[{"href":"https:\/\/ktbb.org\/v1\/wp-json\/wp\/v2\/posts"}],"about":[{"href":"https:\/\/ktbb.org\/v1\/wp-json\/wp\/v2\/types\/post"}],"author":[{"embeddable":true,"href":"https:\/\/ktbb.org\/v1\/wp-json\/wp\/v2\/users\/10"}],"replies":[{"embeddable":true,"href":"https:\/\/ktbb.org\/v1\/wp-json\/wp\/v2\/comments?post=11789"}],"version-history":[{"count":1,"href":"https:\/\/ktbb.org\/v1\/wp-json\/wp\/v2\/posts\/11789\/revisions"}],"predecessor-version":[{"id":11791,"href":"https:\/\/ktbb.org\/v1\/wp-json\/wp\/v2\/posts\/11789\/revisions\/11791"}],"wp:featuredmedia":[{"embeddable":true,"href":"https:\/\/ktbb.org\/v1\/wp-json\/wp\/v2\/media\/11790"}],"wp:attachment":[{"href":"https:\/\/ktbb.org\/v1\/wp-json\/wp\/v2\/media?parent=11789"}],"wp:term":[{"taxonomy":"category","embeddable":true,"href":"https:\/\/ktbb.org\/v1\/wp-json\/wp\/v2\/categories?post=11789"},{"taxonomy":"post_tag","embeddable":true,"href":"https:\/\/ktbb.org\/v1\/wp-json\/wp\/v2\/tags?post=11789"}],"curies":[{"name":"wp","href":"https:\/\/api.w.org\/{rel}","templated":true}]}}