{"id":11798,"date":"2021-06-23T10:53:25","date_gmt":"2021-06-23T10:53:25","guid":{"rendered":"http:\/\/ktbb.org\/v1\/?p=11798"},"modified":"2021-06-23T10:53:25","modified_gmt":"2021-06-23T10:53:25","slug":"sadikoglu-sos-heyetini-kabul-etti","status":"publish","type":"post","link":"https:\/\/ktbb.org\/v1\/sadikoglu-sos-heyetini-kabul-etti\/","title":{"rendered":"Sad\u0131ko\u011flu, SOS heyetini kabul etti"},"content":{"rendered":"<p>73.000\u2019den fazla \u00e7ocuk ve gence ev sahipli\u011fi yapan,\u00a0 31 \u00fclkedeki toplam 491 SOS \u00c7ocukk\u00f6y\u00fc, Uluslararas\u0131 SOS G\u00fcn\u00fc\u2019n\u00fc kutluyor. 23 Haziran\u2019da her y\u0131l d\u00fcnyan\u0131n d\u00f6rt bir yan\u0131nda kutlanan SOS G\u00fcn\u00fc, \u00fclkemizde de bir dizi etkinliklerle kutlan\u0131yor.\u00a0 SOS \u00c7ocukk\u00f6y\u00fc Derne\u011fi Program M\u00fcd\u00fcr\u00fc Ahmet Akarsu, bu y\u0131l d\u00fczenleyecekleri etkinlikler hakk\u0131nda bilgi vermek amac\u0131yla \u0130skele Belediye Ba\u015fkan\u0131 Hasan Sad\u0131ko\u011flu\u2019nu ziyaret ettiler. SOS \u00c7ocukk\u00f6y\u00fc Derne\u011fi Program M\u00fcd\u00fcr\u00fc Ahmet Akarsu, kutlamalar kapsam\u0131nda \u0130skele\u2019de etkinlik d\u00fczenlemek istediklerini ifade ederek \u0130skele Belediye Ba\u015fkan\u0131 Hasan Sad\u0131ko\u011flu\u2019ndan destek talebinde bulundu. Ba\u015fkan Hasan Sad\u0131ko\u011flu da aileleriyle ya\u015famalar\u0131 m\u00fcmk\u00fcn olamayan \u00e7ocuklara aile odakl\u0131 bak\u0131m veren ve \u00e7ocuklar i\u00e7in \u00e7al\u0131\u015fmalar y\u00fcr\u00fcten SOS \u00c7ocukk\u00f6y\u00fc\u2019n\u00fc kutlad\u0131 ve organizasyonun bir par\u00e7as\u0131 olmaktan gurur duyacaklar\u0131n\u0131 ifade ederek, \u0130skele Belediyesi olarak ellerinden gelen deste\u011fi vereceklerini ifade etti.<\/p>\n<p>&nbsp;<\/p>\n<p><strong>SOS \u00c7OCUK K\u00d6Y\u00dc\u2019NDEN B\u0130R HEYET BA\u015eKAN SADIKO\u011eLU\u2019NU Z\u0130YARET ETT\u0130<\/strong><\/p>\n<p>SOS \u00c7ocuk K\u00f6y\u00fc Derne\u011fi Program M\u00fcd\u00fcr\u00fc Ahmet Akarsu beraberindeki Program M\u00fcd\u00fcr Yard\u0131mc\u0131s\u0131 M\u00fcn\u00fcr Y\u00fccekal ile Kaynak Geli\u015ftirme M\u00fcd\u00fcr\u00fc Cemil Haf\u0131z ile birlikte \u0130skele Belediye Ba\u015fkan\u0131 Hasan Sad\u0131ko\u011flu\u2019nu ziyaret ettiler. SOS \u00c7ocukk\u00f6yleri&#8217;nin kurucusu Hermann Gmeiner&#8217;in do\u011fum g\u00fcn\u00fcn\u00fc anmak i\u00e7in her y\u0131l 23 Haziran&#8217;da d\u00fcnyan\u0131n d\u00f6rt bir yan\u0131nda oldu\u011fu gibi KKTC\u2019de de bir dizi etkinlikler d\u00fczenlendi\u011fini ifade eden SOS \u00c7ocuk K\u00f6y\u00fc Derne\u011fi Program M\u00fcd\u00fcr\u00fc Ahmet Akarsu, bu y\u0131lki etkinlikleri \u0130skele\u2019ye ta\u015f\u0131ma arzusunda olduklar\u0131n\u0131 ifade etti. Akarsu, \u0130skele\u2019de d\u00fczenleyecekleri etkinlik hakk\u0131nda Ba\u015fkan Sad\u0131ko\u011flu\u2019na bilgi verdi, destek talebinde bulundu.<\/p>\n<p>&nbsp;<\/p>\n<p><strong>SADIKO\u011eLU: \u201cORGAN\u0130ZASYONUN B\u0130R PAR\u00c7ASI OLMAKTAN ONUR DUYARIZ\u201d<\/strong><\/p>\n<p>SOS \u00c7ocukk\u00f6yleri\u2019nin 72. ya\u015f\u0131n\u0131 kutlayarak konu\u015fmas\u0131na ba\u015flayan \u0130skele Belediye Ba\u015fkan\u0131 Hasan Sad\u0131ko\u011flu da aileleri ile ya\u015fayamayan \u00e7ocuklara bak\u0131m veren ve \u00e7ocuklar i\u00e7in \u00e7al\u0131\u015fmalar y\u00fcr\u00fcten SOS \u00c7ocukk\u00f6y\u00fc Derne\u011fi\u2019ni,\u00a0 SOS \u00c7ocuk K\u00f6y\u00fc Derne\u011fi Program M\u00fcd\u00fcr\u00fc Ahmet Akarsu nezdinde tebrik etti. Bu y\u0131lki etkinlikleri \u0130skele\u2019de d\u00fczenleme karar\u0131 ald\u0131klar\u0131 i\u00e7in ayr\u0131ca mutlu oldu\u011funu ifade eden Ba\u015fkan Sad\u0131ko\u011flu, b\u00f6ylesi anlaml\u0131 bir organizasyona ev sahipli\u011fi yapacak olmaktan gurur duyacaklar\u0131n\u0131 s\u00f6yledi. \u0130skele\u2019de talep edilen noktan\u0131n organizasyon i\u00e7in haz\u0131r olaca\u011f\u0131n\u0131 belirten Ba\u015fkan Sad\u0131ko\u011flu, \u00e7ocuklar\u0131n ve gen\u00e7lerin keyifli bir g\u00fcn ge\u00e7irmeleri i\u00e7in ellerinden geleni yapacaklar\u0131n\u0131 da s\u00f6zlerine ekledi.<\/p>\n<p>&nbsp;<\/p>\n<p><strong>KEY\u0130FL\u0130 B\u0130R G\u00dcN GE\u00c7\u0130RECEKLER<\/strong><\/p>\n<p>SOS \u00c7ocukk\u00f6y\u00fc\u2019nde ve Gen\u00e7lik Evi\u2019nde ya\u015fayan ve kuruma ba\u011fl\u0131 olarak bak\u0131m ve destek g\u00f6ren 82 \u00e7ocuk ve gencin yan\u0131 s\u0131ra anneleri, teyzeleri, dan\u0131\u015fmanlar\u0131, e\u011fitmenleri ve \u00e7al\u0131\u015fanlar yakla\u015f\u0131k 120 ki\u015fi \u0130skele\u2019de, \u0130skele Belediyesi Halk Plaj\u0131\u2019nda bir araya gelerek keyifli bir g\u00fcn ge\u00e7irecekler. Amerika\u2019da 22, Afrika\u2019da 47, Avrupa\u2019da 35, Asya ve Okyanusya\u2019da 31 \u00fclkede bulunan 491 SOS \u00c7ocukk\u00f6y\u00fc\u2019nde 73.000\u2019den fazla \u00e7ocuk ve gen\u00e7 ya\u015f\u0131yor.<\/p>\n","protected":false},"excerpt":{"rendered":"<p>73.000\u2019den fazla \u00e7ocuk ve gence ev sahipli\u011fi yapan,\u00a0 31 \u00fclkedeki [&hellip;]<\/p>\n","protected":false},"author":10,"featured_media":11799,"comment_status":"open","ping_status":"closed","sticky":false,"template":"","format":"standard","meta":{"footnotes":""},"categories":[9],"tags":[],"class_list":["post-11798","post","type-post","status-publish","format-standard","has-post-thumbnail","hentry","category-uyelerimizin-haberleri"],"_links":{"self":[{"href":"https:\/\/ktbb.org\/v1\/wp-json\/wp\/v2\/posts\/11798","targetHints":{"allow":["GET"]}}],"collection":[{"href":"https:\/\/ktbb.org\/v1\/wp-json\/wp\/v2\/posts"}],"about":[{"href":"https:\/\/ktbb.org\/v1\/wp-json\/wp\/v2\/types\/post"}],"author":[{"embeddable":true,"href":"https:\/\/ktbb.org\/v1\/wp-json\/wp\/v2\/users\/10"}],"replies":[{"embeddable":true,"href":"https:\/\/ktbb.org\/v1\/wp-json\/wp\/v2\/comments?post=11798"}],"version-history":[{"count":1,"href":"https:\/\/ktbb.org\/v1\/wp-json\/wp\/v2\/posts\/11798\/revisions"}],"predecessor-version":[{"id":11800,"href":"https:\/\/ktbb.org\/v1\/wp-json\/wp\/v2\/posts\/11798\/revisions\/11800"}],"wp:featuredmedia":[{"embeddable":true,"href":"https:\/\/ktbb.org\/v1\/wp-json\/wp\/v2\/media\/11799"}],"wp:attachment":[{"href":"https:\/\/ktbb.org\/v1\/wp-json\/wp\/v2\/media?parent=11798"}],"wp:term":[{"taxonomy":"category","embeddable":true,"href":"https:\/\/ktbb.org\/v1\/wp-json\/wp\/v2\/categories?post=11798"},{"taxonomy":"post_tag","embeddable":true,"href":"https:\/\/ktbb.org\/v1\/wp-json\/wp\/v2\/tags?post=11798"}],"curies":[{"name":"wp","href":"https:\/\/api.w.org\/{rel}","templated":true}]}}