{"id":11826,"date":"2021-06-30T05:55:21","date_gmt":"2021-06-30T05:55:21","guid":{"rendered":"http:\/\/ktbb.org\/v1\/?p=11826"},"modified":"2021-07-02T06:15:20","modified_gmt":"2021-07-02T06:15:20","slug":"girne-belediyesinin-genclik-platformu-kamuoyuna-tanitildi","status":"publish","type":"post","link":"https:\/\/ktbb.org\/v1\/girne-belediyesinin-genclik-platformu-kamuoyuna-tanitildi\/","title":{"rendered":"Girne Belediyesi\u2019nin\u00a0Gen\u00e7lik Platformu, kamuoyuna tan\u0131t\u0131ld\u0131"},"content":{"rendered":"<p>Girne Belediyesi\u2019nin\u00a0 \u201cGen\u00e7 D\u00fc\u015f\u00fcn Ya\u015fama \u0130vme Kat\u201d slogan\u0131yla, kent ve \u00fclke genelindeki 15-21 ya\u015f aras\u0131 gen\u00e7lerden olu\u015facak ve 19 May\u0131s Atat\u00fcrk\u2019\u00fc Anma Gen\u00e7lik ve Spor Bayram\u0131nda, kurulu\u015funu a\u00e7\u0131klad\u0131\u011f\u0131 Gen\u00e7lik Platformu, bug\u00fcn Girne Belediyesi Yeni Hizmet Binas\u0131nda d\u00fczenlenen bir bas\u0131n toplant\u0131s\u0131yla kamuoyuna tan\u0131t\u0131ld\u0131.<\/p>\n<p>&nbsp;<\/p>\n<p>Girne Belediye Ba\u015fkan\u0131 Nidai G\u00fcng\u00f6rd\u00fc, Belediye Meclis \u00dcyeleri,\u00a0 M\u00fcd\u00fcr Muavini Naile Soyel, Sosyal \u0130\u015fler \u015eube Amiri Misli Kad\u0131o\u011flu ve Gen\u00e7lik Platformu temsilcisi gen\u00e7lerin kat\u0131ld\u0131\u011f\u0131 bas\u0131n toplant\u0131s\u0131nda, Girne Belediyesi Gen\u00e7lik Platformunun hedefi, \u00e7al\u0131\u015fmalar\u0131 ve Gen\u00e7lik Platformu Manifestosu hakk\u0131nda da bilgi verilirken, Temmuz \u2013A\u011fustos aylar\u0131nda yo\u011fun bir programla ba\u015flayacak Girne Belediyesi Yaz Tatili \u00c7ocuk ve Gen\u00e7lik At\u00f6lyeleri program\u0131 da bas\u0131na aktar\u0131ld\u0131.<\/p>\n<p>&nbsp;<\/p>\n<p>Gen\u00e7lik Platformuyla, gen\u00e7lerin,\u00a0 geleceklerini in\u015fa ederken, sivil toplum \u00e7al\u0131\u015fmalar\u0131, online ve y\u00fcz y\u00fcze e\u011fitimler, fikir toplant\u0131lar\u0131, at\u00f6lyeler gezilere kat\u0131larak,\u00a0 gen\u00e7 dinamik bir kent vizyonuyla kent ya\u015fam\u0131na ivme kazand\u0131rmalar\u0131\u00a0 ama\u00e7lan\u0131rken ayr\u0131ca\u00a0 yeni d\u00fcnyan\u0131n gen\u00e7\u00a0 vizyonla\u00a0 \u015fekillenece\u011fi inanc\u0131yla, \u00fcye ve g\u00f6n\u00fcll\u00fclerin\u00a0 geli\u015fimi i\u00e7in insan hak ve \u00f6zg\u00fcrl\u00fckleri, \u00e7evre, k\u00fclt\u00fcr, sanat, e\u011fitim, bili\u015fim \u2013teknoloji, spor ve gen\u00e7lik\u00a0 politikalar\u0131 gibi\u00a0\u00a0 konularda programlar\u0131 hayata ge\u00e7irerek, gelece\u011fe haz\u0131rlanmalar\u0131 hedefleniyor.<\/p>\n<p>&nbsp;<\/p>\n<p>Girne Belediye Ba\u015fkan\u0131 Nidai G\u00fcng\u00f6rd\u00fc, Belediye olarak, \u00c7ocuk Meclisinin ard\u0131ndan Gen\u00e7lik Platformunu hayata ge\u00e7irmenin mutlulu\u011funu ya\u015fad\u0131klar\u0131n\u0131 belirterek, bu g\u00fcn\u00fcn \u00e7ocuklar\u0131n\u0131n yar\u0131n\u0131n b\u00fcy\u00fckleri, bu g\u00fcn\u00fcn gen\u00e7lerinin ise k\u0131sa bir s\u00fcre sonra \u00fclke y\u00f6netimini devralacak yeti\u015fkinleri oldu\u011funa vurgu yapt\u0131.<\/p>\n<p>&nbsp;<\/p>\n<p>Yar\u0131n\u0131n karar vericileri, kent ve \u00fclke y\u00f6netimini devralacak gen\u00e7lerin, gelece\u011fe en iyi \u015fekilde haz\u0131rlanmas\u0131na b\u00fcy\u00fck \u00f6nem verdiklerini vurgulayan G\u00fcng\u00f6rd\u00fc, bu platformla ama\u00e7lar\u0131n\u0131n gen\u00e7leri iyi ko\u015fullarda, Atat\u00fcrk ilkeleri \u0131\u015f\u0131\u011f\u0131nda, sosyal,\u00a0 bilime inanan,\u00a0 ho\u015fg\u00f6r\u00fc,\u00a0 sevgi sahibi ve bar\u0131\u015f k\u00fclt\u00fcr\u00fcyle gelece\u011fe haz\u0131rlamak oldu\u011funu kaydetti.<\/p>\n<p>&nbsp;<\/p>\n<p>Girne Belediyesi\u2019nin \u00e7ocuklara ve gen\u00e7lere b\u00fcy\u00fck \u00f6nem verdi\u011fini dile getiren G\u00fcng\u00f6rd\u00fc, \u00c7ocuk meclisi ve gen\u00e7lik platformunun \u00e7ok g\u00fczel projelere imza ataca\u011f\u0131na inan\u00e7 belirtti.<\/p>\n<p>Girne Belediyesi Gen\u00e7lik Platformu, gelece\u011fe giden yolda gen\u00e7lere s\u00f6z sahibi olma \u015fans\u0131 sunulaca\u011f\u0131n\u0131 dile getiren G\u00fcng\u00f6rd\u00fc platformun hayata ge\u00e7mesine katk\u0131 koyan herkese te\u015fekk\u00fcrlerini sundu ve belediye b\u00fcnyesinde ortak ak\u0131la inanan gen\u00e7lerle birlikte hayata ge\u00e7ecek projelerle g\u00fczel i\u015flere imza at\u0131laca\u011f\u0131na inan\u00e7 belirtti.<\/p>\n<p>&nbsp;<\/p>\n<p>Girne Belediyesi Sosyal \u0130\u015fler \u015eube Amiri Misli Kad\u0131o\u011flu, Pandemi \u00f6ncesinde Gen\u00e7lik Kurultay\u0131 yapma d\u00fc\u015f\u00fcncesinin ard\u0131ndan, Girne Belediyesi Gen\u00e7lik Platformunu olu\u015fturduklar\u0131n\u0131 belirterek, pandemi nedeniyle okuldan, sosyal ya\u015famdan uzak kalan gen\u00e7leri, pandemiye uygun ko\u015fularda bir araya getirmeyi hedeflediklerini anlatt\u0131.<\/p>\n<p>&nbsp;<\/p>\n<p>Ama\u00e7lar\u0131n\u0131n , gen\u00e7lerin \u00e7evre, e\u011fitim, sanatsal k\u00fclt\u00fcrel sportif\u00a0 alanlarda\u00a0 s\u00fcrd\u00fcr\u00fclebilir projeler \u00fcreten, aktif, kat\u0131l\u0131mc\u0131, \u00fcreten, \u00f6zg\u00fcvenli\u00a0 ya\u015fad\u0131klar\u0131\u00a0 kent ve \u00fclkeye aidiyet duygusu hisseden\u00a0 bireyler\u00a0 olmalar\u0131na kakt\u0131 sa\u011flamak oldu\u011funu\u00a0 kaydeden Kad\u0131o\u011flu, platformun, Gen\u00e7lik Dairesi, Ba\u015fbakanl\u0131k Uyu\u015fturucuyla M\u00fccadele Komisyonu, Girne Gen\u00e7lik Geli\u015fim Merkezi , Gen\u00e7 Bili\u015fimciler ve \u0130novasyon Derne\u011fi, K\u0131br\u0131s T\u00fcrk Gen\u00e7lik Kongresi, Ya\u015fama Sporla Ba\u011flan Derne\u011fi, Akdeniz Spor Birli\u011fi, Take Action, di\u011fer belediye ve kurum kurulu\u015flar\u0131n deste\u011fiyle faaliyetlerini s\u00fcrd\u00fcrece\u011fini s\u00f6yledi.<\/p>\n<p>&nbsp;<\/p>\n<p>Gen\u00e7lik Platformunda, gen\u00e7lere birey olarak var olduklar\u0131, sayg\u0131 g\u00f6rd\u00fckleri ortam sa\u011flanaca\u011f\u0131n\u0131 ifade eden Kad\u0131o\u011flu,\u00a0 gen\u00e7lere, hayat\u0131n i\u00e7ine kat\u0131larak, payla\u015farak \u00f6\u011frenmelerine,\u00a0 \u00f6zg\u00fcven geli\u015fimine, yeni fikirler edinmelerine, yeni dostlar kazanmalar\u0131na, ya\u015fad\u0131klar\u0131 \u015fehir, ortam ve k\u00fclt\u00fcr\u00fcn\u00fc daha iyi tan\u0131malar\u0131na, katk\u0131 sa\u011flamay\u0131 da ama\u00e7lad\u0131klar\u0131n\u0131 s\u00f6yledi.<\/p>\n<p>&nbsp;<\/p>\n<p>Misli Kad\u0131o\u011flu, daha sonra Girne Belediyesi Gen\u00e7lik Platformunun manifestosunu okudu.<\/p>\n<p>Girne Belediyesi Gen\u00e7lik Platformu Temsilcisi Hazal Say \u00d6t\u00fcn de, gen\u00e7lere sayg\u0131 g\u00f6steren,\u00a0 gen\u00e7lerin sesine kulak vererek, kendi fikirlerini ortaya koyacaklar\u0131 b\u00f6yle \u00f6nemli bir f\u0131rsat yaratan Girne Belediye Ba\u015fkan\u0131 Nidai G\u00fcng\u00f6rd\u00fc ve belediye yetkililerine te\u015fekk\u00fcrlerini sunarak, di\u011fer sivil toplum \u00f6rg\u00fctleri ve \u00c7ocuk Meclisi i\u015fbirli\u011finde \u00e7ok g\u00fczel projelere imza atacaklar\u0131n\u0131 belirtti.<\/p>\n<p>Girne Belediyesi Gen\u00e7lik Platformu Temsilcisi \u00d6zer Karanfiller de, gen\u00e7lerin fikirleri ve seslerini duyurmalar\u0131n\u0131 sa\u011flayacak b\u00f6yle bir platform yaratan Girne Belediyesine te\u015fekk\u00fcrlerini sunarak, gen\u00e7lik platformunun yaz d\u00f6neminde hayata ge\u00e7irece\u011fi aktiviteler hakk\u0131nda bilgi sundu.<\/p>\n<p>&nbsp;<\/p>\n<p><strong>Girne Belediyesinin, Temmuz ve A\u011fustos ay\u0131 boyunca devam edecek \u00c7ocuk ve Gen\u00e7lik At\u00f6lyeleri Program\u0131 hakk\u0131nda da bilgi verildi.<\/strong><\/p>\n<p><strong>\u00a0<\/strong><\/p>\n<p>Girne Belediyesi \u00c7ocuk ve Gen\u00e7lik At\u00f6lyeleri program\u0131 1 -2 Temmuz\u2019da Kervansaray Halk Plaj\u0131nda, plaj oyunlar\u0131 etkinli\u011fiyle ba\u015flayacak.<\/p>\n<p>Temmuz ve A\u011fustos aylar\u0131 boyunca, \u00e7ocuklara ve gen\u00e7lere resim at\u00f6lyeleri,\u00a0 piknik,\u00a0 yoga, ok\u00e7uluk, tak\u0131 yap\u0131m\u0131, ta\u015f ve saks\u0131 boyama,\u00a0 mandala,\u00a0 yelken kursu, g\u00f6lge oyunu, dans,\u00a0\u00a0 sokak basketbolu konular\u0131nda aktiviteler, \u00a0do\u011fa y\u00fcr\u00fcy\u00fc\u015fleri, kermesler ve \u00e7ad\u0131r kamplar\u0131 d\u00fczenlenecek.<\/p>\n<p>&nbsp;<\/p>\n<p>&nbsp;<\/p>\n<p><strong>ETK\u0130NL\u0130K TAKV\u0130M\u0130<\/strong><\/p>\n<p>&nbsp;<\/p>\n<p>Plaj Oyunlar\u0131<\/p>\n<p>Tarih:1 Temmuz 2021 Per\u015fembe-2 Temmuz 2021 Cuma<\/p>\n<p>Saat:10.00-12.00<\/p>\n<p>Yer: Kervansaray Halk Plaj\u0131<\/p>\n<p>Ya\u015f: 6-12<\/p>\n<p>&nbsp;<\/p>\n<p>Plajda Resim At\u00f6lyesi<\/p>\n<p>Tarih: 6 Temmuz 2021 Sal\u0131<\/p>\n<p>Saat:10.00-12.00<\/p>\n<p>Yer: Antis Halk Plaj\u0131<\/p>\n<p>Ya\u015f: 6-12<\/p>\n<p>&nbsp;<\/p>\n<p>Piknik<\/p>\n<p>Tarih: 8 Temmuz 2021 Per\u015fembe<\/p>\n<p>Saat: 08.30-14.00<\/p>\n<p>Yer: Alev kayas\u0131<\/p>\n<p>Ya\u015f: 6-12<\/p>\n<p>&nbsp;<\/p>\n<p>\u00c7ocuk Yogas\u0131<\/p>\n<p>Tarih: 13 Temmuz 2021 Sal\u0131<\/p>\n<p>Saat: 10.00-12.00<\/p>\n<p>Yer: Kervansaray Halk Plaj\u0131<\/p>\n<p>Ya\u015f: 6-12<\/p>\n<p>&nbsp;<\/p>\n<p>Tak\u0131 At\u00f6lyesi<\/p>\n<p>Tarih: 15 Temmuz 2021 Per\u015fembe Saat: 10.00-12.00<\/p>\n<p>Yer: Sosyal Ya\u015fam Merkezi<\/p>\n<p>Ya\u015f: 8-15<\/p>\n<p>&nbsp;<\/p>\n<p>Kalede Ok\u00e7uluk (Akdeniz Spor Birli\u011fi \u0130\u015fbirli\u011finde)<\/p>\n<p>Tarih: 17 Temmuz 2021<\/p>\n<p>Saat: 10.00-14.00<\/p>\n<p>Yer: Girne Kalesi<\/p>\n<p>Ya\u015f: 7-18<\/p>\n<p>&nbsp;<\/p>\n<p>Yelken At\u00f6lyesi (Camp Cyprus i\u015fbirli\u011finde)<\/p>\n<p>Tarih: 27 Temmuz 2021<\/p>\n<p>Saat: 14.00-16.00<\/p>\n<p>Yer: Less Ambasadeur Girne Marina<\/p>\n<p>Ya\u015f: 8-15<\/p>\n<p>&nbsp;<\/p>\n<p>Mandala At\u00f6lyesi<\/p>\n<p>Tarih: 29 Temmuz 2021 Per\u015fembe Saat: 10.00-12.00<\/p>\n<p>Yer: Sosyal Ya\u015fam Merkezi<\/p>\n<p>Ya\u015f: 8-15<\/p>\n<p>&nbsp;<\/p>\n<p>&nbsp;<\/p>\n<p>&nbsp;<\/p>\n<p>Ta\u015f Boyama At\u00f6lyesi<\/p>\n<p>Tarih: 3 A\u011fustos 2021 Sal\u0131<\/p>\n<p>Saat: 10.00-12.00<\/p>\n<p>Yer: Sosyal Ya\u015fam Merkezi<\/p>\n<p>Ya\u015f: 8-15<\/p>\n<p>&nbsp;<\/p>\n<p>Seramik At\u00f6lyesi<\/p>\n<p>Tarih: 5 A\u011fustos 2021 Sal\u0131<\/p>\n<p>Saat: 10.00-12.00<\/p>\n<p>Yer: Sosyal Ya\u015fam Merkezi<\/p>\n<p>Ya\u015f: 6-12<\/p>\n<p>&nbsp;<\/p>\n<p>Karag\u00f6z-Hacivat G\u00f6lge Oyunu<\/p>\n<p>Tarih: 10 A\u011fustos 2021<\/p>\n<p>Saat: 20.00-22.00<\/p>\n<p>Yer: Ozank\u00f6y Futbol Sahas\u0131<\/p>\n<p>Ya\u015f: 6-12<\/p>\n<p>&nbsp;<\/p>\n<p>Saks\u0131n\u0131 boya-\u00e7i\u00e7e\u011fini ek<\/p>\n<p>Tarih: 12 A\u011fustos 2021<\/p>\n<p>Per\u015fembe<\/p>\n<p>Saat: 10.00-12.00<\/p>\n<p>Yer: Sosyal Ya\u015fam Merkezi<\/p>\n<p>Ya\u015f: 8-15<\/p>\n<p>&nbsp;<\/p>\n<p>Dans At\u00f6lyesi<\/p>\n<p>Tarih: 17 A\u011fustos 2021<\/p>\n<p>Saat: 10.00-12.00<\/p>\n<p>Yer: Girne Belediyesi Sanat Galerisi Ya\u015f: 10-15<\/p>\n<p>&nbsp;<\/p>\n<p>Sokak Basketbolu (Akdeniz Spor Birli\u011fi \u0130\u015fbirli\u011finde)<\/p>\n<p>Tarih: 20-22 A\u011fustos 2021<\/p>\n<p>Saat: 14.00-16.00 Ya\u015f: U-10, U 12, U 14, U 16, U 18<\/p>\n<p>Yer: Girne Belediyesi Tenis Kortlar\u0131<\/p>\n<p>&nbsp;<\/p>\n<p>\u00c7ad\u0131r Kamp\u0131<\/p>\n<p>Tarih: 26-28 A\u011fustos 2021<\/p>\n<p>Saat: 09.00 (Bal d\u00f6ken otopark\u0131nda otob\u00fcse bini\u015f)<\/p>\n<p>Yer: Karaa\u011fa\u00e7<\/p>\n<p>Ya\u015f: 9-15<\/p>\n","protected":false},"excerpt":{"rendered":"<p>Girne Belediyesi\u2019nin\u00a0 \u201cGen\u00e7 D\u00fc\u015f\u00fcn Ya\u015fama \u0130vme Kat\u201d slogan\u0131yla, kent ve [&hellip;]<\/p>\n","protected":false},"author":10,"featured_media":11832,"comment_status":"open","ping_status":"closed","sticky":false,"template":"","format":"standard","meta":{"footnotes":""},"categories":[9],"tags":[],"class_list":["post-11826","post","type-post","status-publish","format-standard","has-post-thumbnail","hentry","category-uyelerimizin-haberleri"],"_links":{"self":[{"href":"https:\/\/ktbb.org\/v1\/wp-json\/wp\/v2\/posts\/11826","targetHints":{"allow":["GET"]}}],"collection":[{"href":"https:\/\/ktbb.org\/v1\/wp-json\/wp\/v2\/posts"}],"about":[{"href":"https:\/\/ktbb.org\/v1\/wp-json\/wp\/v2\/types\/post"}],"author":[{"embeddable":true,"href":"https:\/\/ktbb.org\/v1\/wp-json\/wp\/v2\/users\/10"}],"replies":[{"embeddable":true,"href":"https:\/\/ktbb.org\/v1\/wp-json\/wp\/v2\/comments?post=11826"}],"version-history":[{"count":1,"href":"https:\/\/ktbb.org\/v1\/wp-json\/wp\/v2\/posts\/11826\/revisions"}],"predecessor-version":[{"id":11835,"href":"https:\/\/ktbb.org\/v1\/wp-json\/wp\/v2\/posts\/11826\/revisions\/11835"}],"wp:featuredmedia":[{"embeddable":true,"href":"https:\/\/ktbb.org\/v1\/wp-json\/wp\/v2\/media\/11832"}],"wp:attachment":[{"href":"https:\/\/ktbb.org\/v1\/wp-json\/wp\/v2\/media?parent=11826"}],"wp:term":[{"taxonomy":"category","embeddable":true,"href":"https:\/\/ktbb.org\/v1\/wp-json\/wp\/v2\/categories?post=11826"},{"taxonomy":"post_tag","embeddable":true,"href":"https:\/\/ktbb.org\/v1\/wp-json\/wp\/v2\/tags?post=11826"}],"curies":[{"name":"wp","href":"https:\/\/api.w.org\/{rel}","templated":true}]}}