{"id":11830,"date":"2021-06-30T05:58:07","date_gmt":"2021-06-30T05:58:07","guid":{"rendered":"http:\/\/ktbb.org\/v1\/?p=11830"},"modified":"2021-07-02T06:05:23","modified_gmt":"2021-07-02T06:05:23","slug":"yigitler-koyu-muhtari-rasit-ozsaglam-son-yolculuguna-ugurlandi","status":"publish","type":"post","link":"https:\/\/ktbb.org\/v1\/yigitler-koyu-muhtari-rasit-ozsaglam-son-yolculuguna-ugurlandi\/","title":{"rendered":"Yi\u011fitler K\u00f6y\u00fc Muhtar\u0131 Ra\u015fit \u00d6zsa\u011flam, son yolculu\u011funa u\u011furland\u0131"},"content":{"rendered":"<p>B\u00f6lgemizin sevilen insan\u0131, Yi\u011fitler K\u00f6y\u00fc Muhtar\u0131 Ra\u015fit \u00d6zsa\u011flam bug\u00fcn (30.06.2021) son yolculu\u011funa u\u011furland\u0131\u2026<\/p>\n<p>De\u011firmenlik Belediyesi s\u0131n\u0131rlar\u0131 i\u00e7erisinde yer alan Yi\u011fitler k\u00f6y\u00fcnde \u00f6nceki gece meydana gelen feci olay sonucu hayat\u0131n\u0131 kaybeden k\u00f6y muhtar\u0131 Ra\u015fit \u00d6zsa\u011flam, bug\u00fcn Yi\u011fitler\u2019de d\u00fczenlenen askeri t\u00f6ren ile Yi\u011fitler K\u00f6y\u00fc Mezarl\u0131\u011f\u0131\u2019na defnedildi.<\/p>\n<p>\u0130\u00e7inde ya\u015fad\u0131\u011f\u0131 kerpi\u00e7 evin \u00e7\u00f6kmesi sonucunda g\u00f6\u00e7\u00fck alt\u0131nda kalarak hayat\u0131n\u0131 kaybeden Ra\u015fit \u00d6zsa\u011flam\u2019\u0131n vefat\u0131 hem ailesi hem de t\u00fcm b\u00f6lge insan\u0131nda b\u00fcy\u00fck bir \u00fcz\u00fcnt\u00fc yaratt\u0131.<\/p>\n<p>Yi\u011fitler K\u00f6y\u00fc Muhtar\u0131 olan merhum Ra\u015fit \u00d6zsa\u011flam\u2019\u0131n e\u015fi Hacer \u00d6zsa\u011flam ve k\u0131z\u0131 Mesaret \u00d6zsa\u011flam kazadan hafif yaral\u0131 olarak kurtulmu\u015ftu.<\/p>\n<p>Yi\u011fitler k\u00f6y\u00fcn\u00fcn 27 senelik muhtar\u0131 olan Ra\u015fit \u00d6zsa\u011flam 3 \u00e7ocuk babas\u0131yd\u0131.<\/p>\n<p>De\u011firmenlik Belediye Ba\u015fkan\u0131 Ali Karavezirler, belediye meclis \u00fcyeleri ve t\u00fcm personel ad\u0131na merhuma Allah\u2019tan rahmet, t\u00fcm yasl\u0131 ailesine sab\u0131rlar dilerken, ya\u015fanan bu feci olaydan dolay\u0131 \u00e7ok b\u00fcy\u00fck \u00fcz\u00fcnt\u00fc duydu\u011funu ifade etti.<\/p>\n","protected":false},"excerpt":{"rendered":"<p>B\u00f6lgemizin sevilen insan\u0131, Yi\u011fitler K\u00f6y\u00fc Muhtar\u0131 Ra\u015fit \u00d6zsa\u011flam bug\u00fcn (30.06.2021) [&hellip;]<\/p>\n","protected":false},"author":10,"featured_media":11831,"comment_status":"open","ping_status":"closed","sticky":false,"template":"","format":"standard","meta":{"footnotes":""},"categories":[9],"tags":[],"class_list":["post-11830","post","type-post","status-publish","format-standard","has-post-thumbnail","hentry","category-uyelerimizin-haberleri"],"_links":{"self":[{"href":"https:\/\/ktbb.org\/v1\/wp-json\/wp\/v2\/posts\/11830","targetHints":{"allow":["GET"]}}],"collection":[{"href":"https:\/\/ktbb.org\/v1\/wp-json\/wp\/v2\/posts"}],"about":[{"href":"https:\/\/ktbb.org\/v1\/wp-json\/wp\/v2\/types\/post"}],"author":[{"embeddable":true,"href":"https:\/\/ktbb.org\/v1\/wp-json\/wp\/v2\/users\/10"}],"replies":[{"embeddable":true,"href":"https:\/\/ktbb.org\/v1\/wp-json\/wp\/v2\/comments?post=11830"}],"version-history":[{"count":1,"href":"https:\/\/ktbb.org\/v1\/wp-json\/wp\/v2\/posts\/11830\/revisions"}],"predecessor-version":[{"id":11833,"href":"https:\/\/ktbb.org\/v1\/wp-json\/wp\/v2\/posts\/11830\/revisions\/11833"}],"wp:featuredmedia":[{"embeddable":true,"href":"https:\/\/ktbb.org\/v1\/wp-json\/wp\/v2\/media\/11831"}],"wp:attachment":[{"href":"https:\/\/ktbb.org\/v1\/wp-json\/wp\/v2\/media?parent=11830"}],"wp:term":[{"taxonomy":"category","embeddable":true,"href":"https:\/\/ktbb.org\/v1\/wp-json\/wp\/v2\/categories?post=11830"},{"taxonomy":"post_tag","embeddable":true,"href":"https:\/\/ktbb.org\/v1\/wp-json\/wp\/v2\/tags?post=11830"}],"curies":[{"name":"wp","href":"https:\/\/api.w.org\/{rel}","templated":true}]}}