{"id":11834,"date":"2021-06-30T06:05:44","date_gmt":"2021-06-30T06:05:44","guid":{"rendered":"http:\/\/ktbb.org\/v1\/?p=11834"},"modified":"2021-07-02T06:10:31","modified_gmt":"2021-07-02T06:10:31","slug":"iskele-belediye-baskani-sadikoglu-iskele-polis-muduru-karagili-ziyaret-etti","status":"publish","type":"post","link":"https:\/\/ktbb.org\/v1\/iskele-belediye-baskani-sadikoglu-iskele-polis-muduru-karagili-ziyaret-etti\/","title":{"rendered":"\u0130skele Belediye Ba\u015fkan\u0131 Sad\u0131ko\u011flu, \u0130skele Polis M\u00fcd\u00fcr\u00fc Karagil\u2019i ziyaret etti"},"content":{"rendered":"<p>Polis \u00d6rg\u00fct\u00fcn\u00fcn 57. Kurulu\u015f y\u0131ld\u00f6n\u00fcm\u00fc ve Polis G\u00fcn\u00fc, ada genelinde bir dizi etkinliklerle kutlan\u0131yor. Kutlamalar kapsam\u0131nda \u0130skele Belediye Ba\u015fkan\u0131 Hasan Sad\u0131ko\u011flu da \u0130skele Polis M\u00fcd\u00fcr\u00fc G\u00f6kay Karagil\u2019i ziyaret etti.\u00a0 Buradaki konu\u015fmas\u0131nda \u0130skele Belediye Meclisi\u2019nin ald\u0131\u011f\u0131 bir karar\u0131 a\u00e7\u0131klayan Ba\u015fkan Sad\u0131ko\u011flu, bir ay gibi k\u0131sa bir s\u00fcrede yeni bir ara\u00e7 alarak polis te\u015fkilat\u0131na teslim edeceklerini s\u00f6yledi.<\/p>\n<p><strong>\u00a0<\/strong><\/p>\n<p><strong>BA\u015eKAN SADIKO\u011eLU, \u0130SKELE POL\u0130S M\u00dcD\u00dcR\u00dc KARAG\u0130L\u2019\u0130 Z\u0130YARET ETT\u0130<\/strong><\/p>\n<p>\u0130skele Belediye Ba\u015fkan\u0131 Polis \u00d6rg\u00fct\u00fcn\u00fcn 57. Kurulu\u015f y\u0131ld\u00f6n\u00fcm\u00fc ve Polis G\u00fcn\u00fc nedeni ile \u0130skele Polis M\u00fcd\u00fcr\u00fc G\u00f6kay Karagil\u2019i ziyaret etti. \u00a0\u00a0\u0130skele Polis M\u00fcd\u00fcrl\u00fc\u011f\u00fc\u2019ndeki polisler ve t\u00fcm polislerin, \u00fclkedeki huzur, asayi\u015f ve g\u00fcveni sa\u011flad\u0131klar\u0131 i\u00e7in \u0130skele il\u00e7esi ad\u0131na te\u015fekk\u00fcr eden Ba\u015fkan Sad\u0131ko\u011flu, konu\u015fmas\u0131n\u0131n devam\u0131nda \u015funlara yer verdi:\u00a0 \u201cG\u00fcven ve huzuru sizlerin sayesinde ya\u015f\u0131yoruz. Bu yaln\u0131zca bizim fark etti\u011fimiz bir durum de\u011fil. B\u00f6lgemize d\u0131\u015far\u0131dan da gelen ki\u015filerin takdirini alan bir durum. Bu da polisimizin \u00fcst\u00fcn gayretleri sayesinde ya\u015fan\u0131yor.\u00a0\u00a0 Polis \u00d6rg\u00fct\u00fcn\u00fcn 57. Kurulu\u015f y\u0131ld\u00f6n\u00fcm\u00fc ve Polis G\u00fcn\u00fc dolay\u0131s\u0131yla bug\u00fcn bir kez daha sizlere s\u00f6ylemek istedik.\u201d<\/p>\n<p>&nbsp;<\/p>\n<p><strong>SADIKO\u011eLU: EN KISA S\u00dcREDE YEN\u0130 B\u0130R ARA\u00c7 ALARAK TESL\u0130M EDECE\u011e\u0130Z<\/strong><\/p>\n<p>\u0130skele Belediye Ba\u015fkan\u0131 Hasan Sad\u0131ko\u011flu, \u0130skele Polis M\u00fcd\u00fcr\u00fc G\u00f6kay Karagil\u2019i ziyaretinde, ald\u0131\u011f\u0131 karar do\u011frultusunda Polis M\u00fcd\u00fcrl\u00fc\u011f\u00fc\u2019ne hibe edilmek \u00fczere al\u0131nacak ara\u00e7 i\u00e7in ge\u00e7ti\u011fimiz g\u00fcnlerde \u0130skele Belediye Meclisi\u2019nin ald\u0131\u011f\u0131 karar\u0131 da payla\u015ft\u0131. Sad\u0131ko\u011flu, en k\u0131sa s\u00fcrede arac\u0131n al\u0131narak, Polis Te\u015fkilat\u0131na teslim edilece\u011fini a\u00e7\u0131klad\u0131. Ba\u015fkan Sad\u0131ko\u011flu konu\u015fmas\u0131n\u0131n sonunda Karagil\u2019in \u015fahs\u0131nda t\u00fcm polis \u00f6rg\u00fct\u00fcne mensup polislere, g\u00f6sterdikleri \u00fcst\u00fcn gayretlerden dolay\u0131 te\u015fekk\u00fcrlerini sundu.<\/p>\n<p>&nbsp;<\/p>\n<p><strong>KARAG\u0130L: \u201c \u0130SKELE BELED\u0130YES\u0130\u2019NE KATKILARI \u0130\u00c7\u0130N TE\u015eEKK\u00dcR EDER\u0130M\u201d<\/strong><\/p>\n<p>G\u00f6kay Karagil de konu\u015fmas\u0131nda \u0130skele Belediye Ba\u015fkan\u0131 Hasan Sad\u0131ko\u011flu\u2019na, \u0130skele Belediyesi\u2019nin, \u0130skele Polis M\u00fcd\u00fcrl\u00fc\u011f\u00fc\u2019ne yapaca\u011f\u0131 ara\u00e7 teslimi ve \u00f6rg\u00fct\u00fc ile ilgili d\u00fc\u015f\u00fcnceleri i\u00e7in \u0130skele Polis M\u00fcd\u00fcr\u00fc ve t\u00fcm polis \u00f6rg\u00fct\u00fc ad\u0131na te\u015fekk\u00fcr etti. Polisin birinci amac\u0131 g\u00f6rev yapt\u0131\u011f\u0131 b\u00f6lge i\u00e7inde vatanda\u015f\u0131n huzur ve g\u00fcvenli\u011fini sa\u011flama i\u00e7in ortam haz\u0131rlamak oldu\u011funu ifade eden Karagil, polisli\u011fin ferdi de\u011fil bir ekip \u00e7al\u0131\u015fmas\u0131 oldu\u011funun da alt\u0131n\u0131 \u00e7izdi. Bizim i\u00e7in en b\u00fcy\u00fck mutluluk kayna\u011f\u0131, vatanda\u015f\u0131n, yap\u0131lan do\u011fru icraatlara, do\u011fru tepkiler verdi\u011fini g\u00f6rmektir diyen \u0130skele Polis M\u00fcd\u00fcr\u00fc G\u00f6kay Karagil, bu durumun da kendilerini her \u015feyden \u00e7ok mutlu etti\u011fini vurgulad\u0131.<\/p>\n","protected":false},"excerpt":{"rendered":"<p>Polis \u00d6rg\u00fct\u00fcn\u00fcn 57. Kurulu\u015f y\u0131ld\u00f6n\u00fcm\u00fc ve Polis G\u00fcn\u00fc, ada genelinde [&hellip;]<\/p>\n","protected":false},"author":10,"featured_media":11836,"comment_status":"open","ping_status":"closed","sticky":false,"template":"","format":"standard","meta":{"footnotes":""},"categories":[9],"tags":[],"class_list":["post-11834","post","type-post","status-publish","format-standard","has-post-thumbnail","hentry","category-uyelerimizin-haberleri"],"_links":{"self":[{"href":"https:\/\/ktbb.org\/v1\/wp-json\/wp\/v2\/posts\/11834","targetHints":{"allow":["GET"]}}],"collection":[{"href":"https:\/\/ktbb.org\/v1\/wp-json\/wp\/v2\/posts"}],"about":[{"href":"https:\/\/ktbb.org\/v1\/wp-json\/wp\/v2\/types\/post"}],"author":[{"embeddable":true,"href":"https:\/\/ktbb.org\/v1\/wp-json\/wp\/v2\/users\/10"}],"replies":[{"embeddable":true,"href":"https:\/\/ktbb.org\/v1\/wp-json\/wp\/v2\/comments?post=11834"}],"version-history":[{"count":1,"href":"https:\/\/ktbb.org\/v1\/wp-json\/wp\/v2\/posts\/11834\/revisions"}],"predecessor-version":[{"id":11838,"href":"https:\/\/ktbb.org\/v1\/wp-json\/wp\/v2\/posts\/11834\/revisions\/11838"}],"wp:featuredmedia":[{"embeddable":true,"href":"https:\/\/ktbb.org\/v1\/wp-json\/wp\/v2\/media\/11836"}],"wp:attachment":[{"href":"https:\/\/ktbb.org\/v1\/wp-json\/wp\/v2\/media?parent=11834"}],"wp:term":[{"taxonomy":"category","embeddable":true,"href":"https:\/\/ktbb.org\/v1\/wp-json\/wp\/v2\/categories?post=11834"},{"taxonomy":"post_tag","embeddable":true,"href":"https:\/\/ktbb.org\/v1\/wp-json\/wp\/v2\/tags?post=11834"}],"curies":[{"name":"wp","href":"https:\/\/api.w.org\/{rel}","templated":true}]}}