{"id":11845,"date":"2021-07-02T10:05:44","date_gmt":"2021-07-02T10:05:44","guid":{"rendered":"http:\/\/ktbb.org\/v1\/?p=11845"},"modified":"2021-07-02T10:05:44","modified_gmt":"2021-07-02T10:05:44","slug":"girnede-grafiti-ve-resim-yarismasinda-takimlar-sunumlarini-yapti","status":"publish","type":"post","link":"https:\/\/ktbb.org\/v1\/girnede-grafiti-ve-resim-yarismasinda-takimlar-sunumlarini-yapti\/","title":{"rendered":"Girne&#8217;de grafiti ve resim yar\u0131\u015fmas\u0131nda tak\u0131mlar sunumlar\u0131n\u0131 yapt\u0131"},"content":{"rendered":"<h4>Girne Belediyesi ve Girne Evkaf \u0130yilik G\u00f6n\u00fcll\u00fcleri i\u015fbirli\u011finde, \u201cDuvarlar\u0131 sevgiye d\u00f6n\u00fc\u015ft\u00fcr\u201d slogan\u0131yla Bo\u015f Duvarlar Grafiti ve Resim Yar\u0131\u015fmas\u0131 i\u00e7in yar\u0131\u015fmaya kat\u0131lan tak\u0131mlar ilk de\u011ferlendirmeler i\u00e7in de\u011ferlendirme kurulunun kar\u015f\u0131s\u0131na \u00e7\u0131kt\u0131.<\/h4>\n<h4>Girne Belediyesi Yeni Hizmet Binas\u0131nda 1 Temmuz 2021 Per\u015fembe g\u00fcn\u00fc ger\u00e7ekle\u015ftiren toplant\u0131daki De\u011ferlendirme Kurulunda; Girne Belediye Ba\u015fkan\u0131 Nidai G\u00fcng\u00f6rd\u00fc, Genel Sanat Y\u00f6netmeni Derman Atik, K\u0131br\u0131s T\u00fcrk Karikat\u00fcrc\u00fcler Derne\u011fi Y\u00f6netim Kurulu \u00dcyesi Musa Kayra, Sanat\u00e7\u0131 \u015eenol \u00d6zdevrim, E\u011fitimci- \u015eair Fato\u015f Avc\u0131soyu Ruso yer ald\u0131.<\/h4>\n<h4>15-25 ya\u015f aras\u0131 gen\u00e7lerden olu\u015fan, 4-7 ki\u015filik tak\u0131mlar\u0131n kat\u0131l\u0131m\u0131yla ger\u00e7ekle\u015ftirilen yar\u0131\u015fmaya kat\u0131lacak tak\u0131mlar heyecanl\u0131 saatler ya\u015fad\u0131. \u00c7al\u0131\u015fmalar\u0131 hakk\u0131nda kurula bilgi veren gen\u00e7ler \u00f6n\u00fcm\u00fczdeki g\u00fcnlerde kentin \u00e7e\u015fitli noktalar\u0131nda uygulamada bulunacak.<\/h4>\n<h4>Kullan\u0131lmayan alanlar\u0131n kent esteti\u011fine kazand\u0131r\u0131lmas\u0131, \u00e7evre ve peyzaj \u00e7al\u0131\u015fmalar\u0131na katk\u0131; \u00d6\u011frenmenin s\u00fcreklili\u011fi, tak\u0131m \u00e7al\u0131\u015fmas\u0131, fikirlerin payla\u015f\u0131m\u0131yla gelece\u011fi \u015fekillendirerek gen\u00e7lerle tan\u0131\u015fmak ve \u00fcrettikleri projelerin hayata ge\u00e7irilmesine destek olman\u0131n ama\u00e7land\u0131\u011f\u0131 yar\u0131\u015fmada, belirlenen yerlere uygulanacak eserlerin, sanat\u00e7\u0131lar\u0131n da yer ald\u0131\u011f\u0131 bir j\u00fcri ile de\u011ferlendirilmesi sonucunda dereceye girenler, A\u011fustos ay\u0131 i\u00e7erisinde \u00f6d\u00fcllendirilecek.<\/h4>\n<h4>Girne Belediyesi\u2019nden yap\u0131lan a\u00e7\u0131klamada; Birinci gelen tak\u0131ma 3000 TL, \u0130kinci gelen tak\u0131ma 2000 TL, \u00dc\u00e7\u00fcnc\u00fc gelen tak\u0131mada 1000 TL \u00f6d\u00fcl verilece\u011fi belirtildi.<\/h4>\n","protected":false},"excerpt":{"rendered":"<p>Girne Belediyesi ve Girne Evkaf \u0130yilik G\u00f6n\u00fcll\u00fcleri i\u015fbirli\u011finde, \u201cDuvarlar\u0131 sevgiye [&hellip;]<\/p>\n","protected":false},"author":10,"featured_media":11846,"comment_status":"open","ping_status":"closed","sticky":false,"template":"","format":"standard","meta":{"footnotes":""},"categories":[9],"tags":[],"class_list":["post-11845","post","type-post","status-publish","format-standard","has-post-thumbnail","hentry","category-uyelerimizin-haberleri"],"_links":{"self":[{"href":"https:\/\/ktbb.org\/v1\/wp-json\/wp\/v2\/posts\/11845","targetHints":{"allow":["GET"]}}],"collection":[{"href":"https:\/\/ktbb.org\/v1\/wp-json\/wp\/v2\/posts"}],"about":[{"href":"https:\/\/ktbb.org\/v1\/wp-json\/wp\/v2\/types\/post"}],"author":[{"embeddable":true,"href":"https:\/\/ktbb.org\/v1\/wp-json\/wp\/v2\/users\/10"}],"replies":[{"embeddable":true,"href":"https:\/\/ktbb.org\/v1\/wp-json\/wp\/v2\/comments?post=11845"}],"version-history":[{"count":1,"href":"https:\/\/ktbb.org\/v1\/wp-json\/wp\/v2\/posts\/11845\/revisions"}],"predecessor-version":[{"id":11847,"href":"https:\/\/ktbb.org\/v1\/wp-json\/wp\/v2\/posts\/11845\/revisions\/11847"}],"wp:featuredmedia":[{"embeddable":true,"href":"https:\/\/ktbb.org\/v1\/wp-json\/wp\/v2\/media\/11846"}],"wp:attachment":[{"href":"https:\/\/ktbb.org\/v1\/wp-json\/wp\/v2\/media?parent=11845"}],"wp:term":[{"taxonomy":"category","embeddable":true,"href":"https:\/\/ktbb.org\/v1\/wp-json\/wp\/v2\/categories?post=11845"},{"taxonomy":"post_tag","embeddable":true,"href":"https:\/\/ktbb.org\/v1\/wp-json\/wp\/v2\/tags?post=11845"}],"curies":[{"name":"wp","href":"https:\/\/api.w.org\/{rel}","templated":true}]}}