{"id":11851,"date":"2021-07-05T06:54:34","date_gmt":"2021-07-05T06:54:34","guid":{"rendered":"http:\/\/ktbb.org\/v1\/?p=11851"},"modified":"2021-07-05T06:54:34","modified_gmt":"2021-07-05T06:54:34","slug":"magusada-kanalizasyon-sebekesi-iyilestirilme-calismalarinin-acilis-toreni-yapildi","status":"publish","type":"post","link":"https:\/\/ktbb.org\/v1\/magusada-kanalizasyon-sebekesi-iyilestirilme-calismalarinin-acilis-toreni-yapildi\/","title":{"rendered":"Ma\u011fusa\u2019da kanalizasyon \u015febekesi iyile\u015ftirilme \u00e7al\u0131\u015fmalar\u0131n\u0131n a\u00e7\u0131l\u0131\u015f t\u00f6reni yap\u0131ld\u0131"},"content":{"rendered":"<p>Gazima\u011fusa\u2019da mevcut kanalizasyon \u015febekesinin iyile\u015ftirilmesi i\u00e7in Avrupa Komisyonu taraf\u0131ndan haz\u0131rlanan Ma\u011fusa Kanalizasyon \u015eebekesi \u0130yile\u015ftirme \u00c7al\u0131\u015fmalar\u0131\u2019n\u0131n a\u00e7\u0131l\u0131\u015f\u0131 1 Temmuz Per\u015fembe g\u00fcn\u00fc Ekor \u00e7emberindeki 3 numaral\u0131 pompa istasyonunda d\u00fczenlenen t\u00f6renle ger\u00e7ekle\u015ftirildi. Gazima\u011fusa\u2019da 2009 y\u0131l\u0131nda yap\u0131m\u0131na ba\u015flanan ve sistemdeki sorunlar nedeniyle sa\u011fl\u0131kl\u0131 \u00e7al\u0131\u015fmayan Kanalizasyon \u015eebekesi\u2019nin tamirat\u0131 i\u00e7in \u015febekedeki borular\u0131n y\u00fczde 70\u2019i yenilenmesi gerekirken, y\u00fczde 30\u2019unun ise tamirat\u0131 yap\u0131lacak. Proje kapsam\u0131nda ayr\u0131ca, evlere giden hat ba\u011flant\u0131lar\u0131 yenilenecek, pompa istasyonlar\u0131 onar\u0131lacak ve iyile\u015ftirilecek. Yakla\u015f\u0131k iki y\u0131l s\u00fcrmesi beklenen proje \u00c7eltik\u00e7io\u011flu \u0130n\u015faat Sanayi ve Ticaret LTD. \u015eti, Ar\u0131kan \u0130n\u015faat Taahh\u00fct Ticaret ve Sanayi A.\u015e ve MBF Yap\u0131 \u0130n\u015faat Ticaret A.\u015e\u2019nin olu\u015fturdu\u011fu konsorsiyum taraf\u0131ndan \u00a020 milyon 500 bin 842 Euro\u2019luk maliyetle hayata ge\u00e7irilecek.<\/p>\n<p><strong>Gazima\u011fusa Belediye Ba\u015fkan\u0131 \u0130smail Arter yapt\u0131\u011f\u0131 konu\u015fmada<\/strong>, Ma\u011fusa Kanalizasyon Sistemi\u2019nin AB finansman\u0131yla 2009 y\u0131l\u0131nda in\u015fa edilmeye ba\u015flad\u0131\u011f\u0131n\u0131 ancak, ard\u0131ndan ya\u015fanan \u00e7e\u015fitli s\u0131k\u0131nt\u0131lardan dolay\u0131 tamamlanamad\u0131\u011f\u0131n\u0131 ifade ederek, \u201c2013 y\u0131l\u0131nda in\u015faat i\u015flerinin durmas\u0131yla Belediyemiz taraf\u0131ndan mecburen devral\u0131nan kanalizasyon sisteminde, bug\u00fcne kadar b\u00fcy\u00fck s\u0131k\u0131nt\u0131lar, koku problemi, t\u0131kan\u0131kl\u0131klar ve ta\u015fmalar ya\u015fanm\u0131\u015ft\u0131r, sistem bu s\u0131k\u0131nt\u0131larla i\u015fletilmi\u015f ve idame ettirilmi\u015ftir.\u201d dedi.<\/p>\n<p>&nbsp;<\/p>\n<p>\u201cAB\u2019nin Ma\u011fusa halk\u0131na verdi\u011fi s\u00f6z Ma\u011fusa\u2019n\u0131n \u00e7a\u011fda\u015f ve modern bir at\u0131k su toplama sistemine kavu\u015fmas\u0131yd\u0131.\u201d diyen Ba\u015fkan \u0130smail Arter, bu hedefe uygun olarak, g\u00f6reve geldi\u011fi g\u00fcnden itibaren Belediye ve Avrupa Komisyonu olarak beraber \u00e7al\u0131\u015ft\u0131klar\u0131n\u0131 ve tamirat projesiyle ilgili t\u00fcm teknik ve idari i\u015flemleri tamamlad\u0131klar\u0131n\u0131, y\u00fcklenici firman\u0131n yapaca\u011f\u0131 haz\u0131rl\u0131klar neticesinde birka\u00e7 ay i\u00e7erisinde tamirat i\u015flerinin ba\u015flayaca\u011f\u0131n\u0131 Gazima\u011fusa halk\u0131na duyurmaktan b\u00fcy\u00fck mutluluk duydu\u011funu ifade etti.<\/p>\n<p>&nbsp;<\/p>\n<p>\u201cUmar\u0131m ge\u00e7mi\u015fte ya\u015fanan s\u0131k\u0131nt\u0131lar bu projede tekrarlanmayacak ve tamirat projesinin sonucunda \u015fehrimiz modern bir at\u0131k su toplama sistemine kavu\u015facak.\u201d diye konu\u015fan Ba\u015fkan \u0130smail Arter, \u00a0Belediyenin teknik ekibinin at\u0131k su ar\u0131tma sisteminin b\u00fcy\u00fct\u00fclmesi ve ar\u0131t\u0131lm\u0131\u015f suyun tar\u0131mda kullan\u0131lmas\u0131 ile ilgili olarak proje \u00e7al\u0131\u015fmalar\u0131na devam etti\u011fini, hedeflerinin, Ma\u011fusa&#8217;daki at\u0131k su sorununu ortadan kald\u0131rmak ve ar\u0131t\u0131lm\u0131\u015f sular\u0131n tar\u0131mda kullan\u0131lmas\u0131na imkan sa\u011flamak oldu\u011funu belirtti. \u201cUmar\u0131m, Avrupa Birli\u011fi\u2019nin deste\u011fiyle bu hedefe ula\u015faca\u011f\u0131z.\u201d diyen Ba\u015fkan \u0130smail Arter, Avrupa Komisyonu\u2019na Ma\u011fusa halk\u0131na verdi\u011fi destek i\u00e7in te\u015fekk\u00fcr etti.<\/p>\n<p><strong>Avrupa Komisyonu Reform Genel M\u00fcd\u00fcrl\u00fc\u011f\u00fc M\u00fcd\u00fcr Yard\u0131mc\u0131s\u0131 ve K\u0131br\u0131s \u00c7\u00f6z\u00fcm Destek Birimi Ba\u015fkan\u0131 Kjartan Bj\u00f6rnsson konu\u015fmas\u0131nda<\/strong>, \u00a0kanalizasyon sisteminin yap\u0131m\u0131n\u0131n pek \u00e7ok sorun sebebiyle sekteye u\u011frad\u0131\u011f\u0131n\u0131 ve uzun bir s\u00fcre boyunca s\u00fcr\u00fcncemede kald\u0131\u011f\u0131n\u0131, Ma\u011fusa \u015fehrinin y\u0131llarca b\u00fct\u00fcn\u00fcyle faal durumda olan bir kanalizasyon \u015febekesine sahip olmamas\u0131ndan derin bir \u00fcz\u00fcnt\u00fc duydu\u011funu ifade ederek, \u201cbug\u00fcn neyin yanl\u0131\u015f gitti\u011finin ayr\u0131nt\u0131lar\u0131na girmek ya da birilerini su\u00e7lamak arzusunda de\u011filim. Bunun yerine, vurgulamam gereken as\u0131l nokta, Avrupa Komisyonu&#8217;nun b\u00fct\u00fcn zorluklara ra\u011fmen, projenin ba\u015far\u0131l\u0131 bir \u015fekilde tamamlanmas\u0131 ve Ma\u011fusa sakinlerinin modern ve faal bir kanalizasyon sistemine sahip olmas\u0131 konusunda kararl\u0131l\u0131\u011f\u0131n\u0131 devam ettirmi\u015f olmas\u0131d\u0131r.\u201d dedi.<\/p>\n<p>Mevcut kanalizasyon \u015febekesini elden ge\u00e7irecek ve \u015febekenin verimli \u00e7al\u0131\u015fmas\u0131na engel olan \u00e7e\u015fitli kusurlar\u0131n onar\u0131m\u0131n\u0131 sa\u011flayacak projenin ba\u015flad\u0131\u011f\u0131n\u0131, \u015febekedeki borular\u0131n yakla\u015f\u0131k %70&#8217;inin s\u00f6k\u00fclerek yerlerine yenilerinin d\u00f6\u015fenece\u011fini, kalan %30&#8217;un ise tamir edilece\u011fini, evlere giden hat ba\u011flant\u0131lar\u0131n\u0131n yenilenece\u011fini, pompa istasyonlar\u0131n\u0131n iyile\u015ftirilece\u011fini aktaran Bj\u00f6rnsson, yakla\u015f\u0131k iki y\u0131l s\u00fcrmesi beklenen bu projenin sonunda Ma\u011fusa\u2019n\u0131n Avrupa standartlar\u0131n\u0131 b\u00fct\u00fcn\u00fcyle kar\u015f\u0131layan i\u015flevsel bir kanalizasyon sistemine sahip olaca\u011f\u0131n\u0131 s\u00f6yledi.<\/p>\n<p>Kjartan Bj\u00f6rnsson, konsorsiyuma liderlik eden \u00c7eltik\u00e7io\u011flu \u0130n\u015faat Direkt\u00f6r\u00fc Adnan \u00c7eltik\u00e7io\u011flu ile Murat Da\u011f&#8217;\u0131 ve denetim firmas\u0131 GITEC&#8217;i temsilen\u00a0 G\u00fcrhan Garabli ve\u00a0 Mehmet \u00d6zbilen ile yak\u0131n bir \u00e7al\u0131\u015fma ger\u00e7ekle\u015ftireceklerini, Ayr\u0131ca Ba\u015fkan \u0130smail Arter&#8217;i ve \u00e7al\u0131\u015fma arkada\u015flar\u0131 Atila Aypar ve Do\u011fu\u00e7 Veysio\u011flu&#8217;nu yeniden g\u00f6rmekten memnuniyet duydu\u011funu, Lefko\u015fa&#8217;daki AB Program Destek Ofisi&#8217;nden \u00e7al\u0131\u015fma arkada\u015flar\u0131 Alain Joaris, Virve Vimpari ve Laura Carpino \u00e7al\u0131\u015fmalar\u0131 yak\u0131ndan takip edece\u011fini s\u00f6yledi.<\/p>\n<p><strong>\u00c7eltik\u00e7io\u011flu \u0130n\u015faat Sanayi ve Ticaret \u015eirketi Direkt\u00f6r\u00fc Adnan \u00c7eltik\u00e7io\u011flu<\/strong> ise, bu son derece \u00f6nemli projede y\u00fcklenici olarak yer almaktan gurur duydu\u011funu ifade ederek, \u00fc\u00e7 uluslararas\u0131 in\u015faat \u015firketinden olu\u015fan \u201c\u00c7eltik\u00e7io\u011flu, MBF ve Ar\u0131kan\u201d ortakl\u0131\u011f\u0131n\u0131n lider \u015firketinin sahibi oldu\u011funu, bir\u00e7ok \u00fclkede alt yap\u0131 alan\u0131nda \u00f6nemli tecr\u00fcbeye sahip olduklar\u0131n\u0131 s\u00f6yledi. Ba\u015fta b\u00fcy\u00fck \u015fehirlerin ve turistik b\u00f6lgelerin derin kaz\u0131 gerektiren, kaz\u0131 koruma sistemleri uygulanan ve baz\u0131lar\u0131 yo\u011fun trafik y\u00fck\u00fc alt\u0131nda ger\u00e7ekle\u015ftirilen kanalizasyon sistemleri olmak \u00fczere, \u00e7ok say\u0131da son derece \u00f6nemli ve zorlu alt yap\u0131 projesini ba\u015far\u0131yla tamamlad\u0131klar\u0131n\u0131 ifade eden \u00c7eltik\u00e7io\u011flu, \u015firketlerinin kanalizasyon \u015febekeleri, su \u015febekeleri, nakil hatlar\u0131, pompa istasyonlar\u0131, ar\u0131tma tesisleri, su alt\u0131 boru hatlar\u0131, deniz de\u015farj projeleri gibi bir\u00e7ok alanda in\u015faat tecr\u00fcbesine sahip oldu\u011funu s\u00f6yledi.<\/p>\n<p>ortakl\u0131\u011f\u0131n lideri konumundaki \u00c7eltik\u00e7io\u011flu firmas\u0131 bug\u00fcne kadar tek ba\u015f\u0131na toplam uzunlu\u011fu 3.5 milyon metreden fazla boru d\u00f6\u015feme \u00e7al\u0131\u015fmas\u0131 yapt\u0131\u011f\u0131n\u0131, son olarak ise Avrupa Komisyonu\u2019nun \u201cYeni Kuzey Lefko\u015fa\u00a0Ana Ta\u015f\u0131y\u0131c\u0131\u00a0Kanalizasyon\u00a0Hatt\u0131\u201d Projesini tamamlamak \u00fczere olduklar\u0131n\u0131 s\u00f6yledi.<\/p>\n<p>31 km\u2019lik kanalizasyon hatt\u0131 borusu, 14 km\u2019lik kanalizasyon ev ba\u011flant\u0131 borular\u0131 ve 612 adet kontrol bacas\u0131n\u0131n yenilenece\u011fini, \u00e7al\u0131\u015fmalar\u0131n mevcut kanalizasyon sisteminin i\u015fleyi\u015fi durdurulmadan yap\u0131laca\u011f\u0131n\u0131, eski kanalizasyon \u015febekesinde 29 noktada tamirat ger\u00e7ekle\u015ftireceklerini ifade eden \u00c7eltik\u00e7io\u011flu, 7 adet eski pompa istasyonunun rehabilite edilece\u011fini, S\u00f6zle\u015fme s\u00fcresinin 810 g\u00fcn oldu\u011funu ve buna ek 365 g\u00fcnl\u00fck kusur sorumluluk s\u00fcresi oldu\u011funu aktard\u0131. \u00c7eltik\u00e7io\u011flu, ilk 3 ayl\u0131k s\u00fcrenin mevcut kanalizasyon sisteminin incelenmesine y\u00f6nelik \u00e7al\u0131\u015fmalara ayr\u0131ld\u0131\u011f\u0131n\u0131 ama\u00e7lar\u0131n\u0131n s\u00f6zle\u015fmede yer alan s\u00fcreden \u00f6nce \u00e7al\u0131\u015fmalar\u0131 tamamlamak oldu\u011funu s\u00f6yledi.<\/p>\n<p>&nbsp;<\/p>\n<p>\u00c7evre ve insan sa\u011fl\u0131\u011f\u0131 konusunda son derece dikkatli olacaklar\u0131n\u0131 da anlatan \u00c7eltik\u00e7io\u011flu, \u00e7al\u0131\u015fmalar\u0131n M\u00fchendis, \u0130\u015fveren ve Ma\u011fusa Belediyesi\u2019ni tatmin edecek bi\u00e7imde ve zaman\u0131nda tamamlanaca\u011f\u0131n\u0131, Avrupa Komisyonu\u2019na, \u00f6zellikle de Yap\u0131sal Reform Deste\u011fi Genel M\u00fcd\u00fcrl\u00fc\u011f\u00fc\u2019ne (DG REFORM) te\u015fekk\u00fcrler etti.<\/p>\n<p>&nbsp;<\/p>\n<p>\u00c7eltik\u00e7io\u011flu, Ma\u011fusa \u015fehrinin kanalizasyon sisteminin yak\u0131nda tam olarak i\u015flevsel hale gelece\u011finden ve tadilat \u00e7al\u0131\u015fmas\u0131 tamamland\u0131ktan sonra \u015fehir sakinlerinin bu konudan art\u0131k muzdarip olmayacaklar\u0131 konusunda Ba\u015fkan \u0130smail Arter\u2019in emin olmas\u0131n\u0131 isteyerek, \u015fehir sakinlerinin bir miktar sabr\u0131n\u0131 rica ettiklerini, ekiplerin sokaklarda son derece dikkatli ve hassas davranarak g\u00fcnl\u00fck hayatta halk\u0131 en asgari seviyede rahats\u0131z edeceklerinin bilinmesini istedi.<\/p>\n<p>&nbsp;<\/p>\n","protected":false},"excerpt":{"rendered":"<p>Gazima\u011fusa\u2019da mevcut kanalizasyon \u015febekesinin iyile\u015ftirilmesi i\u00e7in Avrupa Komisyonu taraf\u0131ndan haz\u0131rlanan [&hellip;]<\/p>\n","protected":false},"author":10,"featured_media":11852,"comment_status":"open","ping_status":"closed","sticky":false,"template":"","format":"standard","meta":{"footnotes":""},"categories":[9],"tags":[],"class_list":["post-11851","post","type-post","status-publish","format-standard","has-post-thumbnail","hentry","category-uyelerimizin-haberleri"],"_links":{"self":[{"href":"https:\/\/ktbb.org\/v1\/wp-json\/wp\/v2\/posts\/11851","targetHints":{"allow":["GET"]}}],"collection":[{"href":"https:\/\/ktbb.org\/v1\/wp-json\/wp\/v2\/posts"}],"about":[{"href":"https:\/\/ktbb.org\/v1\/wp-json\/wp\/v2\/types\/post"}],"author":[{"embeddable":true,"href":"https:\/\/ktbb.org\/v1\/wp-json\/wp\/v2\/users\/10"}],"replies":[{"embeddable":true,"href":"https:\/\/ktbb.org\/v1\/wp-json\/wp\/v2\/comments?post=11851"}],"version-history":[{"count":1,"href":"https:\/\/ktbb.org\/v1\/wp-json\/wp\/v2\/posts\/11851\/revisions"}],"predecessor-version":[{"id":11853,"href":"https:\/\/ktbb.org\/v1\/wp-json\/wp\/v2\/posts\/11851\/revisions\/11853"}],"wp:featuredmedia":[{"embeddable":true,"href":"https:\/\/ktbb.org\/v1\/wp-json\/wp\/v2\/media\/11852"}],"wp:attachment":[{"href":"https:\/\/ktbb.org\/v1\/wp-json\/wp\/v2\/media?parent=11851"}],"wp:term":[{"taxonomy":"category","embeddable":true,"href":"https:\/\/ktbb.org\/v1\/wp-json\/wp\/v2\/categories?post=11851"},{"taxonomy":"post_tag","embeddable":true,"href":"https:\/\/ktbb.org\/v1\/wp-json\/wp\/v2\/tags?post=11851"}],"curies":[{"name":"wp","href":"https:\/\/api.w.org\/{rel}","templated":true}]}}