{"id":11854,"date":"2021-07-05T06:56:43","date_gmt":"2021-07-05T06:56:43","guid":{"rendered":"http:\/\/ktbb.org\/v1\/?p=11854"},"modified":"2021-07-05T06:56:43","modified_gmt":"2021-07-05T06:56:43","slug":"gazimagusa-buyuk-sanayi-bolgesinde-temizlik-calismasi-yapildi","status":"publish","type":"post","link":"https:\/\/ktbb.org\/v1\/gazimagusa-buyuk-sanayi-bolgesinde-temizlik-calismasi-yapildi\/","title":{"rendered":"Gazima\u011fusa B\u00fcy\u00fck Sanayi B\u00f6lgesi\u2019nde temizlik \u00e7al\u0131\u015fmas\u0131 yap\u0131ld\u0131"},"content":{"rendered":"<p>Gazima\u011fusa Belediyesi ile Sanayi Odas\u0131\u2019n\u0131n i\u015fbirli\u011finde Gazima\u011fusa B\u00fcy\u00fck Sanayi B\u00f6lgesi\u2019nde temizlik \u00e7al\u0131\u015fmas\u0131 yap\u0131ld\u0131. Yaya ve motorize ekiplerin kat\u0131ld\u0131\u011f\u0131 \u00e7al\u0131\u015fmalarda, dozer, kamyon \u00e7ekirge gibi ara\u00e7lar kullan\u0131larak hem b\u00fcy\u00fck \u00e7apl\u0131 at\u0131klar toplant\u0131 hem de ot temizli\u011fi yap\u0131ld\u0131.<\/p>\n<p>K\u0131br\u0131s T\u00fcrk Sanayi Odas\u0131 Ba\u015fkan Yard\u0131mc\u0131s\u0131 Mustafa Ers\u00f6zl\u00fc, 2 hafta \u00f6nce Alayk\u00f6y Sanayi B\u00f6lgesi\u2019nde ba\u015flatt\u0131klar\u0131 temizlik \u00e7al\u0131\u015fmalar\u0131n\u0131 Gazima\u011fusa Sanayi B\u00f6lgesinde devam ettiklerini, Sanayi Odas\u0131\u2019n\u0131n \u00f6nc\u00fcl\u00fc\u011f\u00fcnde Sanayi Dairesi, sanayiciler ve Gazima\u011fusa Belediyesinin \u00e7ok g\u00fc\u00e7l\u00fc bir \u015fekilde destek vererek \u00e7al\u0131\u015fma yap\u0131ld\u0131\u011f\u0131n\u0131, b\u00f6lgedeki sanayicilerin de \u00e7al\u0131\u015fmaya destek vermesi gerekti\u011fini, bu ihtiyac\u0131n hissedildi\u011fini s\u00f6yledi. Ers\u00f6zl\u00fc, bu temizli\u011fin idamesinin \u00f6nemli oldu\u011funu, sanayicilere de b\u00fcy\u00fck g\u00f6revler d\u00fc\u015ft\u00fc\u011f\u00fcn\u00fc, Sanayi Odas\u0131 olarak b\u00fct\u00fcn sanayi b\u00f6lgelerinde kademe kademe temizlik \u00e7al\u0131\u015fmalar\u0131na ba\u015flad\u0131klar\u0131n\u0131 s\u00f6yledi.<\/p>\n<p>Sanayi Dairesi M\u00fcd\u00fcr\u00fc Mustafa Ye\u015fil ise, Sanayi Odas\u0131 ba\u015fkan\u0131na selamlar\u0131n\u0131 ileterek, odan\u0131n yeni y\u00f6netiminin bu t\u00fcr faaliyetlere \u00f6nem vermesinin kendilerini sevindirdi\u011fini, bu \u00e7al\u0131\u015fmalar\u0131n devam\u0131n\u0131 diledi. \u201cBir \u00fclkede sanayi ve sanayici yoksa o \u00fclkenin siyaseti siyaset\u00e7isi olamaz\u201d diyen Ye\u015fil, siyaset ve siyasi faaliyetlerin ekonomi \u00fczerine \u015fekillendi\u011fini s\u00f6yledi. Ye\u015fil, anlaml\u0131 \u00e7al\u0131\u015fmas\u0131ndan dolay\u0131 Sanayi Odas\u0131\u2019na, Belediyeye, i\u015fletme sahiplerine te\u015fekk\u00fcr etti.<\/p>\n<p>Gazima\u011fusa Belediyesi Temizlik \u015eubesi Amiri ve M\u00fcd\u00fcr Muavini Do\u011fan \u00d6z\u00fc\u015fen ise bu t\u00fcr faaliyetlere gereken deste\u011fi verdiklerini bundan sonra da vermeye devam edeceklerini ifade ederek, ilgili payda\u015flarla birlikte daha kaliteli hizmet vermek ad\u0131na kurumlar\u0131n yan\u0131nda olacaklar\u0131n\u0131 ifade etti. \u00d6z\u00fc\u015fen, bu t\u00fcr faaliyetlerin kal\u0131c\u0131 olmas\u0131 i\u00e7in gerekli altyap\u0131 \u00e7al\u0131\u015fmalar\u0131n\u0131n da ivedi olarak yap\u0131lmas\u0131 gerekti\u011fini belirtti ve Belediye olarak beklentilerinin ve desteklerinin bu y\u00f6nde oldu\u011funu s\u00f6yledi.<\/p>\n","protected":false},"excerpt":{"rendered":"<p>Gazima\u011fusa Belediyesi ile Sanayi Odas\u0131\u2019n\u0131n i\u015fbirli\u011finde Gazima\u011fusa B\u00fcy\u00fck Sanayi B\u00f6lgesi\u2019nde [&hellip;]<\/p>\n","protected":false},"author":10,"featured_media":11855,"comment_status":"open","ping_status":"closed","sticky":false,"template":"","format":"standard","meta":{"footnotes":""},"categories":[9],"tags":[],"class_list":["post-11854","post","type-post","status-publish","format-standard","has-post-thumbnail","hentry","category-uyelerimizin-haberleri"],"_links":{"self":[{"href":"https:\/\/ktbb.org\/v1\/wp-json\/wp\/v2\/posts\/11854","targetHints":{"allow":["GET"]}}],"collection":[{"href":"https:\/\/ktbb.org\/v1\/wp-json\/wp\/v2\/posts"}],"about":[{"href":"https:\/\/ktbb.org\/v1\/wp-json\/wp\/v2\/types\/post"}],"author":[{"embeddable":true,"href":"https:\/\/ktbb.org\/v1\/wp-json\/wp\/v2\/users\/10"}],"replies":[{"embeddable":true,"href":"https:\/\/ktbb.org\/v1\/wp-json\/wp\/v2\/comments?post=11854"}],"version-history":[{"count":1,"href":"https:\/\/ktbb.org\/v1\/wp-json\/wp\/v2\/posts\/11854\/revisions"}],"predecessor-version":[{"id":11856,"href":"https:\/\/ktbb.org\/v1\/wp-json\/wp\/v2\/posts\/11854\/revisions\/11856"}],"wp:featuredmedia":[{"embeddable":true,"href":"https:\/\/ktbb.org\/v1\/wp-json\/wp\/v2\/media\/11855"}],"wp:attachment":[{"href":"https:\/\/ktbb.org\/v1\/wp-json\/wp\/v2\/media?parent=11854"}],"wp:term":[{"taxonomy":"category","embeddable":true,"href":"https:\/\/ktbb.org\/v1\/wp-json\/wp\/v2\/categories?post=11854"},{"taxonomy":"post_tag","embeddable":true,"href":"https:\/\/ktbb.org\/v1\/wp-json\/wp\/v2\/tags?post=11854"}],"curies":[{"name":"wp","href":"https:\/\/api.w.org\/{rel}","templated":true}]}}