{"id":11857,"date":"2021-07-05T06:59:07","date_gmt":"2021-07-05T06:59:07","guid":{"rendered":"http:\/\/ktbb.org\/v1\/?p=11857"},"modified":"2021-07-05T06:59:07","modified_gmt":"2021-07-05T06:59:07","slug":"fotograflarla-gonyeli-fotograf-yarismasi-basladi-gonyelide-yasamak-guzel","status":"publish","type":"post","link":"https:\/\/ktbb.org\/v1\/fotograflarla-gonyeli-fotograf-yarismasi-basladi-gonyelide-yasamak-guzel\/","title":{"rendered":"\u2018Foto\u011fraflarla G\u00f6nyeli\u2019 Foto\u011fraf Yar\u0131\u015fmas\u0131 ba\u015flad\u0131: \u201cG\u00f6nyeli\u2019de Ya\u015famak G\u00fczel\u201d"},"content":{"rendered":"<p><strong>\u201cG\u00f6nyeli\u2019de Ya\u015famak G\u00fczel\u201d temal\u0131 Geleneksel Foto\u011fraf Yar\u0131\u015fmas\u0131\u2019nda <\/strong><strong>Birinci<\/strong><strong>ye 5 bin TL, ikinciye 3 bin TL ve \u00fc\u00e7\u00fcnc\u00fcye de 2 bin TL \u00f6d\u00fcl verilecek.<\/strong><\/p>\n<p><strong>Sosyal medyadaki yar\u0131\u015fmada ise <\/strong><strong>1 Temmuz \u2013 31 A\u011fustos tarihleri aras\u0131nda\u00a0 #GonyelideYasamakGuzel (hashtag) ibaresi ile facebook ve instagramda payla\u015f\u0131lacak foto\u011fraflar de\u011ferlendirilecek. <\/strong><\/p>\n<p><strong>Sosyal medya kategorisinde \u00f6d\u00fcl olarak birinciye Apple <\/strong><strong>iPhone 11 ak\u0131ll\u0131 telefon, ikinciye PlayStation 5 ve \u00fc\u00e7\u00fcnc\u00fcye de Samsung Tab S6 Lite(Spen) verilecek.\u00a0<\/strong><\/p>\n<p>&nbsp;<\/p>\n<p>G\u00f6nyeli Belediyesi hem geleneksel hem de sosyal medya kategorisinde ba\u015flatt\u0131\u011f\u0131 foto\u011fraf yar\u0131\u015fmas\u0131 ile amat\u00f6r ya da profesyonel t\u00fcm foto\u011fraf\u00e7\u0131lara yeni bir heyecan ya\u015fat\u0131yor.<\/p>\n<p>&nbsp;<\/p>\n<p>G\u00f6nyeli Belediyesi Sosyal Aktivite Merkezi (SAM) taraf\u0131ndan duyurulan <strong>\u201cGeleneksel Foto\u011fraf Yar\u0131\u015fmas\u0131\u201d<\/strong>n\u0131n 2021 temas\u0131 <strong>\u201cG\u00f6nyeli\u2019de Ya\u015famak G\u00fczel\u201d<\/strong> olarak belirlendi.<\/p>\n<p>Son ba\u015fvuru tarihi 1 Eyl\u00fcl olarak belirlenen yar\u0131\u015fmada dereceye girenlere \u00f6d\u00fcller verilecek ayr\u0131ca sergilemeye de\u011fer g\u00f6r\u00fclen eserler sergilenecek.<\/p>\n<p><strong>Geleneksel Foto\u011fraf Yar\u0131\u015fmas\u0131\u2019nda <\/strong><strong>Birinci<\/strong><strong>ye 5 bin TL, ikinciye 3 bin TL ve \u00fc\u00e7\u00fcnc\u00fcye de 2 bin TL \u00f6d\u00fcl verilecek.<\/strong><\/p>\n<p>\u201cG\u00f6nyeli\u2019de ya\u015famak ve \u00e7evre\u201d temal\u0131 foto\u011fraflarla yar\u0131\u015facak kat\u0131l\u0131mc\u0131lardan beklentiler \u015f\u00f6yle ifade edildi:<br \/>\n<strong>\u201c<\/strong><strong>G\u00f6nyeli kentini simgeleyen insanlar ve \u00e7evre, y\u00fcksek ya\u015fam standard\u0131, y\u00fcr\u00fcy\u00fc\u015f ve bisiklet yollar\u0131na y\u00f6nelik ilgi, \u00e7evre ve parklar ile i\u00e7 i\u00e7e insanlar\u0131m\u0131z ayr\u0131ca sizlerin t\u00fcm yarat\u0131c\u0131 g\u00f6zlemlerimiz G\u00f6nyeli\u2019de Ya\u015famak G\u00fczel temas\u0131n\u0131n \u00e7er\u00e7evesini \u00e7izmektedir.<\/strong><strong>\u201d\u00a0<\/strong><\/p>\n<p><strong>\u00a0<\/strong><\/p>\n<p>Yar\u0131\u015fman\u0131n Se\u00e7ici Kurulu Foto\u011fraf Sanat\u00e7\u0131s\u0131 Buket \u00d6zatay ve Mustafa Evirgen, Ressam Nilg\u00fcn G\u00fcney, gazeteci Cenk Mutluyakal\u0131 ve G\u00f6nyeli Belediyesi M\u00fcd\u00fcr\u00fc, Mimar Ferruh D\u00fclgero\u011flu\u2019ndan olu\u015fturuldu.<br \/>\nYar\u0131\u015fma i\u00e7in kapsaml\u0131 bilgi G\u00f6nyeli Belediyesi Kurumsal \u0130leti\u015fim ve Halkla \u0130li\u015fkiler B\u00f6l\u00fcm\u00fc\u2019nden ayr\u0131ca g\u00f6nyeli.org web sayfas\u0131ndan elde edilebilecek.<\/p>\n<p><strong>\u00a0<\/strong><\/p>\n<p><strong>Geleneksel Foto\u011fraf Yar\u0131\u015fmas\u0131 ve Sergisi Ba\u015fvuru \u015eartlar\u0131\u00a0<\/strong><\/p>\n<p><strong>\u00a0<\/strong><\/p>\n<p>G\u00f6nyeli Belediyesi taraf\u0131ndan yap\u0131lan a\u00e7\u0131klamada, \u2018Geleneksel Foto\u011fraf Yar\u0131\u015fmas\u0131 ve Sergisi\u2019 ba\u015fvuru \u015fartlar\u0131 ise \u015f\u00f6yle a\u00e7\u0131kland\u0131.<strong>\u00a0<\/strong><\/p>\n<p>&nbsp;<\/p>\n<p>Yar\u0131\u015fmaya renkli ve siyah beyaz foto\u011fraflar kat\u0131labilir. Foto\u011frafa de\u011ferini kaybetmeyecek \u015fekilde dijital m\u00fcdahale yap\u0131labilir. Bu konuda uygunluk takdiri se\u00e7ici kurula aittir.<br \/>\n<strong><br \/>\n<\/strong>Her yar\u0131\u015fmac\u0131, yar\u0131\u015fmaya en az 2 en fazla 10 foto\u011frafla ile kat\u0131labilir.<\/p>\n<p>Yar\u0131\u015fmaya 15 ya\u015f\u0131n\u0131 doldurmu\u015f t\u00fcm kat\u0131l\u0131mc\u0131lara a\u00e7\u0131kt\u0131r.<\/p>\n<p>Foto\u011fraflar, G\u00f6nyeli Belediyesi\u2019ne bir CD ya da dijital bellek i\u00e7erisinde y\u00fcksek \u00e7\u00f6z\u00fcn\u00fcrl\u00fckte (k\u0131sa kenar\u0131 en az 2000 Piksel ve 300dpi) kaydedilmi\u015f \u015fekilde teslim edilecektir.<\/p>\n<p>Teslimat esnas\u0131nda G\u00f6nyeli Belediyesi\u2019nde kat\u0131l\u0131m formu doldurulacak, foto\u011fraflara isim verilecek ayr\u0131ca yedi rakamdan olu\u015fan bir rumuz CD ya da dijital belle\u011fin yer ald\u0131\u011f\u0131 zarf \u00fczerine yaz\u0131lacakt\u0131r.<\/p>\n<p>CD ya da dijital bellek ayr\u0131 bir zarf i\u00e7erisinde olacak ve bu zarf \u00fczerinde eser sahibinin kimli\u011fini a\u00e7\u0131klayan hi\u00e7bir isim veya ibare olmayacakt\u0131r.<\/p>\n<p>Bu zarfa ek olarak ayr\u0131 bir zarf i\u00e7erisine A4 k\u00e2\u011f\u0131d\u0131nda yaz\u0131lm\u0131\u015f foto\u011fraf\u00e7\u0131n\u0131n ad\u0131, adresi ve telefon numaras\u0131n\u0131 ve rumuz i\u00e7eren bilgiler yer alacakt\u0131r.<\/p>\n<p>\u00d6d\u00fcl ve sergileme alacak olan foto\u011fraflar G\u00f6nyeli Belediyesi taraf\u0131ndan 30&#215;45 boyutlar\u0131nda foto blok\/k\u00f6p\u00fck \u00fczerinde bas\u0131lm\u0131\u015f \u015fekilde sergilenecektir.<\/p>\n<p>\u00d6d\u00fcl ve sergileme alan foto\u011fraflar G\u00f6nyeli Belediyesi\u2019ne kalacakt\u0131r. G\u00f6nyeli Belediyesi, foto\u011fraf sahibinin ismini belirtmek kayd\u0131 ile <strong>\u00f6d\u00fcl ve sergileme<\/strong> alan foto\u011fraflar\u0131 ticar\u00ee ama\u00e7 d\u0131\u015f\u0131nda kullanmakta \u00f6zg\u00fcrd\u00fcr. Eserlerin telif hakk\u0131, foto\u011fraf\u00e7\u0131n\u0131n kendisine aittir.<\/p>\n<p>K\u0131br\u0131s i\u00e7erisinde bir ba\u015fka yar\u0131\u015fmada \u00f6d\u00fcl alm\u0131\u015f foto\u011fraflar bu yar\u0131\u015fmaya kat\u0131lamaz.<\/p>\n<p><strong>\u00a0<\/strong><\/p>\n<p><strong>\u00a0<\/strong><\/p>\n<p><strong>Sosyal medyada da yar\u0131\u015f\u00a0<\/strong><\/p>\n<p>&nbsp;<\/p>\n<p>G\u00f6nyeli Belediyesi Sosyal Aktivite Merkezi ayr\u0131ca sosyal medya kategorisinde mobil kullan\u0131c\u0131lar\u0131 da unutmad\u0131.<\/p>\n<p><strong>\u00a0<\/strong><\/p>\n<p>1 Temmuz \u2013 31 A\u011fustos tarihleri aras\u0131nda\u00a0 #GonyelideYasamakGuzel (hashtag) ibaresi ile facebook ve instagramda payla\u015f\u0131lacak foto\u011fraflar da ayr\u0131ca de\u011ferlendirilecek.<\/p>\n<p>&nbsp;<\/p>\n<p>Sosyal medya kategorisinde \u00f6d\u00fcl olarak birinciye Apple iPhone11 ak\u0131ll\u0131 telefon, ikinciye PlayStation5 ve \u00fc\u00e7\u00fcnc\u00fcye de Samsung Tab S6-Lite(Spen) verilecek.<\/p>\n<p>&nbsp;<\/p>\n<p>Sosyal medyada her kat\u0131l\u0131mc\u0131 en fazla 3 foto\u011fraf ile yar\u0131\u015fmaya kat\u0131labilecek.<strong>\u00a0<\/strong><\/p>\n","protected":false},"excerpt":{"rendered":"<p>\u201cG\u00f6nyeli\u2019de Ya\u015famak G\u00fczel\u201d temal\u0131 Geleneksel Foto\u011fraf Yar\u0131\u015fmas\u0131\u2019nda Birinciye 5 bin [&hellip;]<\/p>\n","protected":false},"author":10,"featured_media":11858,"comment_status":"open","ping_status":"closed","sticky":false,"template":"","format":"standard","meta":{"footnotes":""},"categories":[9],"tags":[],"class_list":["post-11857","post","type-post","status-publish","format-standard","has-post-thumbnail","hentry","category-uyelerimizin-haberleri"],"_links":{"self":[{"href":"https:\/\/ktbb.org\/v1\/wp-json\/wp\/v2\/posts\/11857","targetHints":{"allow":["GET"]}}],"collection":[{"href":"https:\/\/ktbb.org\/v1\/wp-json\/wp\/v2\/posts"}],"about":[{"href":"https:\/\/ktbb.org\/v1\/wp-json\/wp\/v2\/types\/post"}],"author":[{"embeddable":true,"href":"https:\/\/ktbb.org\/v1\/wp-json\/wp\/v2\/users\/10"}],"replies":[{"embeddable":true,"href":"https:\/\/ktbb.org\/v1\/wp-json\/wp\/v2\/comments?post=11857"}],"version-history":[{"count":1,"href":"https:\/\/ktbb.org\/v1\/wp-json\/wp\/v2\/posts\/11857\/revisions"}],"predecessor-version":[{"id":11859,"href":"https:\/\/ktbb.org\/v1\/wp-json\/wp\/v2\/posts\/11857\/revisions\/11859"}],"wp:featuredmedia":[{"embeddable":true,"href":"https:\/\/ktbb.org\/v1\/wp-json\/wp\/v2\/media\/11858"}],"wp:attachment":[{"href":"https:\/\/ktbb.org\/v1\/wp-json\/wp\/v2\/media?parent=11857"}],"wp:term":[{"taxonomy":"category","embeddable":true,"href":"https:\/\/ktbb.org\/v1\/wp-json\/wp\/v2\/categories?post=11857"},{"taxonomy":"post_tag","embeddable":true,"href":"https:\/\/ktbb.org\/v1\/wp-json\/wp\/v2\/tags?post=11857"}],"curies":[{"name":"wp","href":"https:\/\/api.w.org\/{rel}","templated":true}]}}