{"id":11864,"date":"2021-07-06T07:40:38","date_gmt":"2021-07-06T07:40:38","guid":{"rendered":"http:\/\/ktbb.org\/v1\/?p=11864"},"modified":"2021-07-06T07:40:38","modified_gmt":"2021-07-06T07:40:38","slug":"iskele-belediyesi-zabita-biriminin-plaj-mesaisi-basladi","status":"publish","type":"post","link":"https:\/\/ktbb.org\/v1\/iskele-belediyesi-zabita-biriminin-plaj-mesaisi-basladi\/","title":{"rendered":"\u0130skele Belediyesi Zab\u0131ta Birimi&#8217;nin plaj mesaisi ba\u015flad\u0131"},"content":{"rendered":"<p>D\u00f6rt mevsim, 7 g\u00fcn 24 saat boyunca, yerli ve yabac\u0131 \u00e7ok say\u0131da ki\u015fi taraf\u0131ndan ziyaret edilen, mavinin ve ye\u015filin e\u015fsiz bulu\u015fma noktas\u0131 \u0130skele Belediyesi Halk Plaj\u0131, emin ellerde. \u0130skele Polis M\u00fcd\u00fcrl\u00fc\u011f\u00fc\u2019ne ba\u011fl\u0131 polislerin de ara ara devriye gezdi\u011fi Plaj\u2019da, \u0130skele Belediyesi Zab\u0131ta Birimi de mesaisine ba\u015flad\u0131. Haftan\u0131n her g\u00fcn\u00fc 18-24 saatleri aras\u0131nda \u0130skele Belediyesi Halk Plaj\u0131\u2019nda denetimler ger\u00e7ekle\u015ftirecek olan birim, y\u00fcr\u00fcy\u00fc\u015f yolu boyunca alanda bulunan vatanda\u015flar\u0131n sa\u011fl\u0131kl\u0131 ve huzurlu bir ortamda vakit ge\u00e7irmeleri i\u00e7in mesai yapacak.<\/p>\n<p>&nbsp;<\/p>\n<p><strong>HERG\u00dcN 18-24 SAATLER\u0130 ARASINDA DENET\u0130M GER\u00c7EKLE\u015eT\u0130R\u0130LECEK<\/strong><\/p>\n<p>Mart 2020\u2019den bu yana \u00fclkemizi de etkisi alt\u0131na alan Koronavir\u00fcs salg\u0131n\u0131 nedeniyle yo\u011fun bir mesai harcayan \u0130skele Belediyesi Zab\u0131ta Birimi, denetimlerini, \u0130skele Belediyesi Halk Plaj\u0131\u2019na da ta\u015f\u0131d\u0131.\u00a0 Zab\u0131ta Birimi; \u00f6zellikle yasaklar\u0131n yava\u015f yava\u015f kalkmaya ba\u015flad\u0131\u011f\u0131 \u015fu g\u00fcnlerde, deniz havas\u0131 almak ve normalle\u015fmek i\u00e7in, farkl\u0131 alternatifler arayan vatanda\u015flar\u0131n b\u00fcy\u00fck ilgi g\u00f6sterdi\u011fi, bisiklet ve y\u00fcr\u00fcy\u00fc\u015f yolunun yan\u0131 s\u0131ra \u00e7ocuk oyun alanlar\u0131n\u0131n bulundu\u011fu \u0130skele Belediyesi Halk Plaj\u0131\u2019n\u0131n asayi\u015fini sa\u011flamak i\u00e7in d\u00fcn itibari ile denetimlerine ba\u015flad\u0131. Haftan\u0131n her g\u00fcn\u00fc ak\u015fam 18.00-24.00 saatleri aras\u0131nda s\u00f6z konusu b\u00f6lgede denetimler ger\u00e7ekle\u015ftirecek olan \u0130skele Belediyesi Zab\u0131ta Birimi, hem alanda asayi\u015fi sa\u011flayacak hem de vatanda\u015flar\u0131n sa\u011fl\u0131kl\u0131 ve huzurlu bir ortamda vakit ge\u00e7irmelerine olanak tan\u0131yacak.<\/p>\n<p>&nbsp;<\/p>\n<p><strong>0548 810 11 16 NUMARALI ALO ZABITA HATTI 7\/24 DEVREDE OLACAK<\/strong><\/p>\n<p>\u0130skele Belediyesi Zab\u0131ta Amiri Bilal Dericio\u011flu da d\u00fcn (5 Temmuz) \u0130skele Belediyesi Halk Plaj\u0131\u2019nda ba\u015flayan denetimlere kat\u0131larak s\u00f6z konusu alanda incelemelerde bulundu.\u00a0 Haftan\u0131n her g\u00fcn\u00fc b\u00fcy\u00fck bir ilgi g\u00f6ren \u0130skele Belediyesi Halk Plaj\u0131\u2019nda her y\u0131l \u00f6zellikle yaz mevsiminde asayi\u015fi sa\u011flamak i\u00e7in denetimler ger\u00e7ekle\u015ftirdiklerini ifade eden Dericio\u011flu, ama\u00e7lar\u0131n\u0131n, plaj, y\u00fcr\u00fcy\u00fc\u015f yolu ve bisiklet yolunu kullanan vatanda\u015flara sa\u011fl\u0131kl\u0131 ve huzurlu bir ortam yaratmak oldu\u011funu s\u00f6yledi. Mart 2020\u2019den bu yana Pandemi ile verilen m\u00fccadeleyi de hat\u0131rlayan Bilal Dericio\u011flu, normalle\u015fmeye ba\u015flanmas\u0131 ile birlikte yeniden artan vakalar\u0131 hat\u0131rlatt\u0131. Vatanda\u015flardan rehavete kap\u0131lmamalar\u0131n\u0131 isteyen Zab\u0131ta Amiri, vir\u00fcs\u00fcn, tamamen yok oluncaya kadar, maske, mesafe ve temizlik kural\u0131na dikkat edilmesi gerekti\u011finin alt\u0131n\u0131 \u00e7izdi.<\/p>\n<p>\u0130skele Belediyesi Halk Plaj\u0131\u2019nda 7 g\u00fcn boyunca 18.00-24.00 saatleri aras\u0131nda denetimde olacaklar\u0131n\u0131 belirten Dericio\u011flu, bu denetimler \u00e7er\u00e7evesinde, hem plajda bulunan \u0130skele Belediyesi\u2019ne ait b\u00fcfelerde, hem de vatanda\u015flar aras\u0131nda maske, mesafe ve temizlik kural\u0131na dikkat edilip edilmedi\u011finin denetlenece\u011fini s\u00f6zlerine ekledi.<\/p>\n<p>Dericio\u011flu ayr\u0131ca, 0548 810 11 16 numaral\u0131 Alo Zab\u0131ta Hatt\u0131n\u0131n 7\/24 devrede oldu\u011funu da hat\u0131rlatt\u0131.<\/p>\n<p><strong>\u00a0<\/strong><\/p>\n<p>&nbsp;<\/p>\n<p>&nbsp;<\/p>\n<p>&nbsp;<\/p>\n<p>&nbsp;<\/p>\n","protected":false},"excerpt":{"rendered":"<p>D\u00f6rt mevsim, 7 g\u00fcn 24 saat boyunca, yerli ve yabac\u0131 [&hellip;]<\/p>\n","protected":false},"author":10,"featured_media":11865,"comment_status":"open","ping_status":"closed","sticky":false,"template":"","format":"standard","meta":{"footnotes":""},"categories":[9],"tags":[],"class_list":["post-11864","post","type-post","status-publish","format-standard","has-post-thumbnail","hentry","category-uyelerimizin-haberleri"],"_links":{"self":[{"href":"https:\/\/ktbb.org\/v1\/wp-json\/wp\/v2\/posts\/11864","targetHints":{"allow":["GET"]}}],"collection":[{"href":"https:\/\/ktbb.org\/v1\/wp-json\/wp\/v2\/posts"}],"about":[{"href":"https:\/\/ktbb.org\/v1\/wp-json\/wp\/v2\/types\/post"}],"author":[{"embeddable":true,"href":"https:\/\/ktbb.org\/v1\/wp-json\/wp\/v2\/users\/10"}],"replies":[{"embeddable":true,"href":"https:\/\/ktbb.org\/v1\/wp-json\/wp\/v2\/comments?post=11864"}],"version-history":[{"count":1,"href":"https:\/\/ktbb.org\/v1\/wp-json\/wp\/v2\/posts\/11864\/revisions"}],"predecessor-version":[{"id":11866,"href":"https:\/\/ktbb.org\/v1\/wp-json\/wp\/v2\/posts\/11864\/revisions\/11866"}],"wp:featuredmedia":[{"embeddable":true,"href":"https:\/\/ktbb.org\/v1\/wp-json\/wp\/v2\/media\/11865"}],"wp:attachment":[{"href":"https:\/\/ktbb.org\/v1\/wp-json\/wp\/v2\/media?parent=11864"}],"wp:term":[{"taxonomy":"category","embeddable":true,"href":"https:\/\/ktbb.org\/v1\/wp-json\/wp\/v2\/categories?post=11864"},{"taxonomy":"post_tag","embeddable":true,"href":"https:\/\/ktbb.org\/v1\/wp-json\/wp\/v2\/tags?post=11864"}],"curies":[{"name":"wp","href":"https:\/\/api.w.org\/{rel}","templated":true}]}}