{"id":11867,"date":"2021-07-07T06:12:11","date_gmt":"2021-07-07T06:12:11","guid":{"rendered":"http:\/\/ktbb.org\/v1\/?p=11867"},"modified":"2021-07-07T06:12:11","modified_gmt":"2021-07-07T06:12:11","slug":"genclik-platformu-bogaz-piknik-alaninda-cevre-etkinligi-gerceklestirdi","status":"publish","type":"post","link":"https:\/\/ktbb.org\/v1\/genclik-platformu-bogaz-piknik-alaninda-cevre-etkinligi-gerceklestirdi\/","title":{"rendered":"Gen\u00e7lik Platformu Bo\u011faz Piknik Alan\u0131&#8217;nda \u00e7evre etkinli\u011fi ger\u00e7ekle\u015ftirdi"},"content":{"rendered":"<p>Girne Belediyesi&#8217;nin 15-21 ya\u015f gen\u00e7lerden olu\u015fturdu\u011fu Gen\u00e7lik Platformu 5 Temmuz Pazartesi g\u00fcn\u00fc Bo\u011faz Piknik Alan\u0131nda &#8220;\u00c7\u00f6p Bizim Sorumluluk Kimin?&#8221; slogan\u0131yla \u00e7evre temizli\u011fi fark\u0131ndal\u0131k etkinli\u011fi ger\u00e7ekle\u015ftirdi. \u00c7ADER (\u00c7atalk\u00f6y\u2019\u00fc Geli\u015ftirme ve K\u00fclt\u00fcr Derne\u011fi) ve \u00e7evreye duyarl\u0131 Take Action grubundan gen\u00e7lerin kat\u0131ld\u0131\u011f\u0131 etkinlikte, at\u0131klar toplanarak s\u0131n\u0131fland\u0131r\u0131l\u0131p ayr\u0131\u015ft\u0131r\u0131ld\u0131. D\u00f6rtl\u00fc gruplara da\u011f\u0131lan gen\u00e7ler bu \u00e7al\u0131\u015fmada veri toplama i\u015flemi de yapt\u0131.<\/p>\n<p>&nbsp;<\/p>\n<p>Girne Gen\u00e7lik Platformu Sokakta ya\u015fayan hayvanlar i\u00e7in yanlar\u0131nda mama da getirerek Alt\u0131n Patiler Derne\u011fine ba\u011f\u0131\u015fta bulundu. Duyarl\u0131l\u0131klar\u0131n\u0131 ortaya koyan gen\u00e7ler herkesi \u00e7evreye kar\u015f\u0131 duyarl\u0131 olmalar\u0131 ve sorumluluk almalar\u0131 \u00e7a\u011fr\u0131s\u0131 yapt\u0131.<\/p>\n<p>&nbsp;<\/p>\n<p>Gen\u00e7ler, yanlar\u0131nda gelirken ikinci el kitaplar\u0131n\u0131 da getirdi. Etkinliklerde toplayacaklar\u0131 kitaplar\u0131 yaz sonunda ihtiya\u00e7l\u0131 ki\u015fi ve kurumlara ba\u011f\u0131\u015flayacak.<\/p>\n<p>&nbsp;<\/p>\n<p><strong>&#8220;SORUMLULUK HEP\u0130M\u0130ZE A\u0130T&#8221; <\/strong><\/p>\n<p>&nbsp;<\/p>\n<p>Take Action \u00fcyesi Erna Yurtda\u015f etkinlikle ilgili konu\u015farak, \u201cDaha temiz bir K\u0131br\u0131s i\u00e7in umudumuzu kaybetmemeli, hep birlikte harekete ge\u00e7meliyiz\u201d dedi.<\/p>\n<p>&nbsp;<\/p>\n<p>Gen\u00e7lik Platformu Temsilcisi Hazay Say \u00d6t\u00fcn ise Gen\u00e7lik Platformu ad\u0131na konu\u015farak, \u00e7evre kirlili\u011fi ile ilgili sorumlulu\u011fun hepimize ait oldu\u011funa vurgu yapt\u0131.<\/p>\n<p>&nbsp;<\/p>\n<p>Etkinli\u011fe destek veren \u00c7atalk\u00f6y&#8217;\u00fc Geli\u015ftirme ve K\u00fclt\u00fcr Derne\u011fi (\u00c7ADER) \u00dcyesi Irene Raab Marancos, \u201cGen\u00e7lerle bu organizasyonlar\u0131 ger\u00e7ekle\u015ftirmek bize \u00fcmit veriyor. Burada sadece \u00e7\u00f6p toplamad\u0131k ayn\u0131 zamanda \u00e7\u00f6plerin ayr\u0131\u015ft\u0131r\u0131lmas\u0131 konusunda da fark\u0131ndal\u0131k yaratt\u0131k \u201d dedi.<\/p>\n<p>&nbsp;<\/p>\n<p><strong>&#8220;YOL HAR\u0130TAMIZI BEL\u0130RLEYECE\u011e\u0130Z&#8221;<\/strong><\/p>\n<p>&nbsp;<\/p>\n<p>Girne Belediye Ba\u015fkan\u0131 Nidai G\u00fcng\u00f6rd\u00fc ise Bo\u011faz Piknik Alan\u0131nda yarat\u0131lan \u00e7evre sorununun y\u0131llard\u0131r s\u00fcrd\u00fc\u011f\u00fcn\u00fc hat\u0131rlatarak, &#8220;Yap\u0131lan bu etkinlik geri d\u00f6n\u00fc\u015f\u00fcm konusunda at\u0131k maddelerin yeniden kazand\u0131r\u0131lmas\u0131 ile ilgili yap\u0131lacak olan \u00e7al\u0131\u015fmalar\u0131n ilk ad\u0131m\u0131d\u0131r. Bo\u011faz piknik alan\u0131ndan \u00e7\u0131kar\u0131lan \u00e7\u00f6pler bize ara\u015ft\u0131rma yapmak i\u00e7in veri toplamam\u0131z\u0131 sa\u011flayacakt\u0131r. \u00c7\u0131kan veriler sonucunda nelerle kar\u015f\u0131la\u015faca\u011f\u0131m\u0131z\u0131 bilip ona g\u00f6re yol haritam\u0131z\u0131 belirleyece\u011fiz. Orman Dairesine ba\u011fl\u0131 olan Bo\u011faz Piknik alan\u0131n\u0131n daha \u00f6nce de talep etti\u011fimiz gibi Girne Belediyesi\u2019nin kontrol\u00fcne verilmesinin tekrar g\u00fcndeme gelmesini ve buraya piknik yapmaya gelen insanlar\u0131 g\u00fczel, temiz bir ortamla kar\u015f\u0131lamak iste\u011fimizi her zaman s\u00f6yledik. Girne Belediyesi Gen\u00e7lik Platformu\u2019na Sosyal \u0130\u015fler \u015eubesi\u2019ne ve katk\u0131 koyan t\u00fcm herkese te\u015fekk\u00fcr ederim\u201d dedi.<\/p>\n","protected":false},"excerpt":{"rendered":"<p>Girne Belediyesi&#8217;nin 15-21 ya\u015f gen\u00e7lerden olu\u015fturdu\u011fu Gen\u00e7lik Platformu 5 Temmuz [&hellip;]<\/p>\n","protected":false},"author":10,"featured_media":11868,"comment_status":"open","ping_status":"closed","sticky":false,"template":"","format":"standard","meta":{"footnotes":""},"categories":[9],"tags":[],"class_list":["post-11867","post","type-post","status-publish","format-standard","has-post-thumbnail","hentry","category-uyelerimizin-haberleri"],"_links":{"self":[{"href":"https:\/\/ktbb.org\/v1\/wp-json\/wp\/v2\/posts\/11867","targetHints":{"allow":["GET"]}}],"collection":[{"href":"https:\/\/ktbb.org\/v1\/wp-json\/wp\/v2\/posts"}],"about":[{"href":"https:\/\/ktbb.org\/v1\/wp-json\/wp\/v2\/types\/post"}],"author":[{"embeddable":true,"href":"https:\/\/ktbb.org\/v1\/wp-json\/wp\/v2\/users\/10"}],"replies":[{"embeddable":true,"href":"https:\/\/ktbb.org\/v1\/wp-json\/wp\/v2\/comments?post=11867"}],"version-history":[{"count":1,"href":"https:\/\/ktbb.org\/v1\/wp-json\/wp\/v2\/posts\/11867\/revisions"}],"predecessor-version":[{"id":11869,"href":"https:\/\/ktbb.org\/v1\/wp-json\/wp\/v2\/posts\/11867\/revisions\/11869"}],"wp:featuredmedia":[{"embeddable":true,"href":"https:\/\/ktbb.org\/v1\/wp-json\/wp\/v2\/media\/11868"}],"wp:attachment":[{"href":"https:\/\/ktbb.org\/v1\/wp-json\/wp\/v2\/media?parent=11867"}],"wp:term":[{"taxonomy":"category","embeddable":true,"href":"https:\/\/ktbb.org\/v1\/wp-json\/wp\/v2\/categories?post=11867"},{"taxonomy":"post_tag","embeddable":true,"href":"https:\/\/ktbb.org\/v1\/wp-json\/wp\/v2\/tags?post=11867"}],"curies":[{"name":"wp","href":"https:\/\/api.w.org\/{rel}","templated":true}]}}