{"id":11871,"date":"2021-07-07T06:51:21","date_gmt":"2021-07-07T06:51:21","guid":{"rendered":"http:\/\/ktbb.org\/v1\/?p=11871"},"modified":"2021-07-07T06:51:21","modified_gmt":"2021-07-07T06:51:21","slug":"cocuklar-plajda-resim-cizerek-keyifli-saatler-gecirdi","status":"publish","type":"post","link":"https:\/\/ktbb.org\/v1\/cocuklar-plajda-resim-cizerek-keyifli-saatler-gecirdi\/","title":{"rendered":"\u00c7ocuklar plajda resim \u00e7izerek keyifli saatler ge\u00e7irdi"},"content":{"rendered":"<p>Girne Belediyesi&#8217;nin d\u00fczenledi\u011fi Yaz Tatili \u00c7ocuk At\u00f6lyeleri Resim At\u00f6lyesiyle devam etti. Karao\u011flano\u011flu Halk Plaj\u0131nda bulu\u015fan \u00e7ocuklar, resimler \u00e7izerek g\u00fczel bir g\u00fcn ge\u00e7irdi. Girne Belediyesi Gen\u00e7lik Platformu&#8217;nun da g\u00f6revli olarak destek verdi\u011fi etkinlik renkli g\u00f6r\u00fcnt\u00fclere sahne oldu.<\/p>\n<p>&nbsp;<\/p>\n<p>Girne Belediye Ba\u015fkan\u0131 Nidai G\u00fcng\u00f6rd\u00fc, etkinli\u011fe kat\u0131lan \u00e7ocuklarla sohbet ederek, onlara keyifli saatler diledi. \u00c7ocuklara seslenen G\u00fcng\u00f6rd\u00fc, &#8220;Sanatla ilgilenen \u00e7ocuklar, do\u011fay\u0131 da hayvanlar\u0131 da sever. Sizler de \u00f6ylesiniz. \u00c7evrenize kar\u015f\u0131 duyarl\u0131 olunuz. Bu s\u0131cak g\u00fcnlerde sokaktaki hayvanlar\u0131 da unutmay\u0131n\u0131z. Onlara bir kap su bir kap mama koyunuz&#8221; dedi. G\u00fcng\u00f6rd\u00fc t\u00fcm \u00e7ocuklara yaz tatillerini iyi de\u011ferlendirmeleri kendilerini geli\u015ftirmelerini ve hayatlar\u0131nda ba\u015far\u0131l\u0131 bireyler olmalar\u0131n\u0131 diledi.<\/p>\n<p><strong>\u00a0<\/strong><\/p>\n<p><strong>Yar\u0131n 08 Temmuz 2021 Per\u015fembe G\u00fcn\u00fc \u00c7ocuklar Pikni\u011fe G\u00f6t\u00fcr\u00fcl\u00fcyor<\/strong><\/p>\n<p><strong>\u00a0<\/strong><\/p>\n<p>Sosyal \u0130\u015fler \u015eubesinin haz\u0131rlad\u0131\u011f\u0131 ve bu y\u0131l \u00e7evre temas\u0131n\u0131n kullan\u0131ld\u0131\u011f\u0131 etkinlikler, per\u015fembe g\u00fcn\u00fc Bo\u011faz piknik alan\u0131nda d\u00fczenlenecek piknikle devam edecek. S\u0131n\u0131rl\u0131 say\u0131da \u00e7ocu\u011fun kabul edildi\u011fi etkinliklere yo\u011fun talep oldu\u011funu belirten Sosyal \u0130\u015fler \u015eube Amiri Misli Kad\u0131o\u011flu, at\u00f6lyelerin doldu\u011funu ifade ederek, etkinliklere kat\u0131lacak aile ve \u00e7ocuklara maske ve hijyen kurallar\u0131na dikkat etmesi \u00e7a\u011fr\u0131s\u0131nda bulundu.<\/p>\n","protected":false},"excerpt":{"rendered":"<p>Girne Belediyesi&#8217;nin d\u00fczenledi\u011fi Yaz Tatili \u00c7ocuk At\u00f6lyeleri Resim At\u00f6lyesiyle devam [&hellip;]<\/p>\n","protected":false},"author":10,"featured_media":11872,"comment_status":"open","ping_status":"closed","sticky":false,"template":"","format":"standard","meta":{"footnotes":""},"categories":[9],"tags":[],"class_list":["post-11871","post","type-post","status-publish","format-standard","has-post-thumbnail","hentry","category-uyelerimizin-haberleri"],"_links":{"self":[{"href":"https:\/\/ktbb.org\/v1\/wp-json\/wp\/v2\/posts\/11871","targetHints":{"allow":["GET"]}}],"collection":[{"href":"https:\/\/ktbb.org\/v1\/wp-json\/wp\/v2\/posts"}],"about":[{"href":"https:\/\/ktbb.org\/v1\/wp-json\/wp\/v2\/types\/post"}],"author":[{"embeddable":true,"href":"https:\/\/ktbb.org\/v1\/wp-json\/wp\/v2\/users\/10"}],"replies":[{"embeddable":true,"href":"https:\/\/ktbb.org\/v1\/wp-json\/wp\/v2\/comments?post=11871"}],"version-history":[{"count":1,"href":"https:\/\/ktbb.org\/v1\/wp-json\/wp\/v2\/posts\/11871\/revisions"}],"predecessor-version":[{"id":11873,"href":"https:\/\/ktbb.org\/v1\/wp-json\/wp\/v2\/posts\/11871\/revisions\/11873"}],"wp:featuredmedia":[{"embeddable":true,"href":"https:\/\/ktbb.org\/v1\/wp-json\/wp\/v2\/media\/11872"}],"wp:attachment":[{"href":"https:\/\/ktbb.org\/v1\/wp-json\/wp\/v2\/media?parent=11871"}],"wp:term":[{"taxonomy":"category","embeddable":true,"href":"https:\/\/ktbb.org\/v1\/wp-json\/wp\/v2\/categories?post=11871"},{"taxonomy":"post_tag","embeddable":true,"href":"https:\/\/ktbb.org\/v1\/wp-json\/wp\/v2\/tags?post=11871"}],"curies":[{"name":"wp","href":"https:\/\/api.w.org\/{rel}","templated":true}]}}