{"id":11879,"date":"2021-07-08T10:32:42","date_gmt":"2021-07-08T10:32:42","guid":{"rendered":"http:\/\/ktbb.org\/v1\/?p=11879"},"modified":"2021-07-08T10:32:42","modified_gmt":"2021-07-08T10:32:42","slug":"benli-sanayi-odasi-yeni-yonetimini-kabul-etti","status":"publish","type":"post","link":"https:\/\/ktbb.org\/v1\/benli-sanayi-odasi-yeni-yonetimini-kabul-etti\/","title":{"rendered":"Benli, Sanayi Odas\u0131 yeni y\u00f6netimini kabul etti"},"content":{"rendered":"<p>\u201c\u0130\u015f birli\u011fi i\u00e7erisinde \u00e7al\u0131\u015faca\u011f\u0131z\u201d<\/p>\n<p>&nbsp;<\/p>\n<p>***Sanayi Odas\u0131&#8217;n\u0131n yeni Ba\u015fkan\u0131 Ali Kamac\u0131o\u011flu, temizlik ve altyap\u0131 noktas\u0131nda sanayi b\u00f6lgelerini G\u00f6nyeli\u2019ye benzetme amac\u0131yla yola \u00e7\u0131kt\u0131klar\u0131n\u0131 kaydetti<\/p>\n<p>&nbsp;<\/p>\n<p>G\u00f6nyeli Belediye Ba\u015fkan\u0131 Ahmet Yal\u00e7\u0131n Benli, yeni se\u00e7ilen Sanayi Odas\u0131 Ba\u015fkan\u0131 Ali Kamac\u0131o\u011flu ve y\u00f6netim kurulunu kabul etti.<\/p>\n<p>&nbsp;<\/p>\n<p>G\u00f6nyeli Belediyesi Hizmet Binas\u0131\u2019nda ger\u00e7ekle\u015ftirilen ziyarette belediye ile oda aras\u0131nda yap\u0131labilecek i\u015fbirlikleri konu\u015fuldu.<\/p>\n<p>&nbsp;<\/p>\n<p>Ziyarette konu\u015fan Ali Kamac\u0131o\u011flu, Sanayi Odas\u0131 olarak G\u00f6nyeli Belediyesi\u2019nin y\u00fcksek hizmet standard\u0131 odakl\u0131 \u00e7al\u0131\u015fmalar\u0131n\u0131 \u00f6rnek alarak bu yoldan ilerleyeceklerini ifade etti. Kamac\u0131o\u011flu, \u00f6rnek bir belediyecilik yapt\u0131\u011f\u0131 i\u00e7in ba\u015fkan Benli\u2019yi tebrik etti. Kamac\u0131o\u011flu, temizlik ve altyap\u0131 noktas\u0131nda sanayi b\u00f6lgelerini G\u00f6nyeli\u2019ye benzetme amac\u0131yla yola \u00e7\u0131kt\u0131klar\u0131n\u0131 kaydetti.<\/p>\n<p>&nbsp;<\/p>\n<p>G\u00f6nyeli Belediye Ba\u015fkan\u0131 Ahmet Benli ise, Sanayi Odas\u0131 yeni y\u00f6netim kuruluna ba\u015far\u0131lar dileyerek s\u00f6zlerine ba\u015flad\u0131. Benli, \u201cSanayi, \u00fcretim demek, \u00fcretmeden ya\u015fayanlar fakirle\u015fir ve k\u00fc\u00e7\u00fcl\u00fcr. Sanayi, toplumun ya\u015fam kayna\u011f\u0131d\u0131r. Sanayi Odas\u0131 ile hem kentimiz, hem de \u00fclkemizdeki sanayicilerin geli\u015fimi i\u00e7in birtak\u0131m noktalarda i\u015f birli\u011fi yapmay\u0131 isti\u015fare edece\u011fiz. Ziyaretten mutlu olduk yeni y\u00f6netime tekrardan ba\u015far\u0131lar dileriz\u201d diye konu\u015ftu.<\/p>\n<p><strong><em>\u00a0<\/em><\/strong><\/p>\n<p><strong><em>\u00a0<\/em><\/strong><\/p>\n","protected":false},"excerpt":{"rendered":"<p>\u201c\u0130\u015f birli\u011fi i\u00e7erisinde \u00e7al\u0131\u015faca\u011f\u0131z\u201d &nbsp; ***Sanayi Odas\u0131&#8217;n\u0131n yeni Ba\u015fkan\u0131 Ali [&hellip;]<\/p>\n","protected":false},"author":10,"featured_media":11880,"comment_status":"open","ping_status":"closed","sticky":false,"template":"","format":"standard","meta":{"footnotes":""},"categories":[9],"tags":[],"class_list":["post-11879","post","type-post","status-publish","format-standard","has-post-thumbnail","hentry","category-uyelerimizin-haberleri"],"_links":{"self":[{"href":"https:\/\/ktbb.org\/v1\/wp-json\/wp\/v2\/posts\/11879","targetHints":{"allow":["GET"]}}],"collection":[{"href":"https:\/\/ktbb.org\/v1\/wp-json\/wp\/v2\/posts"}],"about":[{"href":"https:\/\/ktbb.org\/v1\/wp-json\/wp\/v2\/types\/post"}],"author":[{"embeddable":true,"href":"https:\/\/ktbb.org\/v1\/wp-json\/wp\/v2\/users\/10"}],"replies":[{"embeddable":true,"href":"https:\/\/ktbb.org\/v1\/wp-json\/wp\/v2\/comments?post=11879"}],"version-history":[{"count":1,"href":"https:\/\/ktbb.org\/v1\/wp-json\/wp\/v2\/posts\/11879\/revisions"}],"predecessor-version":[{"id":11881,"href":"https:\/\/ktbb.org\/v1\/wp-json\/wp\/v2\/posts\/11879\/revisions\/11881"}],"wp:featuredmedia":[{"embeddable":true,"href":"https:\/\/ktbb.org\/v1\/wp-json\/wp\/v2\/media\/11880"}],"wp:attachment":[{"href":"https:\/\/ktbb.org\/v1\/wp-json\/wp\/v2\/media?parent=11879"}],"wp:term":[{"taxonomy":"category","embeddable":true,"href":"https:\/\/ktbb.org\/v1\/wp-json\/wp\/v2\/categories?post=11879"},{"taxonomy":"post_tag","embeddable":true,"href":"https:\/\/ktbb.org\/v1\/wp-json\/wp\/v2\/tags?post=11879"}],"curies":[{"name":"wp","href":"https:\/\/api.w.org\/{rel}","templated":true}]}}