{"id":11915,"date":"2021-07-10T11:49:43","date_gmt":"2021-07-10T11:49:43","guid":{"rendered":"http:\/\/ktbb.org\/v1\/?p=11915"},"modified":"2021-07-10T11:49:43","modified_gmt":"2021-07-10T11:49:43","slug":"ozcinar-11-temmuz-basin-gununu-kutladi-2","status":"publish","type":"post","link":"https:\/\/ktbb.org\/v1\/ozcinar-11-temmuz-basin-gununu-kutladi-2\/","title":{"rendered":"\u00d6z\u00e7\u0131nar, 11 Temmuz, Bas\u0131n G\u00fcn\u00fc&#8217;n\u00fc kutlad\u0131"},"content":{"rendered":"<p>K. T. Belediyeler Birli\u011fi ve G\u00fczelyurt Belediye Ba\u015fkan\u0131 Mahmut \u00d6z\u00e7\u0131nar, 11 Temmuz, Bas\u0131n G\u00fcn\u00fc dolay\u0131s\u0131yla mesaj yay\u0131mlad\u0131.<\/p>\n<p>\u00d6z\u00e7\u0131nar&#8217;\u0131n mesaj\u0131 \u015f\u00f6yle:<\/p>\n<p>K\u0131br\u0131s&#8217;ta bir K\u0131br\u0131sl\u0131 T\u00fcrk taraf\u0131ndan \u00e7\u0131kar\u0131lan ilk T\u00fcrk\u00e7e gazete olan Saded&#8217;in 132. Y\u0131ld\u00f6n\u00fcm\u00fc olan 11 Temmuz, Bas\u0131n G\u00fcn\u00fc olarak kutlan\u0131yor.<\/p>\n<p>Farkl\u0131 d\u00fc\u015f\u00fcncelerin \u00f6zg\u00fcrce ifade edilebilmesi ve \u00e7ok seslilik b\u00fcy\u00fck \u00f6nem ta\u015f\u0131maktad\u0131r.<br \/>\n\u00d6zg\u00fcr bas\u0131n bir \u00fclkenin demokrasisi i\u00e7in son derece \u00f6nemlidir.<\/p>\n<p>Bas\u0131n mensuplar\u0131, \u00e7al\u0131\u015fma \u015fartlar\u0131n\u0131n zorluklar\u0131na ra\u011fmen, halk\u0131n haber alma \u00f6zg\u00fcrl\u00fc\u011f\u00fcn\u00fc sa\u011flayarak, kamuoyunu ayd\u0131nlatmak ve toplumun beklentilerini dile getirmek, halk\u0131n sesini duyurmak i\u00e7in son derece k\u0131ymetli bir g\u00f6rev \u00fcstlenmektedir.<\/p>\n<p>G\u00fcn vesilesiyle bas\u0131n mensuplar\u0131n\u0131n haklar\u0131n\u0131n iyile\u015ftirilmesinin de b\u00fcy\u00fck \u00f6nem arz etti\u011fine vurgu yapmak isterim.<\/p>\n<p>Bas\u0131n sekt\u00f6r\u00fcn\u00fcn her kademesinde ba\u015far\u0131yla g\u00f6rev yapan t\u00fcm bas\u0131n emek\u00e7ilerinin Bas\u0131n G\u00fcn\u00fc\u2019n\u00fc en i\u00e7ten dileklerimle kutlar, \u00f6zveri ile icra ettikleri mesleklerini daha iyi ko\u015fullarda s\u00fcrd\u00fcrebilecekleri yar\u0131nlar dilerim.<\/p>\n","protected":false},"excerpt":{"rendered":"<p>K. T. Belediyeler Birli\u011fi ve G\u00fczelyurt Belediye Ba\u015fkan\u0131 Mahmut \u00d6z\u00e7\u0131nar, [&hellip;]<\/p>\n","protected":false},"author":10,"featured_media":10764,"comment_status":"open","ping_status":"closed","sticky":false,"template":"","format":"standard","meta":{"footnotes":""},"categories":[1],"tags":[],"class_list":["post-11915","post","type-post","status-publish","format-standard","has-post-thumbnail","hentry","category-birlikten-haberler"],"_links":{"self":[{"href":"https:\/\/ktbb.org\/v1\/wp-json\/wp\/v2\/posts\/11915","targetHints":{"allow":["GET"]}}],"collection":[{"href":"https:\/\/ktbb.org\/v1\/wp-json\/wp\/v2\/posts"}],"about":[{"href":"https:\/\/ktbb.org\/v1\/wp-json\/wp\/v2\/types\/post"}],"author":[{"embeddable":true,"href":"https:\/\/ktbb.org\/v1\/wp-json\/wp\/v2\/users\/10"}],"replies":[{"embeddable":true,"href":"https:\/\/ktbb.org\/v1\/wp-json\/wp\/v2\/comments?post=11915"}],"version-history":[{"count":1,"href":"https:\/\/ktbb.org\/v1\/wp-json\/wp\/v2\/posts\/11915\/revisions"}],"predecessor-version":[{"id":11916,"href":"https:\/\/ktbb.org\/v1\/wp-json\/wp\/v2\/posts\/11915\/revisions\/11916"}],"wp:featuredmedia":[{"embeddable":true,"href":"https:\/\/ktbb.org\/v1\/wp-json\/wp\/v2\/media\/10764"}],"wp:attachment":[{"href":"https:\/\/ktbb.org\/v1\/wp-json\/wp\/v2\/media?parent=11915"}],"wp:term":[{"taxonomy":"category","embeddable":true,"href":"https:\/\/ktbb.org\/v1\/wp-json\/wp\/v2\/categories?post=11915"},{"taxonomy":"post_tag","embeddable":true,"href":"https:\/\/ktbb.org\/v1\/wp-json\/wp\/v2\/tags?post=11915"}],"curies":[{"name":"wp","href":"https:\/\/api.w.org\/{rel}","templated":true}]}}