{"id":11946,"date":"2021-07-16T09:23:30","date_gmt":"2021-07-16T09:23:30","guid":{"rendered":"http:\/\/ktbb.org\/v1\/?p=11946"},"modified":"2021-07-16T09:23:30","modified_gmt":"2021-07-16T09:23:30","slug":"ozcinar-20-temmuz-baris-ve-ozgurluk-bayramini-kutladi-2","status":"publish","type":"post","link":"https:\/\/ktbb.org\/v1\/ozcinar-20-temmuz-baris-ve-ozgurluk-bayramini-kutladi-2\/","title":{"rendered":"\u00d6z\u00e7\u0131nar,\u00a0 20 Temmuz Bar\u0131\u015f ve \u00d6zg\u00fcrl\u00fck Bayram\u0131\u2019n\u0131 kutlad\u0131"},"content":{"rendered":"<p>K. T. Belediyeler Birli\u011fi ve G\u00fczelyurt Belediye Ba\u015fkan\u0131 Mahmut \u00d6z\u00e7\u0131nar,\u00a0 20 Temmuz Bar\u0131\u015f ve \u00d6zg\u00fcrl\u00fck Bayram\u0131\u2019n\u0131 kutlad\u0131.<\/p>\n<p>\u00d6z\u00e7\u0131nar&#8217;\u0131n mesaj\u0131 \u015f\u00f6yle:<\/p>\n<p>20 Temmuz Bar\u0131\u015f Harekat\u0131\u2019n\u0131n 47. y\u0131ld\u00f6n\u00fcm\u00fcn\u00fc kutlaman\u0131n gururunu ya\u015f\u0131yoruz.<\/p>\n<p>20 Temmuz 1974 \u00e7ok \u00f6nemli bir d\u00f6n\u00fcm noktas\u0131d\u0131r.<\/p>\n<p>15 Temmuz Yunan Cuntas\u0131\u2019n\u0131n darbesinin ard\u0131ndan, T\u00fcrkiye\u2019nin, Garanti ve \u0130ttifak Antla\u015fmalar\u0131ndan do\u011fan haklar\u0131yla ger\u00e7ekle\u015ftirdi\u011fi m\u00fcdahele ile K\u0131br\u0131s T\u00fcrk\u00fc \u00f6zg\u00fcrl\u00fc\u011fe kavu\u015fmu\u015ftur.<\/p>\n<p>K\u0131br\u0131s T\u00fcrk\u00fc\u2019n\u00fc \u00f6zg\u00fcrl\u00fc\u011f\u00fcne kavu\u015fturan bu \u00f6zel g\u00fcn\u00fcn 47. y\u0131l d\u00f6n\u00fcm\u00fcn\u00fc, T\u00fcrkiye\u2019nin deste\u011fi ve g\u00fcvencesi alt\u0131nda, Kuzey K\u0131br\u0131s T\u00fcrk Cumhuriyeti topraklar\u0131nda huzur ve g\u00fcven i\u00e7erisinde kutluyoruz.<\/p>\n<p>G\u00f6revimiz bug\u00fcnlere nas\u0131l ula\u015f\u0131ld\u0131\u011f\u0131n\u0131 unutmadan, ge\u00e7mi\u015ften ders alarak, \u00e7ocuklar\u0131m\u0131z i\u00e7in g\u00fcven veren bir gelecek sa\u011flamak.<\/p>\n<p>20 Temmuz Bar\u0131\u015f ve \u00d6zg\u00fcrl\u00fck Bayram\u0131\u2019n\u0131 kutlarken, Bar\u0131\u015f Harekat\u0131 s\u0131ras\u0131nda \u015fehit d\u00fc\u015fenlere Allah&#8217;tan rahmet diler, gazilerimizi sayg\u0131 ile anar\u0131m.<\/p>\n","protected":false},"excerpt":{"rendered":"<p>K. T. Belediyeler Birli\u011fi ve G\u00fczelyurt Belediye Ba\u015fkan\u0131 Mahmut \u00d6z\u00e7\u0131nar,\u00a0 [&hellip;]<\/p>\n","protected":false},"author":10,"featured_media":8439,"comment_status":"open","ping_status":"closed","sticky":false,"template":"","format":"standard","meta":{"footnotes":""},"categories":[1],"tags":[],"class_list":["post-11946","post","type-post","status-publish","format-standard","has-post-thumbnail","hentry","category-birlikten-haberler"],"_links":{"self":[{"href":"https:\/\/ktbb.org\/v1\/wp-json\/wp\/v2\/posts\/11946","targetHints":{"allow":["GET"]}}],"collection":[{"href":"https:\/\/ktbb.org\/v1\/wp-json\/wp\/v2\/posts"}],"about":[{"href":"https:\/\/ktbb.org\/v1\/wp-json\/wp\/v2\/types\/post"}],"author":[{"embeddable":true,"href":"https:\/\/ktbb.org\/v1\/wp-json\/wp\/v2\/users\/10"}],"replies":[{"embeddable":true,"href":"https:\/\/ktbb.org\/v1\/wp-json\/wp\/v2\/comments?post=11946"}],"version-history":[{"count":1,"href":"https:\/\/ktbb.org\/v1\/wp-json\/wp\/v2\/posts\/11946\/revisions"}],"predecessor-version":[{"id":11947,"href":"https:\/\/ktbb.org\/v1\/wp-json\/wp\/v2\/posts\/11946\/revisions\/11947"}],"wp:featuredmedia":[{"embeddable":true,"href":"https:\/\/ktbb.org\/v1\/wp-json\/wp\/v2\/media\/8439"}],"wp:attachment":[{"href":"https:\/\/ktbb.org\/v1\/wp-json\/wp\/v2\/media?parent=11946"}],"wp:term":[{"taxonomy":"category","embeddable":true,"href":"https:\/\/ktbb.org\/v1\/wp-json\/wp\/v2\/categories?post=11946"},{"taxonomy":"post_tag","embeddable":true,"href":"https:\/\/ktbb.org\/v1\/wp-json\/wp\/v2\/tags?post=11946"}],"curies":[{"name":"wp","href":"https:\/\/api.w.org\/{rel}","templated":true}]}}