{"id":11972,"date":"2021-07-28T11:18:42","date_gmt":"2021-07-28T11:18:42","guid":{"rendered":"http:\/\/ktbb.org\/v1\/?p=11972"},"modified":"2021-07-28T11:18:42","modified_gmt":"2021-07-28T11:18:42","slug":"turkiye-muhtarlar-federasyonundan-mersin-subesine-bagli-muhtarlar-gazimagusa-belediyesini-ziyaret-etti","status":"publish","type":"post","link":"https:\/\/ktbb.org\/v1\/turkiye-muhtarlar-federasyonundan-mersin-subesine-bagli-muhtarlar-gazimagusa-belediyesini-ziyaret-etti\/","title":{"rendered":"T\u00fcrkiye Muhtarlar Federasyonu\u2019ndan Mersin \u015eubesi\u2019ne ba\u011fl\u0131 muhtarlar Gazima\u011fusa Belediyesi&#8217;ni ziyaret etti"},"content":{"rendered":"<p>Ma\u011fusa Muhtarlar Derne\u011fi\u2019nin davetlisi olarak \u00fclkemize gelen T\u00fcrkiye Muhtarlar Federasyonu\u2019ndan Mersin \u015eubesi\u2019ne ba\u011fl\u0131 11 muhtar bug\u00fcn\u00a0 Gazima\u011fusa Belediyesi&#8217;ni ziyaret etti.<\/p>\n<p>Gazima\u011fusa Belediye Ba\u015fkan\u0131 \u0130smail Arter, pandemi nedeniyle 2 \u00fclke aras\u0131ndaki gidi\u015f geli\u015flerin azald\u0131\u011f\u0131n\u0131, Mersin B\u00fcy\u00fck\u015fehir Belediyesi ile Gazima\u011fusa Belediyesi\u2019nin karde\u015f \u015fehir oldu\u011funu, ili\u015fkilerin devam etti\u011fini, T\u00fcrkiye\u2019den gelen muhtarlar\u0131n da KKTC\u2019deki muhtarlara deneyimlerini aktarmas\u0131n\u0131 isteyerek, merkezi idarelerin \u00fclkeyi y\u00f6netti\u011fini ancak insanlar\u0131 do\u011fumundan \u00f6l\u00fcm\u00fcne kadar en yak\u0131n bilen muhtarlar\u0131n oldu\u011funu s\u00f6yledi. Gazima\u011fusa\u2019da Mara\u015f konusunun g\u00fcndemde oldu\u011funu 46 y\u0131l kapal\u0131 kalan bir b\u00f6lgenin yan\u0131nda belediyecilik yapmaya \u00e7al\u0131\u015ft\u0131klar\u0131n\u0131 ifade eden Ba\u015fkan Arter, Mara\u015f\u2019ta kamu alanlar\u0131n\u0131n d\u00fczenlenmesi ve insanlar\u0131n b\u00f6lgeye ziyaretinin ba\u015flad\u0131\u011f\u0131n\u0131, bunlar\u0131 yaparken kom\u015fular\u0131 rahats\u0131z etmemek gerekti\u011fini, hareketlenmenin Rum liderli\u011fi ile yap\u0131lan g\u00f6r\u00fc\u015fmelere olumlu yans\u0131mas\u0131n\u0131n olmas\u0131n\u0131 diledi.<\/p>\n<p>T\u00fcrkiye Muhtarlar Federasyonu Mersin \u015eubesi Ba\u015fkan\u0131 \u0130brahim Soysal ise, 20 Temmuz Bar\u0131\u015f ve \u00d6zg\u00fcrl\u00fck Bayram\u0131\u2019n\u0131 kutlayarak, Kurucu Cumhurba\u015fkan\u0131 Rauf Raif Denkta\u015f ve \u015fehitleri rahmetle and\u0131\u011f\u0131n\u0131 ifade etti. Soysal, Mersin muhtarlar\u0131 olarak \u00fclkeye ilk kez geldiklerini, KKTC Cumhurba\u015fkan\u0131 Ersin Tatar\u2019a, Ma\u011fusa Muhtarlar Derne\u011fi Mustafa Ye\u015filleme ve KKTC Mersin Ba\u015fkonsolosu Zalihe Mendeli\u2019ye te\u015fekk\u00fcr etti. Bu birlikteli\u011fin devam\u0131n\u0131 da dileyen Soysal, Ba\u015fkan \u0130smail Arter\u2019e de te\u015fekk\u00fcr ederek, Ba\u015fkan \u0130smail Arter\u2019e takdir belgesi takdim etti.<\/p>\n<p>Ma\u011fusa Muhtarlar Derne\u011fi Ba\u015fkan\u0131 Mustafa Ye\u015filleme de Ba\u015fkan \u0130smail Arter\u2019in her taleplerine olumlu cevap verdi\u011fini ve derneklerine her zaman destek oldu\u011funu ifade ederek te\u015fekk\u00fcr etti.<\/p>\n","protected":false},"excerpt":{"rendered":"<p>Ma\u011fusa Muhtarlar Derne\u011fi\u2019nin davetlisi olarak \u00fclkemize gelen T\u00fcrkiye Muhtarlar Federasyonu\u2019ndan [&hellip;]<\/p>\n","protected":false},"author":10,"featured_media":11973,"comment_status":"open","ping_status":"closed","sticky":false,"template":"","format":"standard","meta":{"footnotes":""},"categories":[9],"tags":[],"class_list":["post-11972","post","type-post","status-publish","format-standard","has-post-thumbnail","hentry","category-uyelerimizin-haberleri"],"_links":{"self":[{"href":"https:\/\/ktbb.org\/v1\/wp-json\/wp\/v2\/posts\/11972","targetHints":{"allow":["GET"]}}],"collection":[{"href":"https:\/\/ktbb.org\/v1\/wp-json\/wp\/v2\/posts"}],"about":[{"href":"https:\/\/ktbb.org\/v1\/wp-json\/wp\/v2\/types\/post"}],"author":[{"embeddable":true,"href":"https:\/\/ktbb.org\/v1\/wp-json\/wp\/v2\/users\/10"}],"replies":[{"embeddable":true,"href":"https:\/\/ktbb.org\/v1\/wp-json\/wp\/v2\/comments?post=11972"}],"version-history":[{"count":1,"href":"https:\/\/ktbb.org\/v1\/wp-json\/wp\/v2\/posts\/11972\/revisions"}],"predecessor-version":[{"id":11974,"href":"https:\/\/ktbb.org\/v1\/wp-json\/wp\/v2\/posts\/11972\/revisions\/11974"}],"wp:featuredmedia":[{"embeddable":true,"href":"https:\/\/ktbb.org\/v1\/wp-json\/wp\/v2\/media\/11973"}],"wp:attachment":[{"href":"https:\/\/ktbb.org\/v1\/wp-json\/wp\/v2\/media?parent=11972"}],"wp:term":[{"taxonomy":"category","embeddable":true,"href":"https:\/\/ktbb.org\/v1\/wp-json\/wp\/v2\/categories?post=11972"},{"taxonomy":"post_tag","embeddable":true,"href":"https:\/\/ktbb.org\/v1\/wp-json\/wp\/v2\/tags?post=11972"}],"curies":[{"name":"wp","href":"https:\/\/api.w.org\/{rel}","templated":true}]}}