{"id":11975,"date":"2021-07-31T12:07:23","date_gmt":"2021-07-31T12:07:23","guid":{"rendered":"http:\/\/ktbb.org\/v1\/?p=11975"},"modified":"2021-07-31T12:07:23","modified_gmt":"2021-07-31T12:07:23","slug":"mahmut-ozcinar-1-agustos-toplumsal-direnis-bayramini-kutladi","status":"publish","type":"post","link":"https:\/\/ktbb.org\/v1\/mahmut-ozcinar-1-agustos-toplumsal-direnis-bayramini-kutladi\/","title":{"rendered":"Mahmut \u00d6z\u00e7\u0131nar, 1 A\u011fustos Toplumsal Direni\u015f Bayram\u0131\u2019n\u0131 kutlad\u0131"},"content":{"rendered":"<p>K. T. Belediyeler Birli\u011fi ve G\u00fczelyurt Belediye Ba\u015fkan\u0131 Mahmut \u00d6z\u00e7\u0131nar, 1 A\u011fustos Toplumsal Direni\u015f Bayram\u0131\u2019n\u0131 kutlad\u0131.<\/p>\n<p>\u00d6z\u00e7\u0131nar&#8217;\u0131n mesaj\u0131 \u015f\u00f6yle:<\/p>\n<p>G\u00fcvenlik Kuvvetleri Komutanl\u0131\u011f\u0131\u2019n\u0131n 45\u2019inci, T\u00fcrk Mukavemet Te\u015fkilat\u0131\u2019n\u0131n 63\u2019\u00fcnc\u00fc ve K\u0131br\u0131s\u2019\u0131n Osmanl\u0131 Devleti taraf\u0131ndan fethinin 450\u2019nci y\u0131l d\u00f6n\u00fcm\u00fcn\u00fc kutlaman\u0131n onur ve gururunu ya\u015f\u0131yoruz.<\/p>\n<p>Heyecanla kutlad\u0131\u011f\u0131m\u0131z bu \u00fc\u00e7 \u00f6nemli y\u0131l d\u00f6n\u00fcm\u00fcn\u00fc, K\u0131br\u0131s T\u00fcrk Halk\u0131n\u0131n e\u015fit, \u00f6zg\u00fcr ve g\u00fcven i\u00e7inde ya\u015famak i\u00e7in verdi\u011fi \u00e7etin m\u00fccadeleyi simgeleyen \u00e7ok \u00f6zel bir g\u00fcnd\u00fcr.<\/p>\n<p>Halk\u0131m\u0131z\u0131n \u20181 A\u011fustos Toplumsal Direni\u015f Bayram\u0131\u2019n\u0131 en kalbi duygularla kutlarken, bu u\u011furda \u015fehit olanlar\u0131 rahmet ve minnetle anar, K\u0131br\u0131s T\u00fcrk\u00fc\u2019n\u00fcn her zaman yan\u0131nda olan Anavatan T\u00fcrkiye\u2019ye, t\u00fcm TSK ve GKK mensuplar\u0131na te\u015fekk\u00fcrlerimi sunar\u0131m.<\/p>\n","protected":false},"excerpt":{"rendered":"<p>K. T. Belediyeler Birli\u011fi ve G\u00fczelyurt Belediye Ba\u015fkan\u0131 Mahmut \u00d6z\u00e7\u0131nar, [&hellip;]<\/p>\n","protected":false},"author":10,"featured_media":2746,"comment_status":"open","ping_status":"closed","sticky":false,"template":"","format":"standard","meta":{"footnotes":""},"categories":[1],"tags":[],"class_list":["post-11975","post","type-post","status-publish","format-standard","has-post-thumbnail","hentry","category-birlikten-haberler"],"_links":{"self":[{"href":"https:\/\/ktbb.org\/v1\/wp-json\/wp\/v2\/posts\/11975","targetHints":{"allow":["GET"]}}],"collection":[{"href":"https:\/\/ktbb.org\/v1\/wp-json\/wp\/v2\/posts"}],"about":[{"href":"https:\/\/ktbb.org\/v1\/wp-json\/wp\/v2\/types\/post"}],"author":[{"embeddable":true,"href":"https:\/\/ktbb.org\/v1\/wp-json\/wp\/v2\/users\/10"}],"replies":[{"embeddable":true,"href":"https:\/\/ktbb.org\/v1\/wp-json\/wp\/v2\/comments?post=11975"}],"version-history":[{"count":1,"href":"https:\/\/ktbb.org\/v1\/wp-json\/wp\/v2\/posts\/11975\/revisions"}],"predecessor-version":[{"id":11976,"href":"https:\/\/ktbb.org\/v1\/wp-json\/wp\/v2\/posts\/11975\/revisions\/11976"}],"wp:featuredmedia":[{"embeddable":true,"href":"https:\/\/ktbb.org\/v1\/wp-json\/wp\/v2\/media\/2746"}],"wp:attachment":[{"href":"https:\/\/ktbb.org\/v1\/wp-json\/wp\/v2\/media?parent=11975"}],"wp:term":[{"taxonomy":"category","embeddable":true,"href":"https:\/\/ktbb.org\/v1\/wp-json\/wp\/v2\/categories?post=11975"},{"taxonomy":"post_tag","embeddable":true,"href":"https:\/\/ktbb.org\/v1\/wp-json\/wp\/v2\/tags?post=11975"}],"curies":[{"name":"wp","href":"https:\/\/api.w.org\/{rel}","templated":true}]}}