{"id":11984,"date":"2021-08-02T06:38:29","date_gmt":"2021-08-02T06:38:29","guid":{"rendered":"http:\/\/ktbb.org\/v1\/?p=11984"},"modified":"2021-08-02T06:39:07","modified_gmt":"2021-08-02T06:39:07","slug":"ozcinar-tdbb-yonetim-kurulu-toplantisina-katildi-3","status":"publish","type":"post","link":"https:\/\/ktbb.org\/v1\/ozcinar-tdbb-yonetim-kurulu-toplantisina-katildi-3\/","title":{"rendered":"\u00d6z\u00e7\u0131nar, TDBB Y\u00f6netim Kurulu Toplant\u0131s\u0131\u2019na kat\u0131ld\u0131"},"content":{"rendered":"<p>&nbsp;<\/p>\n<p>K. T. Belediyeler Birli\u011fi ve G\u00fczelyurt Belediye Ba\u015fkan\u0131 Mahmut \u00d6z\u00e7\u0131nar, Konya&#8217;da ger\u00e7ekle\u015ftirilen T\u00fcrk D\u00fcnyas\u0131 Belediyeler Birli\u011fi&#8217;nin (TDBB) Y\u00f6netim Kurulu Toplant\u0131s\u0131\u2019na kat\u0131ld\u0131.<\/p>\n<p>Konya B\u00fcy\u00fck\u015fehir Belediye Ba\u015fkan\u0131 U\u011fur \u0130brahim Altay&#8217;\u0131n ba\u015fkanl\u0131\u011f\u0131n\u0131 y\u00fcr\u00fctt\u00fc\u011f\u00fc 30 \u00fclkeden 1.183 \u00fcyesi bulunan T\u00fcrk D\u00fcnyas\u0131 Belediyeler Birli\u011fi&#8217;nin (TDBB) Y\u00f6netim Kurulu Toplant\u0131s\u0131, 30 Temmuz g\u00fcn\u00fc Konya&#8217;daki Sel\u00e7uklu Kongre Merkezi&#8217;ndeki ger\u00e7ekle\u015ftirildi.<\/p>\n<p><img decoding=\"async\" class=\"alignnone size-medium wp-image-11985\" src=\"http:\/\/ktbb.org\/v1\/wp-content\/uploads\/2021\/08\/2-146x300.jpeg\" alt=\"\" width=\"146\" height=\"300\" srcset=\"https:\/\/ktbb.org\/v1\/wp-content\/uploads\/2021\/08\/2-146x300.jpeg 146w, https:\/\/ktbb.org\/v1\/wp-content\/uploads\/2021\/08\/2-200x412.jpeg 200w, https:\/\/ktbb.org\/v1\/wp-content\/uploads\/2021\/08\/2-400x824.jpeg 400w, https:\/\/ktbb.org\/v1\/wp-content\/uploads\/2021\/08\/2-497x1024.jpeg 497w, https:\/\/ktbb.org\/v1\/wp-content\/uploads\/2021\/08\/2-600x1236.jpeg 600w, https:\/\/ktbb.org\/v1\/wp-content\/uploads\/2021\/08\/2-746x1536.jpeg 746w, https:\/\/ktbb.org\/v1\/wp-content\/uploads\/2021\/08\/2-768x1581.jpeg 768w, https:\/\/ktbb.org\/v1\/wp-content\/uploads\/2021\/08\/2.jpeg 777w\" sizes=\"(max-width: 146px) 100vw, 146px\" \/><\/p>\n<p>KKTC\u2019den TDBB Y\u00f6netim Kurulu \u00dcyesi, K. T. Belediyeler Birli\u011fi ve G\u00fczelyurt Belediye Ba\u015fkan\u0131 Mahmut \u00d6z\u00e7\u0131nar\u2019\u0131n yer ald\u0131\u011f\u0131 toplant\u0131ya, Arnavutluk, Azerbaycan, Bosna, K\u0131rg\u0131zistan, Makedonya ve T\u00fcrkiye\u2019de YK \u00dcyeleri de kat\u0131ld\u0131.<\/p>\n<p>Toplant\u0131da konu\u015fan Birlik Ba\u015fkan\u0131 ve Konya B\u00fcy\u00fck\u015fehir Belediye Ba\u015fkan\u0131 U\u011fur \u0130brahim Altay, 30 farkl\u0131 \u00fclkeden belediyeyi i\u00e7inde bar\u0131nd\u0131ran T\u00fcrkiye&#8217;nin tek uluslararas\u0131 birli\u011fin ba\u015fkanl\u0131\u011f\u0131n\u0131 y\u00fcr\u00fctmekten onur duydu\u011funu belirterek, &#8220;TDBB olarak \u00f6zellikle k\u00fclt\u00fcr ve medeniyetimize sahip \u00e7\u0131kmak, birlik ve beraberli\u011fimiz art\u0131rmak, belediyecilik tecr\u00fcbesini art\u0131rmak konular\u0131nda \u00e7ok \u00f6nemli faaliyetler y\u00fcr\u00fct\u00fcyoruz.\u201d dedi.<\/p>\n<p><strong>\u201cKonya B\u00fcy\u00fck\u015fehir olarak KKTC&#8217;de \u00f6nemli \u00e7al\u0131\u015fmalar y\u00fcr\u00fct\u00fcyoruz\u201d<\/strong><\/p>\n<p>Altay, \u201cge\u00e7ti\u011fimiz g\u00fcnlerde K\u0131br\u0131s Bar\u0131\u015f Harekat\u0131&#8217;n\u0131n 47&#8217;inci y\u0131l\u0131 dolay\u0131s\u0131yla Cumhurba\u015fkan\u0131m\u0131z Say\u0131n Recep Tayyip Erdo\u011fan ile birlikte Kuzey K\u0131br\u0131s T\u00fcrk Cumhuriyeti&#8217;ni (KKTC) ziyaret ettik. K\u0131br\u0131sl\u0131 T\u00fcrk karde\u015flerimiz i\u00e7in adada e\u015fit hak ve adalet anlay\u0131\u015f\u0131n\u0131n hakim k\u0131l\u0131nmas\u0131 i\u00e7in gerekli deste\u011fi g\u00f6stererek s\u00fcrd\u00fcr\u00fclebilir bir gelecek temennimizi dile getirdik. Konya B\u00fcy\u00fck\u015fehir olarak KKTC&#8217;de \u00f6nemli \u00e7al\u0131\u015fmalar y\u00fcr\u00fct\u00fcyoruz. \u00d6zellikle Kapal\u0131 Mara\u015f ilk defa a\u00e7\u0131ld\u0131\u011f\u0131nda \u00c7evre ve \u015eehircilik Bakanl\u0131\u011f\u0131, TOK\u0130 ve Konya B\u00fcy\u00fck\u015fehir Belediyesi oradaki d\u00fczenlemelerde \u00f6nemli \u00e7al\u0131\u015fmalar ger\u00e7ekle\u015ftirdik. Son ziyaretimizde de Diyanet \u0130\u015fleri Ba\u015fkanl\u0131\u011f\u0131m\u0131zla ile birlikte K\u0131br\u0131s&#8217;taki yaz kurslar\u0131na kaydolan 5 bin \u00e7ocu\u011fumuza bisiklet hediye ettik.\u201d diye konu\u015ftu.<\/p>\n<p><strong>150.000 fidan ba\u011f\u0131\u015f\u0131 yap\u0131lacak<\/strong><\/p>\n<p>Ba\u015fkan Altay, T\u00fcrkiye\u2019nin bir\u00e7ok \u015fehrinde ya\u015fanan yang\u0131nlar sebebiyle ge\u00e7mi\u015f olsun dileklerini de ileterek, T\u00fcrk D\u00fcnyas\u0131 belediyeleri olarak ormanlar\u0131n yeniden canlanmas\u0131 i\u00e7in yang\u0131n b\u00f6lgesine 150.000 fidan ba\u011f\u0131\u015f\u0131nda bulanacaklar\u0131n\u0131 s\u00f6yledi.<\/p>\n<p>TDBB Genel Sekreteri Fahri Solak&#8217;\u0131n birli\u011fin \u00e7al\u0131\u015fmalar\u0131 ve faaliyetleri hakk\u0131nda bilgilendirmede bulundu\u011fu toplant\u0131da y\u00f6netim kurulu \u00fcyesi belediye ba\u015fkanlar\u0131 da g\u00f6r\u00fc\u015flerini ifade ettiler.<\/p>\n","protected":false},"excerpt":{"rendered":"<p>&nbsp; K. T. Belediyeler Birli\u011fi ve G\u00fczelyurt Belediye Ba\u015fkan\u0131 Mahmut [&hellip;]<\/p>\n","protected":false},"author":10,"featured_media":11986,"comment_status":"open","ping_status":"closed","sticky":false,"template":"","format":"standard","meta":{"footnotes":""},"categories":[1],"tags":[],"class_list":["post-11984","post","type-post","status-publish","format-standard","has-post-thumbnail","hentry","category-birlikten-haberler"],"_links":{"self":[{"href":"https:\/\/ktbb.org\/v1\/wp-json\/wp\/v2\/posts\/11984","targetHints":{"allow":["GET"]}}],"collection":[{"href":"https:\/\/ktbb.org\/v1\/wp-json\/wp\/v2\/posts"}],"about":[{"href":"https:\/\/ktbb.org\/v1\/wp-json\/wp\/v2\/types\/post"}],"author":[{"embeddable":true,"href":"https:\/\/ktbb.org\/v1\/wp-json\/wp\/v2\/users\/10"}],"replies":[{"embeddable":true,"href":"https:\/\/ktbb.org\/v1\/wp-json\/wp\/v2\/comments?post=11984"}],"version-history":[{"count":1,"href":"https:\/\/ktbb.org\/v1\/wp-json\/wp\/v2\/posts\/11984\/revisions"}],"predecessor-version":[{"id":11987,"href":"https:\/\/ktbb.org\/v1\/wp-json\/wp\/v2\/posts\/11984\/revisions\/11987"}],"wp:featuredmedia":[{"embeddable":true,"href":"https:\/\/ktbb.org\/v1\/wp-json\/wp\/v2\/media\/11986"}],"wp:attachment":[{"href":"https:\/\/ktbb.org\/v1\/wp-json\/wp\/v2\/media?parent=11984"}],"wp:term":[{"taxonomy":"category","embeddable":true,"href":"https:\/\/ktbb.org\/v1\/wp-json\/wp\/v2\/categories?post=11984"},{"taxonomy":"post_tag","embeddable":true,"href":"https:\/\/ktbb.org\/v1\/wp-json\/wp\/v2\/tags?post=11984"}],"curies":[{"name":"wp","href":"https:\/\/api.w.org\/{rel}","templated":true}]}}