{"id":12002,"date":"2021-08-04T11:13:35","date_gmt":"2021-08-04T11:13:35","guid":{"rendered":"http:\/\/ktbb.org\/v1\/?p=12002"},"modified":"2021-08-04T11:13:35","modified_gmt":"2021-08-04T11:13:35","slug":"gungordu-kamacioglu-ve-heyetini-kabul-etti","status":"publish","type":"post","link":"https:\/\/ktbb.org\/v1\/gungordu-kamacioglu-ve-heyetini-kabul-etti\/","title":{"rendered":"G\u00fcng\u00f6rd\u00fc, Kamac\u0131o\u011flu ve heyetini kabul etti"},"content":{"rendered":"<div class=\"o9v6fnle cxmmr5t8 oygrvhab hcukyx3x c1et5uql ii04i59q\">\n<div dir=\"auto\">Yeni se\u00e7ilen Sanayi Odas\u0131 Ba\u015fkan\u0131 Ali Kamac\u0131o\u011flu ve beraberindeki heyet Girne Belediye Ba\u015fkan\u0131 Nidai G\u00fcng\u00f6rd\u00fc\u2019y\u00fc 03 A\u011fustos 2021\u2019de makam\u0131nda ziyaret etti.<\/div>\n<div dir=\"auto\"><\/div>\n<\/div>\n<div class=\"o9v6fnle cxmmr5t8 oygrvhab hcukyx3x c1et5uql ii04i59q\">\n<div dir=\"auto\">Girne Belediyesi\u2019nde ger\u00e7ekle\u015fen ziyarette belediye ve Sanayi Odas\u0131 aras\u0131nda geriye d\u00f6n\u00fc\u015f\u00fcm konusunda, Girne b\u00f6lgesinde bulunan sanayi b\u00f6lgesindeki sorunlar ve b\u00f6lgede yeni bir sanayi yap\u0131lmas\u0131 konusunda g\u00f6r\u00fc\u015f al\u0131\u015fveri\u015finde bulunuldu.<\/div>\n<div dir=\"auto\"><\/div>\n<\/div>\n<div class=\"o9v6fnle cxmmr5t8 oygrvhab hcukyx3x c1et5uql ii04i59q\">\n<div dir=\"auto\">\u201cYerli \u00dcretimin \u00d6nemini G\u00f6r\u00fcyoruz\u201d<\/div>\n<div dir=\"auto\"><\/div>\n<\/div>\n<div class=\"o9v6fnle cxmmr5t8 oygrvhab hcukyx3x c1et5uql ii04i59q\">\n<div dir=\"auto\">Girne Belediye Ba\u015fkan\u0131 Nidai G\u00fcng\u00f6rd\u00fc memnuniyet duydu\u011fu ziyarette yapt\u0131\u011f\u0131 konu\u015fmada, \u201cSanayi Odas\u0131 ba\u015fkanl\u0131\u011f\u0131na se\u00e7ilen Ali Kamac\u0131o\u011flu\u2019nu tebrik ederim. Yeni d\u00f6nemde sanayi odas\u0131 olarak iyi i\u015flere imza atmalar\u0131n\u0131 temenni ederim.\u201d dedi. G\u00fcng\u00f6rd\u00fc, pandemi d\u00f6neminde yerel \u00fcretimin ve sanayinin \u00f6nemini g\u00f6rd\u00fcklerini, bu konuda da Sanayi Odas\u0131\u2019na b\u00fcy\u00fck g\u00f6rev d\u00fc\u015ft\u00fc\u011f\u00fcn\u00fc belirtti. Zeytin, zeytinya\u011f\u0131, harnup, hellim ve bal gibi do\u011fal \u00fcr\u00fcnlerin desteklenmesi, pazarlanmas\u0131, te\u015fvik edilmesi konular\u0131nda g\u00f6r\u00fc\u015f al\u0131\u015fveri\u015finde bulunuldu\u011funu ve bu konuda \u00f6nemli ad\u0131mlar att\u0131klar\u0131n\u0131 dile getirdi. Girne Belediyesi\u2019ne yapt\u0131klar\u0131 ziyaretten dolay\u0131 Kamac\u0131o\u011flu ve ekibine te\u015fekk\u00fcr eden G\u00fcng\u00f6rd\u00fc, yeni d\u00f6nemde ba\u015far\u0131l\u0131 olmalar\u0131n\u0131 diledi.<\/div>\n<div dir=\"auto\"><\/div>\n<\/div>\n<div class=\"o9v6fnle cxmmr5t8 oygrvhab hcukyx3x c1et5uql ii04i59q\">\n<div dir=\"auto\">\u201cK\u0131br\u0131s T\u00fcrk Toplumu \u0130\u00e7in \u00d6nemli Bir Yap\u0131\u201d<\/div>\n<div dir=\"auto\"><\/div>\n<\/div>\n<div class=\"o9v6fnle cxmmr5t8 oygrvhab hcukyx3x c1et5uql ii04i59q\">\n<div dir=\"auto\">Sanayi Odas\u0131 Ba\u015fkan\u0131 Ali Kamac\u0131o\u011flu Girne Belediyesi\u2019ne yap\u0131lan ziyarette Girne Belediyesi\u2019nin yapt\u0131\u011f\u0131 bu binan\u0131n K\u0131br\u0131s T\u00fcrk toplumu i\u00e7in \u00e7ok \u00f6nemli bir yap\u0131 yap\u0131ld\u0131\u011f\u0131n\u0131, yerel i\u015fg\u00fcc\u00fcn\u00fcn yapabilece\u011fi \u00e7ok g\u00fczel bir \u00f6rnek oldu\u011funu, binan\u0131n yap\u0131m\u0131nda kullan\u0131lan malzemelerin %60 a yak\u0131n bir oranda yerli \u00fcretimin olmas\u0131 b\u00fcy\u00fck \u00f6neme sahip oldu\u011funu belirtti. Kamac\u0131o\u011flu, Girne Belediyesi ile zeytin ve zeytin \u00fcr\u00fcnleriyle ilgili daha detayl\u0131 bir \u00e7al\u0131\u015fma yapabileceklerine i\u015faret ederek ileriki d\u00f6nemde bu \u00fcr\u00fcnlerin kullan\u0131m\u0131n\u0131n yayg\u0131nla\u015fmas\u0131 i\u00e7in \u00e7e\u015fitli giri\u015fimlerde bulunmas\u0131 y\u00f6n\u00fcnde g\u00f6r\u00fc\u015f birli\u011fine vard\u0131klar\u0131n\u0131 s\u00f6yledi. Girne Belediye Ba\u015fkan\u0131 Nidai G\u00fcng\u00f6rd\u00fc\u2019ye g\u00f6stermi\u015f olduklar\u0131 misafirperverliklerinden dolay\u0131 da te\u015fekk\u00fcrlerini iletti.<\/div>\n<\/div>\n","protected":false},"excerpt":{"rendered":"<p>Yeni se\u00e7ilen Sanayi Odas\u0131 Ba\u015fkan\u0131 Ali Kamac\u0131o\u011flu ve beraberindeki heyet [&hellip;]<\/p>\n","protected":false},"author":10,"featured_media":12003,"comment_status":"open","ping_status":"closed","sticky":false,"template":"","format":"standard","meta":{"footnotes":""},"categories":[9],"tags":[],"class_list":["post-12002","post","type-post","status-publish","format-standard","has-post-thumbnail","hentry","category-uyelerimizin-haberleri"],"_links":{"self":[{"href":"https:\/\/ktbb.org\/v1\/wp-json\/wp\/v2\/posts\/12002","targetHints":{"allow":["GET"]}}],"collection":[{"href":"https:\/\/ktbb.org\/v1\/wp-json\/wp\/v2\/posts"}],"about":[{"href":"https:\/\/ktbb.org\/v1\/wp-json\/wp\/v2\/types\/post"}],"author":[{"embeddable":true,"href":"https:\/\/ktbb.org\/v1\/wp-json\/wp\/v2\/users\/10"}],"replies":[{"embeddable":true,"href":"https:\/\/ktbb.org\/v1\/wp-json\/wp\/v2\/comments?post=12002"}],"version-history":[{"count":1,"href":"https:\/\/ktbb.org\/v1\/wp-json\/wp\/v2\/posts\/12002\/revisions"}],"predecessor-version":[{"id":12004,"href":"https:\/\/ktbb.org\/v1\/wp-json\/wp\/v2\/posts\/12002\/revisions\/12004"}],"wp:featuredmedia":[{"embeddable":true,"href":"https:\/\/ktbb.org\/v1\/wp-json\/wp\/v2\/media\/12003"}],"wp:attachment":[{"href":"https:\/\/ktbb.org\/v1\/wp-json\/wp\/v2\/media?parent=12002"}],"wp:term":[{"taxonomy":"category","embeddable":true,"href":"https:\/\/ktbb.org\/v1\/wp-json\/wp\/v2\/categories?post=12002"},{"taxonomy":"post_tag","embeddable":true,"href":"https:\/\/ktbb.org\/v1\/wp-json\/wp\/v2\/tags?post=12002"}],"curies":[{"name":"wp","href":"https:\/\/api.w.org\/{rel}","templated":true}]}}