{"id":12040,"date":"2021-08-23T10:50:25","date_gmt":"2021-08-23T10:50:25","guid":{"rendered":"http:\/\/ktbb.org\/v1\/?p=12040"},"modified":"2021-08-23T10:50:25","modified_gmt":"2021-08-23T10:50:25","slug":"girne-belediyesi-tarafindan-genc-yazarlar-tesvik-odulu-verildi","status":"publish","type":"post","link":"https:\/\/ktbb.org\/v1\/girne-belediyesi-tarafindan-genc-yazarlar-tesvik-odulu-verildi\/","title":{"rendered":"Girne Belediyesi taraf\u0131ndan  \u201cGen\u00e7 Yazarlar Te\u015fvik \u00d6d\u00fcl\u00fc\u201d verildi"},"content":{"rendered":"<p>K\u0131br\u0131s T\u00fcrk Yazarlar Birli\u011fi taraf\u0131ndan her sene Ali Nesim\u2019in an\u0131s\u0131na d\u00fczenlenen \u201cAli Nesim Edebiyat \u00d6d\u00fclleri\u201d t\u00f6reninde Girne Belediyesi taraf\u0131ndan ilk defa \u201cGen\u00e7 Yazarlar Te\u015fvik \u00d6d\u00fcl\u00fc\u201d de verilerek, Demet Manna\u015f Kervan\u2019a Polisiye Roman Te\u015fvik \u00d6d\u00fcl\u00fc ve Kemal Caymaz\u2019a Fantastik Roman Te\u015fvik \u00d6d\u00fcl\u00fc takdim edildi.<\/p>\n<p>&nbsp;<\/p>\n<p>K\u0131br\u0131s T\u00fcrk Edebiyat\u0131\u2019n\u0131n \u00f6nemli isimlerinden, uzun y\u0131llar K\u0131br\u0131s T\u00fcrk Yazarlar Birli\u011fi&#8217;nin Ba\u015fkanl\u0131\u011f\u0131n\u0131 \u00fcstlenmi\u015f ve 9 May\u0131s 2014 tarihinde vefat eden Ali Nesim\u2019in d\u00fc\u015f\u00fcncelerini, eserlerini ve K\u0131br\u0131s T\u00fcrk k\u00fclt\u00fcr\u00fcn\u00fc ya\u015fatmak i\u00e7in K\u0131br\u0131s T\u00fcrk Yazarlar Birli\u011fi taraf\u0131ndan 2016 y\u0131l\u0131ndan itibaren da\u011f\u0131t\u0131lan \u201cAli Nesim Edebiyat \u00d6d\u00fclleri\u201d kapsam\u0131nda d\u00fczenlenen \u00f6d\u00fcl t\u00f6reni, ge\u00e7ti\u011fimiz sene pandemi nedeniyle ertelenmi\u015fti.<\/p>\n<p>&nbsp;<\/p>\n<p>Bu sene ertelenen \u00f6d\u00fcl t\u00f6reni nedeniyle,\u00a0 2020 ve 2021 y\u0131llar\u0131 \u00f6d\u00fcl t\u00f6reninde ayn\u0131 anda iki ki\u015fye \u00f6d\u00fcl verildi. Girne Belediyesi taraf\u0131ndan \u00f6d\u00fcl kazanan Demet Manna\u015f Kervan ve Kemal Caymaz, plaket ve maddi \u00f6d\u00fclleri Girne Belediye Ba\u015fkan\u0131 Nidai G\u00fcng\u00f6rd\u00fc taraf\u0131ndan takdim edildi.<\/p>\n<p>&nbsp;<\/p>\n<h3><\/h3>\n","protected":false},"excerpt":{"rendered":"<p>K\u0131br\u0131s T\u00fcrk Yazarlar Birli\u011fi taraf\u0131ndan her sene Ali Nesim\u2019in an\u0131s\u0131na [&hellip;]<\/p>\n","protected":false},"author":10,"featured_media":12041,"comment_status":"open","ping_status":"closed","sticky":false,"template":"","format":"standard","meta":{"footnotes":""},"categories":[9],"tags":[],"class_list":["post-12040","post","type-post","status-publish","format-standard","has-post-thumbnail","hentry","category-uyelerimizin-haberleri"],"_links":{"self":[{"href":"https:\/\/ktbb.org\/v1\/wp-json\/wp\/v2\/posts\/12040","targetHints":{"allow":["GET"]}}],"collection":[{"href":"https:\/\/ktbb.org\/v1\/wp-json\/wp\/v2\/posts"}],"about":[{"href":"https:\/\/ktbb.org\/v1\/wp-json\/wp\/v2\/types\/post"}],"author":[{"embeddable":true,"href":"https:\/\/ktbb.org\/v1\/wp-json\/wp\/v2\/users\/10"}],"replies":[{"embeddable":true,"href":"https:\/\/ktbb.org\/v1\/wp-json\/wp\/v2\/comments?post=12040"}],"version-history":[{"count":1,"href":"https:\/\/ktbb.org\/v1\/wp-json\/wp\/v2\/posts\/12040\/revisions"}],"predecessor-version":[{"id":12042,"href":"https:\/\/ktbb.org\/v1\/wp-json\/wp\/v2\/posts\/12040\/revisions\/12042"}],"wp:featuredmedia":[{"embeddable":true,"href":"https:\/\/ktbb.org\/v1\/wp-json\/wp\/v2\/media\/12041"}],"wp:attachment":[{"href":"https:\/\/ktbb.org\/v1\/wp-json\/wp\/v2\/media?parent=12040"}],"wp:term":[{"taxonomy":"category","embeddable":true,"href":"https:\/\/ktbb.org\/v1\/wp-json\/wp\/v2\/categories?post=12040"},{"taxonomy":"post_tag","embeddable":true,"href":"https:\/\/ktbb.org\/v1\/wp-json\/wp\/v2\/tags?post=12040"}],"curies":[{"name":"wp","href":"https:\/\/api.w.org\/{rel}","templated":true}]}}