{"id":12055,"date":"2021-08-26T06:40:36","date_gmt":"2021-08-26T06:40:36","guid":{"rendered":"http:\/\/ktbb.org\/v1\/?p=12055"},"modified":"2021-08-26T07:11:50","modified_gmt":"2021-08-26T07:11:50","slug":"ktbb-heyeti-genc-dostu-sehirler-kongre-ve-sergisi-programina-katildi","status":"publish","type":"post","link":"https:\/\/ktbb.org\/v1\/ktbb-heyeti-genc-dostu-sehirler-kongre-ve-sergisi-programina-katildi\/","title":{"rendered":"KTBB Heyeti \u2019Gen\u00e7 Dostu \u015eehirler Kongre ve Sergisi Program\u0131na\u2019\u2019 kat\u0131ld\u0131"},"content":{"rendered":"<p>K. T. Belediyeler Birli\u011fi ve G\u00fczelyurt Belediye Ba\u015fkan\u0131 Mahmut \u00d6z\u00e7\u0131nar ve beraberindeki heyet, 24-25 A\u011fustos 2021 tarihlerinde Ankara\u2019da ger\u00e7ekle\u015ftirilen \u2018\u2019Gen\u00e7 Dostu \u015eehirler Kongre ve Sergisi Program\u0131na\u2019\u2019 kat\u0131ld\u0131.<\/p>\n<p>T\u00fcrkiye Belediyeler Birli\u011fi (TBB) ve Gen\u00e7lik ve Spor Bakanl\u0131\u011f\u0131n\u0131n ev sahipli\u011finde d\u00fczenlenen etkinli\u011fin a\u00e7\u0131l\u0131\u015f\u0131, T\u00fcrkiye Cumhuriyeti Cumhurba\u015fkan\u0131 Recep Tayyip Erdo\u011fan\u2019\u0131n kat\u0131l\u0131m\u0131yla Ankara ATO Congresium Kongre ve Sergi Merkezi\u2019nde yap\u0131ld\u0131.<\/p>\n<p><img decoding=\"async\" class=\"alignnone size-medium wp-image-12057\" src=\"http:\/\/ktbb.org\/v1\/wp-content\/uploads\/2021\/08\/genc-dostu-sehirler-300x184.jpg\" alt=\"\" width=\"300\" height=\"184\" srcset=\"https:\/\/ktbb.org\/v1\/wp-content\/uploads\/2021\/08\/genc-dostu-sehirler-200x123.jpg 200w, https:\/\/ktbb.org\/v1\/wp-content\/uploads\/2021\/08\/genc-dostu-sehirler-300x184.jpg 300w, https:\/\/ktbb.org\/v1\/wp-content\/uploads\/2021\/08\/genc-dostu-sehirler-400x245.jpg 400w, https:\/\/ktbb.org\/v1\/wp-content\/uploads\/2021\/08\/genc-dostu-sehirler-600x368.jpg 600w, https:\/\/ktbb.org\/v1\/wp-content\/uploads\/2021\/08\/genc-dostu-sehirler.jpg 652w\" sizes=\"(max-width: 300px) 100vw, 300px\" \/><\/p>\n<p>K. T. Belediyeler Birli\u011fi ve G\u00fczelyurt Belediye Ba\u015fkan\u0131 \u00d6z\u00e7\u0131nar\u2019a, Girne Belediye Ba\u015fkan\u0131 Nidai G\u00fcng\u00f6rd\u00fc, Esentepe Belediye Ba\u015fkan\u0131 Cemal Erdo\u011fan, Tatl\u0131su Belediye Ba\u015fkan\u0131 Hayri Or\u00e7an ve K. T. Belediyeler Birli\u011fi Genel Koordinat\u00f6r\u00fc H\u00fcseyin K\u00f6le e\u015flik etti.<\/p>\n<p>Heyette ayr\u0131ca, belediyelerden temsilciler ve baz\u0131 belediye meclis \u00fcyeleri yer ald\u0131.<\/p>\n<p>Kongrede, TC Cumhurba\u015fkan\u0131 Recep Tayyip Erdo\u011fan, TC Gen\u00e7lik ve Spor Bakan\u0131 Dr. Mehmet Muharrem Kasapo\u011flu ile TBB ve Gaziantep B\u00fcy\u00fck\u015fehir Belediye Ba\u015fkan\u0131 Fatma \u015eahin ana oturumda a\u00e7\u0131l\u0131\u015f konu\u015fmac\u0131s\u0131 olarak yer ald\u0131.<\/p>\n<p><strong>Erdo\u011fan, TBB\u2019yi KKTC\u2019deki \u00e7al\u0131\u015fmalar\u0131ndan dolay\u0131 tebrik etti<\/strong><\/p>\n<p>Kongrenin a\u00e7\u0131l\u0131\u015f\u0131nda kat\u0131l\u0131mc\u0131lara hitap eden TC Cumhurba\u015fkan\u0131 Recep Tayyip Erdo\u011fan, T\u00fcrkiye Belediyeler Birli\u011fi\u2019ni, s\u0131n\u0131rlar\u0131 i\u00e7inde veya d\u0131\u015f\u0131nda ihtiya\u00e7 duyan ve talep eden her bir belediyenin yan\u0131nda yer alma \u00e7abas\u0131n\u0131 takdirle kar\u015f\u0131lad\u0131klar\u0131n\u0131 kaydederek, Birlik y\u00f6netimini, Kuzey K\u0131br\u0131s T\u00fcrk Cumhuriyeti\u2019ndeki ba\u015far\u0131l\u0131 \u00e7al\u0131\u015fmalar\u0131 dolay\u0131s\u0131yla tebrik etti.<\/p>\n<p><img decoding=\"async\" class=\"alignnone size-medium wp-image-12058\" src=\"http:\/\/ktbb.org\/v1\/wp-content\/uploads\/2021\/08\/3-300x169.jpg\" alt=\"\" width=\"300\" height=\"169\" srcset=\"https:\/\/ktbb.org\/v1\/wp-content\/uploads\/2021\/08\/3-200x113.jpg 200w, https:\/\/ktbb.org\/v1\/wp-content\/uploads\/2021\/08\/3-300x169.jpg 300w, https:\/\/ktbb.org\/v1\/wp-content\/uploads\/2021\/08\/3-400x225.jpg 400w, https:\/\/ktbb.org\/v1\/wp-content\/uploads\/2021\/08\/3-600x338.jpg 600w, https:\/\/ktbb.org\/v1\/wp-content\/uploads\/2021\/08\/3-768x432.jpg 768w, https:\/\/ktbb.org\/v1\/wp-content\/uploads\/2021\/08\/3-800x450.jpg 800w, https:\/\/ktbb.org\/v1\/wp-content\/uploads\/2021\/08\/3.jpg 960w\" sizes=\"(max-width: 300px) 100vw, 300px\" \/><\/p>\n<p><img decoding=\"async\" class=\"alignnone size-medium wp-image-12059\" src=\"http:\/\/ktbb.org\/v1\/wp-content\/uploads\/2021\/08\/2-1-225x300.jpeg\" alt=\"\" width=\"225\" height=\"300\" srcset=\"https:\/\/ktbb.org\/v1\/wp-content\/uploads\/2021\/08\/2-1-200x267.jpeg 200w, https:\/\/ktbb.org\/v1\/wp-content\/uploads\/2021\/08\/2-1-225x300.jpeg 225w, https:\/\/ktbb.org\/v1\/wp-content\/uploads\/2021\/08\/2-1-400x533.jpeg 400w, https:\/\/ktbb.org\/v1\/wp-content\/uploads\/2021\/08\/2-1-600x800.jpeg 600w, https:\/\/ktbb.org\/v1\/wp-content\/uploads\/2021\/08\/2-1-768x1024.jpeg 768w, https:\/\/ktbb.org\/v1\/wp-content\/uploads\/2021\/08\/2-1-800x1067.jpeg 800w, https:\/\/ktbb.org\/v1\/wp-content\/uploads\/2021\/08\/2-1-1152x1536.jpeg 1152w, https:\/\/ktbb.org\/v1\/wp-content\/uploads\/2021\/08\/2-1.jpeg 1200w\" sizes=\"(max-width: 225px) 100vw, 225px\" \/><\/p>\n<p><strong>Girne Belediyesi\u2019ne de stand a\u00e7ma imkan\u0131 tan\u0131nd\u0131<\/strong><\/p>\n<p>Etkinlikte T\u00fcrkiye&#8217;nin \u00f6nemli yerli sanayi projeleri sergilendi. Belediyeler gen\u00e7ler i\u00e7in yapt\u0131\u011f\u0131 hizmetleri anlatt\u0131. Gen\u00e7leri belediyelerle bir araya getiren \u00e7ok say\u0131da stand\u0131n yer ald\u0131\u011f\u0131 etkinlikte Girne Belediyesi\u2019ne de stand a\u00e7ma imkan\u0131 tan\u0131nd\u0131. Belediyeler yan\u0131nda \u00f6zel sekt\u00f6r ve kamu kurumlar\u0131 da gen\u00e7lerle fikir al\u0131\u015fveri\u015finde bulundu.<\/p>\n<p><strong>Yeni projelerle ilgili g\u00f6r\u00fc\u015f al\u0131\u015fveri\u015finde bulunuldu<\/strong><\/p>\n<p>K. T. Belediyeler Birli\u011fi ve G\u00fczelyurt Belediye Ba\u015fkan\u0131 Mahmut \u00d6z\u00e7\u0131nar ile K. T. Belediyeler Birli\u011fi Y\u00fcr\u00fctme Kurulu \u00dcyeleri Girne Belediye Ba\u015fkan\u0131 Nidai G\u00fcng\u00f6rd\u00fc, Tatl\u0131su Belediye Ba\u015fkan\u0131 Hayri Or\u00e7an ve K. T. Belediyeler Birli\u011fi Genel Koordinat\u00f6r\u00fc H\u00fcseyin K\u00f6le, T\u00fcrkiye Belediyeler Birli\u011fi ve Gaziantep B\u00fcy\u00fck\u015fehir Belediye Ba\u015fkan\u0131 Fatma \u015eahin\u2019i makam\u0131nda ziyaret etti.<\/p>\n<p>T\u00fcrkiye Belediyeler Birli\u011fi Genel Sekreteri Birol Ekici\u2019nin de haz\u0131r bulundu\u011fu g\u00f6r\u00fc\u015fmede iki birlik aras\u0131nda devam eden i\u015fbirli\u011fi konular\u0131 g\u00f6zden ge\u00e7irilerek yeni projelerle ilgili g\u00f6r\u00fc\u015f al\u0131\u015fveri\u015finde bulunuldu.<\/p>\n","protected":false},"excerpt":{"rendered":"<p>K. T. Belediyeler Birli\u011fi ve G\u00fczelyurt Belediye Ba\u015fkan\u0131 Mahmut \u00d6z\u00e7\u0131nar [&hellip;]<\/p>\n","protected":false},"author":10,"featured_media":12056,"comment_status":"open","ping_status":"closed","sticky":false,"template":"","format":"standard","meta":{"footnotes":""},"categories":[1],"tags":[],"class_list":["post-12055","post","type-post","status-publish","format-standard","has-post-thumbnail","hentry","category-birlikten-haberler"],"_links":{"self":[{"href":"https:\/\/ktbb.org\/v1\/wp-json\/wp\/v2\/posts\/12055","targetHints":{"allow":["GET"]}}],"collection":[{"href":"https:\/\/ktbb.org\/v1\/wp-json\/wp\/v2\/posts"}],"about":[{"href":"https:\/\/ktbb.org\/v1\/wp-json\/wp\/v2\/types\/post"}],"author":[{"embeddable":true,"href":"https:\/\/ktbb.org\/v1\/wp-json\/wp\/v2\/users\/10"}],"replies":[{"embeddable":true,"href":"https:\/\/ktbb.org\/v1\/wp-json\/wp\/v2\/comments?post=12055"}],"version-history":[{"count":3,"href":"https:\/\/ktbb.org\/v1\/wp-json\/wp\/v2\/posts\/12055\/revisions"}],"predecessor-version":[{"id":12062,"href":"https:\/\/ktbb.org\/v1\/wp-json\/wp\/v2\/posts\/12055\/revisions\/12062"}],"wp:featuredmedia":[{"embeddable":true,"href":"https:\/\/ktbb.org\/v1\/wp-json\/wp\/v2\/media\/12056"}],"wp:attachment":[{"href":"https:\/\/ktbb.org\/v1\/wp-json\/wp\/v2\/media?parent=12055"}],"wp:term":[{"taxonomy":"category","embeddable":true,"href":"https:\/\/ktbb.org\/v1\/wp-json\/wp\/v2\/categories?post=12055"},{"taxonomy":"post_tag","embeddable":true,"href":"https:\/\/ktbb.org\/v1\/wp-json\/wp\/v2\/tags?post=12055"}],"curies":[{"name":"wp","href":"https:\/\/api.w.org\/{rel}","templated":true}]}}