{"id":12066,"date":"2021-08-27T05:51:19","date_gmt":"2021-08-27T05:51:19","guid":{"rendered":"http:\/\/ktbb.org\/v1\/?p=12066"},"modified":"2021-08-27T05:51:19","modified_gmt":"2021-08-27T05:51:19","slug":"ozankoy-pekmez-festivali-dijital-ortamda-basliyor","status":"publish","type":"post","link":"https:\/\/ktbb.org\/v1\/ozankoy-pekmez-festivali-dijital-ortamda-basliyor\/","title":{"rendered":"Ozank\u00f6y Pekmez Festivali Dijital Ortamda Ba\u015fl\u0131yor"},"content":{"rendered":"<p><strong>Girne Belediyesi taraf\u0131ndan d\u00fczenlenen 13. Ozank\u00f6y Pekmez Festivali 27 A\u011fustos 2021 Cuma g\u00fcn\u00fc Dijital Ortamda Ba\u015fl\u0131yor<\/strong><\/p>\n<p>&nbsp;<\/p>\n<p>Girne Belediyesi taraf\u0131ndan Ozank\u00f6y b\u00f6lgesinin turistik tan\u0131t\u0131m\u0131na, harup ve pekmez \u00fcretiminin devaml\u0131l\u0131\u011f\u0131na katk\u0131 sa\u011flamak amac\u0131yla d\u00fczenlenen festival Covid-19 salg\u0131n\u0131 dolay\u0131s\u0131 ile dijital platformda ger\u00e7ekle\u015ftiriliyor.<\/p>\n<p>&nbsp;<\/p>\n<p>Festival s\u00fcresince halk danslar\u0131 g\u00f6sterilerinin oldu\u011fu videolar, harup ve pekmezin sa\u011fl\u0131\u011f\u0131m\u0131zdaki \u00f6neminin anlat\u0131laca\u011f\u0131 video, uygulamal\u0131 \u015fira yap\u0131m\u0131 videosu, dinleti ve konserlerin olaca\u011f\u0131 13. Ozank\u00f6y Pekmez Festivali dijital olarak Girne Belediyesi Facebook hesab\u0131ndan yay\u0131nlanacak.<\/p>\n<p>&nbsp;<\/p>\n<ol start=\"13\">\n<li><strong> Ozank\u00f6y Pekmez Festivali Program\u0131 <\/strong><\/li>\n<\/ol>\n<p>&nbsp;<\/p>\n<p><strong><u>27 A\u011fustos &#8211; 2021 Cuma <\/u><\/strong><\/p>\n<p><strong><u>\u00a0<\/u><\/strong><\/p>\n<p>19:00 Festival A\u00e7\u0131l\u0131\u015f Konu\u015fmalar\u0131:<\/p>\n<p>Nidai G\u00dcNG\u00d6RD\u00dc Belediye Ba\u015fkan\u0131<\/p>\n<p>Mustafa UZUN Ozank\u00f6y Muhtar\u0131 ( video)<\/p>\n<p>&nbsp;<\/p>\n<p>19:30 Halk Danslar\u0131 G\u00f6sterisi<\/p>\n<p>Orak K\u00fclt\u00fcr Sanat ve E\u011fitim Merkezi<\/p>\n<p>\u00d6\u011fretmenler Grubu (ar\u015fiv video)<\/p>\n<p>&nbsp;<\/p>\n<p>20:00 Harup ve Pekmezin Sa\u011fl\u0131\u011f\u0131m\u0131zdaki \u00d6nemi<\/p>\n<p>Uygulamal\u0131 \u015eira Yap\u0131m\u0131 ( video)<\/p>\n<p>Sunum:\u00a0 Naile SOYEL G\u0131da M\u00fchendisi<\/p>\n<p>\u015eira Yap\u0131m\u0131 Uygulama: Sevg\u00fcl YANARO\u011eLU ( Pekmez \u00dcreticisi)<\/p>\n<p>&nbsp;<\/p>\n<p>20: 30 \u015eiir Dinletisi<\/p>\n<p>Girne Belediyesi Gen\u00e7lik Platformu ( video)<\/p>\n<p>Azra KALE- Cemre BA\u015e-\u00a0 \u015eenay Sevgi DURAL<\/p>\n<p>20: 45 Dinleti<\/p>\n<p>\u00c7a\u011f\u0131l \u0130\u015eG\u00dcZAR ( video klip )<\/p>\n<p>&nbsp;<\/p>\n<p><strong><u>28 A\u011fustos 2021 Cumartesi<\/u><\/strong><\/p>\n<p><strong><u>\u00a0<\/u><\/strong><\/p>\n<p>19:00 Harup A\u011fac\u0131n\u0131n \u00d6nemi ve Tohumunun \u00c7imlendirilmesi Nas\u0131l Yap\u0131l\u0131r?<\/p>\n<p>Sunum: Mehmet ATAK Ziraat Y\u00fcksek M\u00fchendisi ( video)<\/p>\n<p>&nbsp;<\/p>\n<p>19: 30 Halk Danslar\u0131 G\u00f6sterisi<\/p>\n<p>Girne Belediyesi Halk Danslar\u0131 Toplulu\u011fu ( video)<\/p>\n<p>&nbsp;<\/p>\n<p>19: 45 Hayat\u0131 ve \u015eiirleriyle Osman T\u00dcRKAY<\/p>\n<p>Sunum: Prof. Dr. \u015eevket \u00d6ZNUR Ara\u015ft\u0131rmac\u0131- Yazar \/K\u0131br\u0131s T\u00fcrk Yazarlar Birli\u011fi Ba\u015fkan\u0131<\/p>\n<p>\u015eiir Dinletisi: Dr. Turgay AKALIN- Altay BURA\u011eAN( video)<\/p>\n<p>&nbsp;<\/p>\n<p>20: 30 Konser<\/p>\n<p>Lefko\u015fa Belediye Orkestras\u0131 ( ar\u015fiv video)<\/p>\n<p>&nbsp;<\/p>\n","protected":false},"excerpt":{"rendered":"<p>Girne Belediyesi taraf\u0131ndan d\u00fczenlenen 13. Ozank\u00f6y Pekmez Festivali 27 A\u011fustos [&hellip;]<\/p>\n","protected":false},"author":10,"featured_media":12067,"comment_status":"open","ping_status":"closed","sticky":false,"template":"","format":"standard","meta":{"footnotes":""},"categories":[9],"tags":[],"class_list":["post-12066","post","type-post","status-publish","format-standard","has-post-thumbnail","hentry","category-uyelerimizin-haberleri"],"_links":{"self":[{"href":"https:\/\/ktbb.org\/v1\/wp-json\/wp\/v2\/posts\/12066","targetHints":{"allow":["GET"]}}],"collection":[{"href":"https:\/\/ktbb.org\/v1\/wp-json\/wp\/v2\/posts"}],"about":[{"href":"https:\/\/ktbb.org\/v1\/wp-json\/wp\/v2\/types\/post"}],"author":[{"embeddable":true,"href":"https:\/\/ktbb.org\/v1\/wp-json\/wp\/v2\/users\/10"}],"replies":[{"embeddable":true,"href":"https:\/\/ktbb.org\/v1\/wp-json\/wp\/v2\/comments?post=12066"}],"version-history":[{"count":1,"href":"https:\/\/ktbb.org\/v1\/wp-json\/wp\/v2\/posts\/12066\/revisions"}],"predecessor-version":[{"id":12068,"href":"https:\/\/ktbb.org\/v1\/wp-json\/wp\/v2\/posts\/12066\/revisions\/12068"}],"wp:featuredmedia":[{"embeddable":true,"href":"https:\/\/ktbb.org\/v1\/wp-json\/wp\/v2\/media\/12067"}],"wp:attachment":[{"href":"https:\/\/ktbb.org\/v1\/wp-json\/wp\/v2\/media?parent=12066"}],"wp:term":[{"taxonomy":"category","embeddable":true,"href":"https:\/\/ktbb.org\/v1\/wp-json\/wp\/v2\/categories?post=12066"},{"taxonomy":"post_tag","embeddable":true,"href":"https:\/\/ktbb.org\/v1\/wp-json\/wp\/v2\/tags?post=12066"}],"curies":[{"name":"wp","href":"https:\/\/api.w.org\/{rel}","templated":true}]}}