{"id":12069,"date":"2021-08-27T08:38:47","date_gmt":"2021-08-27T08:38:47","guid":{"rendered":"http:\/\/ktbb.org\/v1\/?p=12069"},"modified":"2021-08-27T08:38:47","modified_gmt":"2021-08-27T08:38:47","slug":"ozcinar-30-agustos-zafer-bayramini-kutladi-2","status":"publish","type":"post","link":"https:\/\/ktbb.org\/v1\/ozcinar-30-agustos-zafer-bayramini-kutladi-2\/","title":{"rendered":"\u00d6z\u00e7\u0131nar, 30 A\u011fustos Zafer Bayram\u0131\u2019n\u0131 kutlad\u0131"},"content":{"rendered":"<p>K. T. Belediyeler Birli\u011fi ve G\u00fczelyurt Belediye Ba\u015fkan\u0131 Mahmut \u00d6z\u00e7\u0131nar&#8217;\u0131n 30 A\u011fustos Zafer Bayram\u0131 dolay\u0131s\u0131yla mesaj yay\u0131mlad\u0131.<\/p>\n<p>30 A\u011fustos Zafer Bayram\u0131&#8217;n\u0131 kutlayan \u00d6z\u00e7\u0131nar, T\u00fcrk Milleti&#8217;nin bu zaferle ba\u011f\u0131ms\u0131z, h\u00fcr ve demokratik \u00f6zg\u00fcrl\u00fc\u011fe kavu\u015ftu\u011funa dikkat \u00e7ekti.<\/p>\n<p>\u00d6z\u00e7\u0131nar&#8217;\u0131n mesaj\u0131 \u015f\u00f6yle:<\/p>\n<p>30 A\u011fustos, T\u00fcrk Milleti\u2019nin, b\u00fcy\u00fck bir zaferle yeniden varolu\u015funun tescil edildi\u011fi g\u00fcnd\u00fcr.<\/p>\n<p>T\u00fcrk Milletinin gurur g\u00fcnlerinden biri olan 30 A\u011fustos Zafer Bayram\u0131\u2019n\u0131n bu y\u0131l 99. y\u0131ld\u00f6n\u00fcm\u00fcn\u00fc kutluyoruz.<\/p>\n<p>26 A\u011fustos 1922\u2019de ba\u015flayan Ba\u015fkomutanl\u0131k Meydan Muharebesi\u2019nin, 30 A\u011fustos\u2019ta zaferle sonu\u00e7lanmas\u0131 neticesinde T\u00fcrk Milleti ba\u011f\u0131ms\u0131z, h\u00fcr ve demokratik \u00f6zg\u00fcrl\u00fc\u011fe kavu\u015fmu\u015ftur.<\/p>\n<p>T\u00fcrk Ulusu\u2019nun onur ve gurur g\u00fcn\u00fcn\u00fc y\u00fcrekten kutlarken, ba\u015fta Gazi Mustafa Kemal Atat\u00fcrk ba\u015fta olmak \u00fczere, t\u00fcm gazi ve \u015fehitleri sayg\u0131yla anar\u0131m.<\/p>\n<p>&nbsp;<\/p>\n","protected":false},"excerpt":{"rendered":"<p>K. T. Belediyeler Birli\u011fi ve G\u00fczelyurt Belediye Ba\u015fkan\u0131 Mahmut \u00d6z\u00e7\u0131nar&#8217;\u0131n [&hellip;]<\/p>\n","protected":false},"author":10,"featured_media":8865,"comment_status":"open","ping_status":"closed","sticky":false,"template":"","format":"standard","meta":{"footnotes":""},"categories":[1],"tags":[],"class_list":["post-12069","post","type-post","status-publish","format-standard","has-post-thumbnail","hentry","category-birlikten-haberler"],"_links":{"self":[{"href":"https:\/\/ktbb.org\/v1\/wp-json\/wp\/v2\/posts\/12069","targetHints":{"allow":["GET"]}}],"collection":[{"href":"https:\/\/ktbb.org\/v1\/wp-json\/wp\/v2\/posts"}],"about":[{"href":"https:\/\/ktbb.org\/v1\/wp-json\/wp\/v2\/types\/post"}],"author":[{"embeddable":true,"href":"https:\/\/ktbb.org\/v1\/wp-json\/wp\/v2\/users\/10"}],"replies":[{"embeddable":true,"href":"https:\/\/ktbb.org\/v1\/wp-json\/wp\/v2\/comments?post=12069"}],"version-history":[{"count":1,"href":"https:\/\/ktbb.org\/v1\/wp-json\/wp\/v2\/posts\/12069\/revisions"}],"predecessor-version":[{"id":12070,"href":"https:\/\/ktbb.org\/v1\/wp-json\/wp\/v2\/posts\/12069\/revisions\/12070"}],"wp:featuredmedia":[{"embeddable":true,"href":"https:\/\/ktbb.org\/v1\/wp-json\/wp\/v2\/media\/8865"}],"wp:attachment":[{"href":"https:\/\/ktbb.org\/v1\/wp-json\/wp\/v2\/media?parent=12069"}],"wp:term":[{"taxonomy":"category","embeddable":true,"href":"https:\/\/ktbb.org\/v1\/wp-json\/wp\/v2\/categories?post=12069"},{"taxonomy":"post_tag","embeddable":true,"href":"https:\/\/ktbb.org\/v1\/wp-json\/wp\/v2\/tags?post=12069"}],"curies":[{"name":"wp","href":"https:\/\/api.w.org\/{rel}","templated":true}]}}