{"id":12079,"date":"2021-08-27T10:33:27","date_gmt":"2021-08-27T10:33:27","guid":{"rendered":"http:\/\/ktbb.org\/v1\/?p=12079"},"modified":"2021-08-27T10:33:27","modified_gmt":"2021-08-27T10:33:27","slug":"girnede-okullar-icin-hazirliklar-basladi","status":"publish","type":"post","link":"https:\/\/ktbb.org\/v1\/girnede-okullar-icin-hazirliklar-basladi\/","title":{"rendered":"Girne&#8217;de okullar i\u00e7in haz\u0131rl\u0131klar ba\u015flad\u0131"},"content":{"rendered":"<p>Girne Belediyesi temizlik ekipleri, Girne b\u00f6lgesindeki t\u00fcm okullarda genel temizlik \u00e7al\u0131\u015fmas\u0131yla birlikte ila\u00e7lama, ot temizli\u011fi ve bah\u00e7e m\u0131nt\u0131kas\u0131 \u00e7al\u0131\u015fmalar\u0131na ba\u015flad\u0131. Belediyenin temizlik ekipleri, Bellapais Anaokulu, Osman T\u00fcrkay Anaokulu, Mustafa \u00c7a\u011fatay \u0130lkokulu, 19 May\u0131s TMK, Hasan Cafer \u0130lkokulu, Karakum Anaokulu, Anafartalar Lisesi\u2019nde temizlik \u00e7al\u0131\u015fmalar\u0131na devam ediyor. \u0130leriki g\u00fcnlerde ekipler, 23 Nisan \u0130lkokulu, Maarif Anaokulu, O\u011fuz Veli Ortaokulu ve Karao\u011flano\u011flu \u0130lkokulu\u2019nda \u00e7al\u0131\u015fmalar\u0131na devam edecek. Girne Belediyesi sa\u011fl\u0131k ekipleri de okullarda ila\u00e7lama program\u0131 yapm\u0131\u015f bulunmaktad\u0131r.<\/p>\n<p>&nbsp;<\/p>\n<p><strong>\u201cA\u015f\u0131 Olmay\u0131 \u0130hmal Etmeyin\u201d <\/strong><\/p>\n<p>&nbsp;<\/p>\n<p>Girne Belediye Ba\u015fkan\u0131 Nidai G\u00fcng\u00f6rd\u00fc yapt\u0131\u011f\u0131 a\u00e7\u0131klamada, \u201cCovid-19 salg\u0131n\u0131 devam ederken okullar\u0131n a\u00e7\u0131lmas\u0131yla, \u00f6\u011frencilerimize hijyenik ve temiz bir ortam yaratma ad\u0131na ekiplerimiz her y\u0131l yap\u0131lan temizlik \u00e7al\u0131\u015fmalar\u0131n\u0131 ger\u00e7ekle\u015ftiriyor. Bizler g\u00f6revimizi yap\u0131yoruz, sizler de sizin ve ailenizin sa\u011fl\u0131\u011f\u0131 i\u00e7in a\u015f\u0131 olmay\u0131 ihmal etmeyiniz\u201d dedi.<\/p>\n","protected":false},"excerpt":{"rendered":"<p>Girne Belediyesi temizlik ekipleri, Girne b\u00f6lgesindeki t\u00fcm okullarda genel temizlik [&hellip;]<\/p>\n","protected":false},"author":10,"featured_media":12081,"comment_status":"open","ping_status":"closed","sticky":false,"template":"","format":"standard","meta":{"footnotes":""},"categories":[9],"tags":[],"class_list":["post-12079","post","type-post","status-publish","format-standard","has-post-thumbnail","hentry","category-uyelerimizin-haberleri"],"_links":{"self":[{"href":"https:\/\/ktbb.org\/v1\/wp-json\/wp\/v2\/posts\/12079","targetHints":{"allow":["GET"]}}],"collection":[{"href":"https:\/\/ktbb.org\/v1\/wp-json\/wp\/v2\/posts"}],"about":[{"href":"https:\/\/ktbb.org\/v1\/wp-json\/wp\/v2\/types\/post"}],"author":[{"embeddable":true,"href":"https:\/\/ktbb.org\/v1\/wp-json\/wp\/v2\/users\/10"}],"replies":[{"embeddable":true,"href":"https:\/\/ktbb.org\/v1\/wp-json\/wp\/v2\/comments?post=12079"}],"version-history":[{"count":1,"href":"https:\/\/ktbb.org\/v1\/wp-json\/wp\/v2\/posts\/12079\/revisions"}],"predecessor-version":[{"id":12082,"href":"https:\/\/ktbb.org\/v1\/wp-json\/wp\/v2\/posts\/12079\/revisions\/12082"}],"wp:featuredmedia":[{"embeddable":true,"href":"https:\/\/ktbb.org\/v1\/wp-json\/wp\/v2\/media\/12081"}],"wp:attachment":[{"href":"https:\/\/ktbb.org\/v1\/wp-json\/wp\/v2\/media?parent=12079"}],"wp:term":[{"taxonomy":"category","embeddable":true,"href":"https:\/\/ktbb.org\/v1\/wp-json\/wp\/v2\/categories?post=12079"},{"taxonomy":"post_tag","embeddable":true,"href":"https:\/\/ktbb.org\/v1\/wp-json\/wp\/v2\/tags?post=12079"}],"curies":[{"name":"wp","href":"https:\/\/api.w.org\/{rel}","templated":true}]}}