{"id":12103,"date":"2021-08-31T06:49:11","date_gmt":"2021-08-31T06:49:11","guid":{"rendered":"http:\/\/ktbb.org\/v1\/?p=12103"},"modified":"2021-09-01T06:51:14","modified_gmt":"2021-09-01T06:51:14","slug":"30-agustos-zaferinin-99-yildonumu-iskelede-de-kutlandi","status":"publish","type":"post","link":"https:\/\/ktbb.org\/v1\/30-agustos-zaferinin-99-yildonumu-iskelede-de-kutlandi\/","title":{"rendered":"30 A\u011fustos Zaferinin 99. Y\u0131ld\u00f6n\u00fcm\u00fc \u0130skele\u2019de de kutland\u0131"},"content":{"rendered":"<p>T\u00fcrk Milleti\u2019nin varolu\u015f m\u00fccadelesini t\u00fcm d\u00fcnyaya g\u00f6sterdi\u011fi 30 A\u011fustos Zaferinin 99. Y\u0131ld\u00f6n\u00fcm\u00fc \u0130skele\u2019de de gurur ve heyecanla kutland\u0131. \u0130ki ayr\u0131 t\u00f6renle kutlanan \u0130skele\u2019deki 30 A\u011fustos co\u015fkusu ilk olarak Atat\u00fcrk An\u0131t\u0131 \u00f6n\u00fcnde ya\u015fand\u0131. Resmi ge\u00e7itin yer ald\u0131\u011f\u0131 ikinci t\u00f6rense Ecevit Meydan\u0131\u2019ndayd\u0131. An\u0131ta \u00e7elenklerin konuldu\u011fu, sayg\u0131 duru\u015funda bulunup, \u0130stiklal Mar\u015f\u0131\u2019n\u0131n okundu\u011fu, g\u00fcn\u00fcn anlam ve \u00f6nemini belirten konu\u015fmalar\u0131n yap\u0131ld\u0131\u011f\u0131, \u015fiirlerin okundu\u011fu t\u00f6rende, dans g\u00f6sterileri de yap\u0131ld\u0131. \u0130skele\u2019deki t\u00f6renler, resmige\u00e7it ile son buldu.<\/p>\n<p>&nbsp;<\/p>\n<p><strong>30 A\u011eUSTOS ZAFER BAYRAMI\u2019NIN 99. YILINI KUTLUYORUZ<\/strong><\/p>\n<p>G\u00f6\u011fs\u00fcm\u00fcz\u00fc kabartan, T\u00fcrkiye\u2019nin gururuna ortak oldu\u011fumuz, ortak oldu\u011fumuz i\u00e7in de gururland\u0131\u011f\u0131m\u0131z 30 A\u011fustos Zafer Bayram\u0131 99 ya\u015f\u0131nda. Ulu \u00d6nder Mustafa Kemal Atat\u00fcrk\u2019\u00fcn ba\u015fkumandanl\u0131\u011f\u0131nda, 26 A\u011fustos\u2019ta ba\u015flay\u0131p, 30 A\u011fustos\u2019ta zaferle sonu\u00e7land\u0131, d\u00fcnya tarihinin g\u00f6r\u00fcp g\u00f6rebilece\u011fi en b\u00fcy\u00fck kahramanl\u0131k destanlar\u0131ndan biri olarak tarihe ge\u00e7ti. Atat\u00fcrk ba\u015fkumandanl\u0131\u011f\u0131ndaki T\u00fcrk Ordusu ayn\u0131 zamanda, B\u00fcy\u00fck Taarruz ve Meydan Muharebesi ile i\u015fgal g\u00fc\u00e7lerini, yurttan kovarak ba\u011f\u0131ms\u0131zl\u0131k ate\u015fini de yakt\u0131.<\/p>\n<p>Zafer Bayram\u0131\u2019n\u0131n 99. gurur y\u0131l\u0131, ada genelinde oldu\u011fu gibi \u0130skele\u2019de de t\u00f6renlerle kutland\u0131. T\u00fcm d\u00fcnyay\u0131 etkisi alt\u0131na alan Covid-19 salg\u0131n\u0131 dolay\u0131s\u0131yla 30 A\u011fustos Zafer Bayram\u0131, bir dizi tedbirlerle kutland\u0131. T\u00f6rene kat\u0131lanlar, maske kullan\u0131m\u0131na \u00f6zen g\u00f6sterdi.<\/p>\n<p>&nbsp;<\/p>\n<p><strong>ZAFER CO\u015eKUSU \u0130SKELE\u2019DE DE GURURLA VE HEYECANLA KUTLANDI <\/strong><\/p>\n<p>Gurur ve heyecanla dolu dolu ge\u00e7en 99. y\u0131l kutlamalar\u0131 kapsam\u0131nda 30 A\u011fustos Zafer Bayram\u0131 kapsam\u0131nda Atat\u00fcrk An\u0131t\u0131 \u00f6n\u00fcnde protokol\u00fcn an\u0131ta \u00e7elenk koymas\u0131 ile ba\u015flayan t\u00f6ren, sayg\u0131 duru\u015fu ve \u0130stiklal Mar\u015f\u0131 e\u015fli\u011finde bayraklar\u0131n g\u00f6ndere \u00e7ekilmesiyle devam etti. Ecevit Meydan\u0131\u2019nda ki t\u00f6ren ise \u0130skele Kaymakam\u0131 Ertu\u011frul Toroslu, \u0130skele Belediye Ba\u015fkan\u0131 Hasan Sad\u0131ko\u011flu<strong>,<\/strong> GKK ad\u0131na Piyade Y\u00fczba\u015f\u0131 Serdar Bi\u00e7er\u2019in t\u00f6ren birliklerinin ve halk\u0131n bayram\u0131n\u0131 kutlamas\u0131yla ba\u015flad\u0131. G\u00fcn\u00fcn anlam ve \u00f6nemini belirten konu\u015fman\u0131n yan\u0131 s\u0131ra \u015fiirlerin de okundu\u011fu t\u00f6ren, halk danslar\u0131 g\u00f6sterinin ard\u0131ndan resmi ge\u00e7it t\u00f6reni ile son buldu.<\/p>\n<p>\u0130skele\u2019de d\u00fczenlenen t\u00f6renlere \u0130skele Kaymakam\u0131 Ertu\u011frul Toroslu, \u0130skele Belediye Ba\u015fkan\u0131 Hasan Sad\u0131ko\u011flu<strong>,<\/strong> T\u00fcrkiye Cumhuriyeti Lefko\u015fa B\u00fcy\u00fckel\u00e7ili\u011fi Temsilcisi Gazima\u011fusa Ba\u015fkonsolosu \u0130lyas \u00c7etin, GKK ad\u0131na Piyade Y\u00fczba\u015f\u0131 Serdar Bi\u00e7er, KTBK ad\u0131na Hava Savunma Binba\u015f\u0131 Faik G\u00fcnde\u011fer, \u0130skele Polis M\u00fcd\u00fcr\u00fc G\u00f6kay Karagil, \u0130skele Sivil Savunma B\u00f6lge M\u00fcd\u00fcrl\u00fc\u011f\u00fc ad\u0131na Varol Kalkanel, \u0130skele Belediyesi Meclis \u00dcyesi Sefa Kurukafa, \u00a0siyasi parti temsilcileri, dernekler, askeri erk\u00e2n ve kurum kurulu\u015f ve dernek temsilcileri haz\u0131r bulundu.<\/p>\n<p>&nbsp;<\/p>\n<p><strong>BOZKURT: \u201c30 A\u011eUSTOS TAR\u0130HTE E\u015eE AZ RASTALANAN B\u0130R ZAFERD\u0130R\u201d<\/strong><\/p>\n<p>T\u00f6rende g\u00fcn\u00fcn anlam ve \u00f6nemini belirten konu\u015fmay\u0131 K\u0131br\u0131s T\u00fcrk Bar\u0131\u015f Kuvvetleri Komutanl\u0131\u011f\u0131\u2019ndan Hava Savunma Y\u00fczba\u015f\u0131 Ali Mert Bozkurt yapt\u0131. 30 A\u011fustos 1922\u2019de kazan\u0131lan zaferin 99. Y\u0131l\u0131n\u0131 ulus\u00e7a kutlaman\u0131n hakl\u0131 gurur ve heyecan\u0131n\u0131 ya\u015f\u0131yoruz diyen Bozkurt, 30 A\u011fustos\u2019un e\u015fine tarihte az rastlanan bir zafer oldu\u011funa dikkat \u00e7ekti. Y\u00fczba\u015f\u0131 Bozkurt konu\u015fmas\u0131n\u0131n devam\u0131nda \u015funlara yer verdi: \u00a0\u201c\u0130\u015fgal g\u00fc\u00e7leri girdikleri her yerde adeta tarihi kinlerini kusarcas\u0131na kad\u0131n\u0131m\u0131za, ya\u015fl\u0131m\u0131za, \u00e7ocuklar\u0131m\u0131za d\u00fcnyada e\u015fine az rastlan\u0131r i\u015fkence, zul\u00fcm ve hakaretlerde bulunmu\u015flard\u0131r. \u0130\u015fte b\u00f6ylesine umutsuz g\u00f6r\u00fcnen, \u00fczerimizde kara bulutlar\u0131n dola\u015ft\u0131\u011f\u0131 bir ortamda Mustafa Kemal Pa\u015fa ve onun dava arkada\u015flar\u0131 ba\u011f\u0131ms\u0131zl\u0131k me\u015falesini yakarak \u2018YA \u0130ST\u0130KLAL, YA \u00d6L\u00dcM\u2019\u00a0 parolas\u0131yla ayd\u0131nl\u0131\u011fa giden yolu aralam\u0131\u015flard\u0131r. Art\u0131k d\u00fcnyan\u0131n en kahraman en sava\u015f\u00e7\u0131 milletine d\u00fc\u015fen g\u00f6rev d\u00fc\u015fmana son darbeyi vurmak olmu\u015ftur. Kazan\u0131lan zaferi muhte\u015fem k\u0131lan unsur, harbin; kad\u0131n, \u00e7ocuk, ya\u015fl\u0131 demeden millet\u00e7e topyek\u00fbn bir sava\u015f olarak icra edilmi\u015f olmas\u0131d\u0131r. Bu kutsal ve tarihi g\u00fcn vesilesiyle ba\u015fta Ulu \u00d6nder Mustafa Kemal Atat\u00fcrk olmak \u00fczere, dava arkada\u015flar\u0131 ve aziz \u015fehitlerimizi rahmetle an\u0131yor, \u015f\u00fckranlar\u0131m\u0131z\u0131 sunuyoruz.\u201d<\/p>\n<p>&nbsp;<\/p>\n<p><strong>\u015e\u0130\u0130RLERLE 30 A\u011eUSTOS\u2019U ANLATTILAR<\/strong><\/p>\n<p><strong>DANS G\u00d6STER\u0130LER\u0130 \u0130LE 30 A\u011eUSTOS CO\u015eKUSUNA ORTAK OLDULAR<\/strong><\/p>\n<p>\u0130skele Ecevit Meydan\u0131\u2019ndaki t\u00f6rende, \u015eehit \u0130lker Karter \u0130lkokulu \u00f6\u011frencisi Yaren Bahriyeli \u201930 A\u011fustos\u2019, \u00a0\u0130skele Ticaret Lisesi \u00f6\u011frencisi Semanur G\u00f6k\u00e7e \u201830 A\u011fustos\u2019 \u0130skele Bekirpa\u015fa Lisesi \u00f6\u011frencisi H\u00fcrkan K\u0131rm\u0131z\u0131 da \u201830 A\u011fustos\u2019 isimli \u015fiirlerini okudular. T\u00f6rende iskele Belediyesi Y\u0131ld\u0131zlar Halk Danslar\u0131 Toplulu\u011fu, Karadeniz K\u00fclt\u00fcr Derne\u011fi Kuzeyin Y\u0131ld\u0131zlar\u0131 Horon Ekibi ile Yark\u00f6y K\u00fclt\u00fcr Sanat ve E\u011fitim Derne\u011fi K\u0131br\u0131s\u2019\u0131n Efeleri Zeybek Grubu da dans g\u00f6sterisi yapt\u0131. \u0130skele\u2019deki t\u00f6renler resmi ge\u00e7it ile son buldu.<\/p>\n<p>&nbsp;<\/p>\n<p>&nbsp;<\/p>\n<p>&nbsp;<\/p>\n","protected":false},"excerpt":{"rendered":"<p>T\u00fcrk Milleti\u2019nin varolu\u015f m\u00fccadelesini t\u00fcm d\u00fcnyaya g\u00f6sterdi\u011fi 30 A\u011fustos Zaferinin [&hellip;]<\/p>\n","protected":false},"author":10,"featured_media":12104,"comment_status":"open","ping_status":"closed","sticky":false,"template":"","format":"standard","meta":{"footnotes":""},"categories":[9],"tags":[],"class_list":["post-12103","post","type-post","status-publish","format-standard","has-post-thumbnail","hentry","category-uyelerimizin-haberleri"],"_links":{"self":[{"href":"https:\/\/ktbb.org\/v1\/wp-json\/wp\/v2\/posts\/12103","targetHints":{"allow":["GET"]}}],"collection":[{"href":"https:\/\/ktbb.org\/v1\/wp-json\/wp\/v2\/posts"}],"about":[{"href":"https:\/\/ktbb.org\/v1\/wp-json\/wp\/v2\/types\/post"}],"author":[{"embeddable":true,"href":"https:\/\/ktbb.org\/v1\/wp-json\/wp\/v2\/users\/10"}],"replies":[{"embeddable":true,"href":"https:\/\/ktbb.org\/v1\/wp-json\/wp\/v2\/comments?post=12103"}],"version-history":[{"count":1,"href":"https:\/\/ktbb.org\/v1\/wp-json\/wp\/v2\/posts\/12103\/revisions"}],"predecessor-version":[{"id":12106,"href":"https:\/\/ktbb.org\/v1\/wp-json\/wp\/v2\/posts\/12103\/revisions\/12106"}],"wp:featuredmedia":[{"embeddable":true,"href":"https:\/\/ktbb.org\/v1\/wp-json\/wp\/v2\/media\/12104"}],"wp:attachment":[{"href":"https:\/\/ktbb.org\/v1\/wp-json\/wp\/v2\/media?parent=12103"}],"wp:term":[{"taxonomy":"category","embeddable":true,"href":"https:\/\/ktbb.org\/v1\/wp-json\/wp\/v2\/categories?post=12103"},{"taxonomy":"post_tag","embeddable":true,"href":"https:\/\/ktbb.org\/v1\/wp-json\/wp\/v2\/tags?post=12103"}],"curies":[{"name":"wp","href":"https:\/\/api.w.org\/{rel}","templated":true}]}}