{"id":12513,"date":"2021-10-26T11:14:35","date_gmt":"2021-10-26T11:14:35","guid":{"rendered":"http:\/\/ktbb.org\/v1\/?p=12513"},"modified":"2021-10-26T11:14:35","modified_gmt":"2021-10-26T11:14:35","slug":"ltb-bir-parki-daha-baskente-kazandirdi","status":"publish","type":"post","link":"https:\/\/ktbb.org\/v1\/ltb-bir-parki-daha-baskente-kazandirdi\/","title":{"rendered":"LTB Bir Park\u0131 Daha Ba\u015fkente Kazand\u0131rd\u0131"},"content":{"rendered":"<p>Ba\u015fkent Lefko\u015fa\u2019da belediye evlerinin bulundu\u011fu alanda uzun zamand\u0131r at\u0131l durumda bulunan ye\u015fil alan, LTB\u2019nin \u00f6z kaynak yat\u0131r\u0131m\u0131 ile parka d\u00f6n\u00fc\u015ft\u00fcr\u00fclerek trafik kazas\u0131nda yitirdi\u011fimiz Feride Yemenicio\u011flu\u2019nun ismi verildi.<\/p>\n<p>LTB Ba\u015fkan\u0131 Mehmet Harmanc\u0131\u2019n\u0131n a\u00e7\u0131l\u0131\u015f\u0131n\u0131 ger\u00e7ekle\u015ftirdi\u011fi park 100 metrekare \u00e7ocuk oyun park\u0131, 750 metre y\u00fcr\u00fcy\u00fc\u015f yolu, 2.400 metrekare ye\u015fil alan d\u00fczenlemesi,<br \/>\n65 metrekare a\u00e7\u0131k hava spor alan\u0131, spor aletleri, 90 metrekare kald\u0131r\u0131m ve 16 ara\u00e7l\u0131k otopark ile b\u00f6lgeye hizmet verecek.<\/p>\n<p>A\u00e7\u0131l\u0131\u015fa Yeni\u015fehir B\u00f6lgesi Muhtar\u0131 Metin B\u0131\u00e7k\u0131c\u0131o\u011flu, parka ismi verilen merhume Feride Yemenicio\u011flu\u2019nun ailesi, G\u00fclen Y\u00fczler Anaokulu ve \u00d6ZEV\u2019den \u00f6\u011frenciler ve \u00f6\u011fretmenler yan\u0131nda LTB \u00e7al\u0131\u015fanlar\u0131 ve b\u00f6lge sakinleri kat\u0131ld\u0131. Etkinlikte fidan dikimi de ger\u00e7ekle\u015ftirildi.<\/p>\n<p><strong>Ba\u015fkan Harmanc\u0131: \u201cMahalle parklar\u0131 b\u00f6lge sakinlerin ya\u015fam\u0131na b\u00fcy\u00fck katk\u0131 sa\u011fl\u0131yor\u201d<\/strong><\/p>\n<p>LTB Ba\u015fkan\u0131 Mehmet Harmanc\u0131 yapt\u0131\u011f\u0131 a\u00e7\u0131klamada, \u00e7ok uzun y\u0131llard\u0131r b\u00f6lgede at\u0131l bulunan, 90\u2019l\u0131 y\u0131llardan sonra da Kaymakl\u0131 belediye evleri i\u00e7inde kalan bu alan\u0131 y\u0131l i\u00e7inde s\u00f6z verdikleri gibi park haline getirmenin mutlulu\u011funu ya\u015fad\u0131klar\u0131n\u0131 belirtti.<\/p>\n<p>Belediye evlerinde kalanlar\u0131n en b\u00fcy\u00fck sorunlar\u0131ndan biri hep beraber oturup sohbet edecekleri spor yapacaklar\u0131 yerin olmamas\u0131 oldu\u011funu ifade eden Ba\u015fkan Harmanc\u0131, \u201cumar\u0131m bundan sonra burada sosyalle\u015febilmelerinin keyfini \u00e7\u0131kar\u0131r\u0131z. B\u00f6lgelerde mahalle parklar\u0131n\u0131n \u00f6nemli oldu\u011funu, sakinlerin ya\u015fam\u0131na b\u00fcy\u00fck katk\u0131 sa\u011flad\u0131\u011f\u0131n\u0131 d\u00fc\u015f\u00fcn\u00fcyoruz. Yemenicio\u011flu\u2019nu rahmetle anarken, burada oynayan \u00e7ocuklar\u0131n onun gibi sanat\u00e7\u0131 olacaklar\u0131n\u0131 umuyorum\u201d dedi.<\/p>\n<p><strong>Muhtar B\u0131\u00e7k\u0131c\u0131o\u011flu: \u201cPark\u0131n Bitmi\u015f Oldu\u011funu G\u00f6rmek B\u00fcy\u00fck Mutluluk\u201d<\/strong><\/p>\n<p>Ba\u015fkan Harmanc\u0131\u2019n\u0131n ard\u0131ndan s\u00f6z alan Yeni\u015fehir B\u00f6lgesi Muhtar\u0131 Metin B\u0131\u00e7k\u0131c\u0131o\u011flu ise 2010 y\u0131l\u0131nda vefat eden Feride Yemencio\u011flu\u2019nun ad\u0131na bu park\u0131 yapmak i\u00e7in b\u00fcy\u00fck m\u00fccadeleler verdiklerini ancak olumsuzluklarla kar\u015f\u0131la\u015ft\u0131klar\u0131n\u0131 vurgulad\u0131.<\/p>\n<p>B\u0131\u00e7k\u0131c\u0131o\u011flu, Ba\u015fkan Harmanc\u0131\u2019ya te\u015fekk\u00fcr ederken, \u201cKendisinden Allah raz\u0131 olsun, bize \u00f6nem verdi, dinledi ve park\u0131n bitmesini sa\u011flad\u0131. Park\u0131n bitmi\u015f oldu\u011funu g\u00f6rmek b\u00fcy\u00fck mutluluk\u201d dedi.<\/p>\n<p><strong>\u0130leri\u015f Yemenicio\u011flu: \u201cBa\u015fkan Harmanc\u0131, Ak\u0131nc\u0131\u2019n\u0131n belediye ba\u015fkanl\u0131\u011f\u0131ndan sonra da Lefko\u015fa\u2019ya en \u00e7ok yak\u0131\u015fan belediye ba\u015fkan\u0131d\u0131r\u201d<\/strong><\/p>\n<p>Son olarak bir konu\u015fma yapan Feride Yemenicio\u011flu\u2019nun e\u015fi \u0130leri\u015f Yemenicio\u011flu mahallenin d\u00f6rt d\u00f6rtl\u00fck bir muhtara sahip oldu\u011funu belirterek, B\u0131\u00e7k\u0131c\u0131o\u011flu\u2019nun park i\u00e7in y\u0131llarca m\u00fccadele eden bir ki\u015fi oldu\u011funu belirtti.<\/p>\n<p>Yemencio\u011flu, Ba\u015fkan Harmanc\u0131\u2019ya da te\u015fekk\u00fcr ederken, kendisi i\u00e7in \u201cMustafa Ak\u0131nc\u0131\u2019n\u0131n belediye ba\u015fkanl\u0131\u011f\u0131ndan sonra da Lefko\u015fa\u2019ya en \u00e7ok yak\u0131\u015fan belediye ba\u015fkan\u0131\u201d ifadesini kulland\u0131.<\/p>\n<p>&nbsp;<\/p>\n<p>&nbsp;<\/p>\n<p>&nbsp;<\/p>\n<p>&nbsp;<\/p>\n","protected":false},"excerpt":{"rendered":"<p>Ba\u015fkent Lefko\u015fa\u2019da belediye evlerinin bulundu\u011fu alanda uzun zamand\u0131r at\u0131l durumda [&hellip;]<\/p>\n","protected":false},"author":10,"featured_media":12514,"comment_status":"open","ping_status":"closed","sticky":false,"template":"","format":"standard","meta":{"footnotes":""},"categories":[9],"tags":[],"class_list":["post-12513","post","type-post","status-publish","format-standard","has-post-thumbnail","hentry","category-uyelerimizin-haberleri"],"_links":{"self":[{"href":"https:\/\/ktbb.org\/v1\/wp-json\/wp\/v2\/posts\/12513","targetHints":{"allow":["GET"]}}],"collection":[{"href":"https:\/\/ktbb.org\/v1\/wp-json\/wp\/v2\/posts"}],"about":[{"href":"https:\/\/ktbb.org\/v1\/wp-json\/wp\/v2\/types\/post"}],"author":[{"embeddable":true,"href":"https:\/\/ktbb.org\/v1\/wp-json\/wp\/v2\/users\/10"}],"replies":[{"embeddable":true,"href":"https:\/\/ktbb.org\/v1\/wp-json\/wp\/v2\/comments?post=12513"}],"version-history":[{"count":1,"href":"https:\/\/ktbb.org\/v1\/wp-json\/wp\/v2\/posts\/12513\/revisions"}],"predecessor-version":[{"id":12515,"href":"https:\/\/ktbb.org\/v1\/wp-json\/wp\/v2\/posts\/12513\/revisions\/12515"}],"wp:featuredmedia":[{"embeddable":true,"href":"https:\/\/ktbb.org\/v1\/wp-json\/wp\/v2\/media\/12514"}],"wp:attachment":[{"href":"https:\/\/ktbb.org\/v1\/wp-json\/wp\/v2\/media?parent=12513"}],"wp:term":[{"taxonomy":"category","embeddable":true,"href":"https:\/\/ktbb.org\/v1\/wp-json\/wp\/v2\/categories?post=12513"},{"taxonomy":"post_tag","embeddable":true,"href":"https:\/\/ktbb.org\/v1\/wp-json\/wp\/v2\/tags?post=12513"}],"curies":[{"name":"wp","href":"https:\/\/api.w.org\/{rel}","templated":true}]}}