{"id":12519,"date":"2021-10-27T10:27:09","date_gmt":"2021-10-27T10:27:09","guid":{"rendered":"http:\/\/ktbb.org\/v1\/?p=12519"},"modified":"2021-10-27T10:27:09","modified_gmt":"2021-10-27T10:27:09","slug":"ziya-rizki-olumunun-27nci-yil-donumunde-torenle-anildi","status":"publish","type":"post","link":"https:\/\/ktbb.org\/v1\/ziya-rizki-olumunun-27nci-yil-donumunde-torenle-anildi\/","title":{"rendered":"Ziya R\u0131zk\u0131, \u00f6l\u00fcm\u00fcn\u00fcn 27\u2019nci y\u0131l d\u00f6n\u00fcm\u00fcnde t\u00f6renle an\u0131ld\u0131"},"content":{"rendered":"<p><strong>K\u0131br\u0131s T\u00fcrk halk\u0131n\u0131n var olu\u015f m\u00fccadelesinde \u00f6nemli katk\u0131lar\u0131 olan eski milletvekili, belediye ba\u015fkan\u0131, m\u00fccahit komutan\u0131, serdar ve spor adam\u0131 Ziya R\u0131zk\u0131, \u00f6l\u00fcm\u00fcn\u00fcn 27\u2019nci y\u0131l d\u00f6n\u00fcm\u00fcnde t\u00f6renle an\u0131ld\u0131.<\/strong><\/p>\n<p><strong>\u00a0<\/strong><\/p>\n<p>R\u0131zk\u0131 i\u00e7in ilk anma t\u00f6reni,\u00a0 09.30\u2019da Girne\u2019deki b\u00fcst\u00fc \u00f6n\u00fcnde, ger\u00e7ekle\u015fti.<\/p>\n<p>B\u00fcste \u00c7elenklerin konarak sayg\u0131 duru\u015funda bulunulmas\u0131n\u0131n ard\u0131ndan, Girne Belediyesi ve Ziya R\u0131zk\u0131 Vakf\u0131 i\u015fbirli\u011finde,\u00a0 Ziya R\u0131zk\u0131 Caddesi ve b\u00fcst\u00fcn\u00fcn bulundu\u011fu yerde olu\u015fturulan Ziya R\u0131zk\u0131 Meydan\u0131n\u0131n a\u00e7\u0131l\u0131\u015f\u0131 yap\u0131ld\u0131.<\/p>\n<p>&nbsp;<\/p>\n<p><strong>Ziya R\u0131zk\u0131 Caddesi ve b\u00fcst\u00fcn\u00fcn bulundu\u011fu yerde olu\u015fturulan Ziya R\u0131zk\u0131 Meydan\u0131n\u0131n a\u00e7\u0131l\u0131\u015f\u0131 yap\u0131ld\u0131.<\/strong><\/p>\n<p><strong>\u00a0<\/strong><\/p>\n<p>Girne Belediye Ba\u015fkan\u0131 Nidai G\u00fcng\u00f6rd\u00fc anma t\u00f6reninde yapt\u0131\u011f\u0131 konu\u015fmada, R\u0131zk\u0131n\u0131n b\u00fcst\u00fc ve ad\u0131n\u0131 ta\u015f\u0131yan caddenin kesi\u015fti\u011fi noktaya, Ziya R\u0131zk\u0131 Meydan\u0131 ad\u0131n\u0131 vererek,\u00a0 K\u0131br\u0131s T\u00fcrk Toplumuna, b\u00fcy\u00fck katk\u0131lar\u0131 olan toplum liderinin an\u0131s\u0131n\u0131n ya\u015fat\u0131lmas\u0131na, gelecek nesillere aktar\u0131lmas\u0131na\u00a0 katk\u0131 koyman\u0131n mutlulu\u011funu\u00a0 ya\u015fad\u0131klar\u0131n\u0131 dile getirdi.<\/p>\n<p>G\u00fcng\u00f6rd\u00fc, Ziya R\u0131zk\u0131\u2019n\u0131n s\u0131k\u0131nt\u0131l\u0131 belediyeleri belediyeler birli\u011fi \u00e7at\u0131s\u0131 alt\u0131nda toplad\u0131\u011f\u0131n\u0131, belediyecilikte, sava\u015f d\u00f6neminin ard\u0131ndan k\u0131t imk\u00e2nlara ra\u011fmen bir kenti aya\u011fa kald\u0131rd\u0131\u011f\u0131n\u0131 an\u0131msatarak, R\u0131zk\u0131\u2019n\u0131n belediyecilik tarihinde \u00f6nemli bir yeri oldu\u011funu ifade etti.<\/p>\n<p>&nbsp;<\/p>\n<p>G\u00f6revde bulundu\u011fu s\u00fcre\u00e7te, Girne\u2019de Ziya R\u0131zk\u0131 Meydan\u0131n\u0131 olu\u015fturmaktan b\u00fcy\u00fck mutluluk duydu\u011funu dile getiren G\u00fcng\u00f6rd\u00fc, bu d\u00fczenlemenin,\u00a0 gen\u00e7lerin de Ziya R\u0131zk\u0131 ad\u0131n\u0131 ve onun topluma katk\u0131lar\u0131n\u0131 \u00f6\u011frenmesine kakt\u0131 sa\u011flayaca\u011f\u0131na inan\u00e7 belirtti.<\/p>\n<p>A\u00e7\u0131l\u0131\u015fta konu\u015fan Ziya R\u0131zk\u0131 Vakf\u0131 M\u00fctevelli Heyeti Ba\u015fkan\u0131 Doktor Ceyhun Birinci, R\u0131zk\u0131\u2019n\u0131n K\u0131br\u0131s T\u00fcrk Toplumuna bir\u00e7ok farkl\u0131 alanda hizmet veren \u00f6nemli bir lider oldu\u011funu\u00a0 belirterek, meydan d\u00fczenlemesini\u00a0 ger\u00e7ekle\u015ftiren Girne Belediyesine te\u015fekk\u00fcrlerini sundu.<\/p>\n<p>&nbsp;<\/p>\n","protected":false},"excerpt":{"rendered":"<p>K\u0131br\u0131s T\u00fcrk halk\u0131n\u0131n var olu\u015f m\u00fccadelesinde \u00f6nemli katk\u0131lar\u0131 olan eski [&hellip;]<\/p>\n","protected":false},"author":10,"featured_media":12520,"comment_status":"open","ping_status":"closed","sticky":false,"template":"","format":"standard","meta":{"footnotes":""},"categories":[9],"tags":[],"class_list":["post-12519","post","type-post","status-publish","format-standard","has-post-thumbnail","hentry","category-uyelerimizin-haberleri"],"_links":{"self":[{"href":"https:\/\/ktbb.org\/v1\/wp-json\/wp\/v2\/posts\/12519","targetHints":{"allow":["GET"]}}],"collection":[{"href":"https:\/\/ktbb.org\/v1\/wp-json\/wp\/v2\/posts"}],"about":[{"href":"https:\/\/ktbb.org\/v1\/wp-json\/wp\/v2\/types\/post"}],"author":[{"embeddable":true,"href":"https:\/\/ktbb.org\/v1\/wp-json\/wp\/v2\/users\/10"}],"replies":[{"embeddable":true,"href":"https:\/\/ktbb.org\/v1\/wp-json\/wp\/v2\/comments?post=12519"}],"version-history":[{"count":1,"href":"https:\/\/ktbb.org\/v1\/wp-json\/wp\/v2\/posts\/12519\/revisions"}],"predecessor-version":[{"id":12521,"href":"https:\/\/ktbb.org\/v1\/wp-json\/wp\/v2\/posts\/12519\/revisions\/12521"}],"wp:featuredmedia":[{"embeddable":true,"href":"https:\/\/ktbb.org\/v1\/wp-json\/wp\/v2\/media\/12520"}],"wp:attachment":[{"href":"https:\/\/ktbb.org\/v1\/wp-json\/wp\/v2\/media?parent=12519"}],"wp:term":[{"taxonomy":"category","embeddable":true,"href":"https:\/\/ktbb.org\/v1\/wp-json\/wp\/v2\/categories?post=12519"},{"taxonomy":"post_tag","embeddable":true,"href":"https:\/\/ktbb.org\/v1\/wp-json\/wp\/v2\/tags?post=12519"}],"curies":[{"name":"wp","href":"https:\/\/api.w.org\/{rel}","templated":true}]}}