{"id":13524,"date":"2022-05-23T08:33:45","date_gmt":"2022-05-23T08:33:45","guid":{"rendered":"http:\/\/ktbb.org\/v1\/?p=13524"},"modified":"2022-05-23T08:33:45","modified_gmt":"2022-05-23T08:33:45","slug":"ingilizce-kursuna-katilan-kursiyerler-sertifikalarini-aldi","status":"publish","type":"post","link":"https:\/\/ktbb.org\/v1\/ingilizce-kursuna-katilan-kursiyerler-sertifikalarini-aldi\/","title":{"rendered":"\u0130ngilizce kursuna kat\u0131lan kursiyerler sertifikalar\u0131n\u0131 ald\u0131"},"content":{"rendered":"<p>Girne Belediyesi ve Uluslararas\u0131 Final \u00dcniversitesi S\u00fcrekli E\u011fitim Merkezi i\u015f birli\u011finde, ger\u00e7ekle\u015ftirilen yeti\u015fkinlere y\u00f6nelik \u0130ngilizce Kursu program\u0131n\u0131n \u00fc\u00e7\u00fcnc\u00fc aya\u011f\u0131 Uluslararas\u0131 Final \u00dcniversitesi\u2019nde 12 May\u0131s 2022 tarihinde ger\u00e7ekle\u015ftirilen sertifika t\u00f6reniyle tamamland\u0131.<\/p>\n<p>120\u2019den fazla kursiyer aras\u0131ndan 21 \u015eubat-27 Nisan 2022 tarihleri aras\u0131nda ger\u00e7ekle\u015fen kurslarda e\u011fitimlerini tamamlayan kursiyerler sertifikalar\u0131n\u0131 ald\u0131.<\/p>\n<p>&nbsp;<\/p>\n<p>Sertifika t\u00f6renine, Girne Belediye Ba\u015fkan\u0131 Nidai G\u00fcng\u00f6rd\u00fc, Uluslararas\u0131 Final \u00dcniversitesi Rekt\u00f6r\u00fc Prof. Dr. H\u00fcseyin Yaratan, kurs e\u011fitmenleri, kursiyerler ve yak\u0131nlar\u0131 kat\u0131ld\u0131.<\/p>\n<p>&nbsp;<\/p>\n<p><strong>\u201c\u00dcN\u0130VERS\u0130TELER\u0130N B\u0130R \u00d6NEML\u0130 G\u00d6REV\u0130 DE BULUNDU\u011eU B\u00d6LGEDEK\u0130 HALKA H\u0130ZMET\u201d<\/strong><\/p>\n<p>&nbsp;<\/p>\n<p>Girne Belediye Ba\u015fkan\u0131 Nidai G\u00fcng\u00f6rd\u00fc, Uluslararas\u0131 Final \u00dcniversitesi ile daha \u00f6nceden ba\u015flatm\u0131\u015f olduklar\u0131 yeti\u015fkinlere y\u00f6nelik \u0130ngilizce kurslar\u0131n\u0131n \u00fc\u00e7\u00fcnc\u00fc aya\u011f\u0131n\u0131n tamamlanmas\u0131ndan duydu\u011fu memnuniyeti dile getirerek, \u015fehir halk\u0131n\u0131n da bu kurslara ilgi g\u00f6stermesinin sevindirici oldu\u011funu ifade etti.<\/p>\n<p>&nbsp;<\/p>\n<p>G\u00fcng\u00f6rd\u00fc, \u00fcniversitelerin kurulduklar\u0131 \u015fehirlerde \u00f6ncelikli g\u00f6revlerinin bilim \u00fcretmek ve \u00f6\u011frencilerine en iyi \u015fekilde e\u011fitim vererek yeti\u015ftirmek oldu\u011funa i\u015faret ederek, di\u011fer bir \u00f6nemli g\u00f6revlerinin de \u015fehir halk\u0131yla b\u00fct\u00fcnle\u015fmek ve yerel y\u00f6netimlerle i\u015f birli\u011fi yaparak b\u00f6lgede ya\u015fayan insanlara en iyi \u015fekilde hizmet etmek oldu\u011funu s\u00f6yledi. G\u00fcng\u00f6rd\u00fc, Uluslararas\u0131 Final \u00dcniversitesi ile imzalad\u0131klar\u0131 protokol \u00e7er\u00e7evesinde de bu kurslar\u0131n devam edece\u011finin alt\u0131n\u0131 \u00e7izdi.<\/p>\n<p>&nbsp;<\/p>\n<p>G\u00fcng\u00f6rd\u00fc, \u201cBu i\u015f birli\u011fi nedeniyle Final \u00dcniversitesi\u2019nin M\u00fctevelli Heyetine, M\u00fctevelli heyeti Ba\u015fkan\u0131na ve Rekt\u00f6r\u00fcm\u00fcze \u00e7ok te\u015fekk\u00fcr ederim. Kursiyerlerimize de b\u00f6ylesi g\u00fczel programlara kat\u0131ld\u0131klar\u0131 i\u00e7in ayr\u0131ca te\u015fekk\u00fcr ederim. Bu konuda belediyemizin Sosyal Ya\u015fam Merkezi ile Final \u00dcniversitesi\u2019nin S\u00fcrekli E\u011fitim Merkezi\u2019nin i\u015f birli\u011fi yapmas\u0131 ve bizleri Girne Belediye Meclis \u00dcyelerinin de destekleri memnun etmektedir. Eme\u011fi ge\u00e7en herkese te\u015fekk\u00fcr ederim\u201d dedi.<\/p>\n","protected":false},"excerpt":{"rendered":"<p>Girne Belediyesi ve Uluslararas\u0131 Final \u00dcniversitesi S\u00fcrekli E\u011fitim Merkezi i\u015f [&hellip;]<\/p>\n","protected":false},"author":10,"featured_media":13525,"comment_status":"open","ping_status":"closed","sticky":false,"template":"","format":"standard","meta":{"footnotes":""},"categories":[9],"tags":[],"class_list":["post-13524","post","type-post","status-publish","format-standard","has-post-thumbnail","hentry","category-uyelerimizin-haberleri"],"_links":{"self":[{"href":"https:\/\/ktbb.org\/v1\/wp-json\/wp\/v2\/posts\/13524","targetHints":{"allow":["GET"]}}],"collection":[{"href":"https:\/\/ktbb.org\/v1\/wp-json\/wp\/v2\/posts"}],"about":[{"href":"https:\/\/ktbb.org\/v1\/wp-json\/wp\/v2\/types\/post"}],"author":[{"embeddable":true,"href":"https:\/\/ktbb.org\/v1\/wp-json\/wp\/v2\/users\/10"}],"replies":[{"embeddable":true,"href":"https:\/\/ktbb.org\/v1\/wp-json\/wp\/v2\/comments?post=13524"}],"version-history":[{"count":1,"href":"https:\/\/ktbb.org\/v1\/wp-json\/wp\/v2\/posts\/13524\/revisions"}],"predecessor-version":[{"id":13526,"href":"https:\/\/ktbb.org\/v1\/wp-json\/wp\/v2\/posts\/13524\/revisions\/13526"}],"wp:featuredmedia":[{"embeddable":true,"href":"https:\/\/ktbb.org\/v1\/wp-json\/wp\/v2\/media\/13525"}],"wp:attachment":[{"href":"https:\/\/ktbb.org\/v1\/wp-json\/wp\/v2\/media?parent=13524"}],"wp:term":[{"taxonomy":"category","embeddable":true,"href":"https:\/\/ktbb.org\/v1\/wp-json\/wp\/v2\/categories?post=13524"},{"taxonomy":"post_tag","embeddable":true,"href":"https:\/\/ktbb.org\/v1\/wp-json\/wp\/v2\/tags?post=13524"}],"curies":[{"name":"wp","href":"https:\/\/api.w.org\/{rel}","templated":true}]}}