{"id":19467,"date":"2025-03-28T10:40:21","date_gmt":"2025-03-28T08:40:21","guid":{"rendered":"https:\/\/ktbb.org\/v1\/?p=19467"},"modified":"2025-03-28T10:40:21","modified_gmt":"2025-03-28T08:40:21","slug":"ozcinar-yuzlerinizin-tebessumle-aydinlandigi-bir-bayram-gecirmenizi-temenni-ederim","status":"publish","type":"post","link":"https:\/\/ktbb.org\/v1\/ozcinar-yuzlerinizin-tebessumle-aydinlandigi-bir-bayram-gecirmenizi-temenni-ederim\/","title":{"rendered":"\u00d6z\u00e7\u0131nar: &#8220;Y\u00fczlerinizin tebess\u00fcmle ayd\u0131nland\u0131\u011f\u0131 bir bayram ge\u00e7irmenizi temenni ederim&#8221;"},"content":{"rendered":"<p>K. T. Belediyeler Birli\u011fi ve G\u00fczelyurt Belediye Ba\u015fkan\u0131 Mahmut \u00d6z\u00e7\u0131nar, Ramazan Bayram\u0131 dolay\u0131s\u0131yla bir mesaj yay\u0131mlad\u0131.<\/p>\n<p>\u00d6z\u00e7\u0131nar&#8217;\u0131n mesaj\u0131 \u015f\u00f6yle:<\/p>\n<p>\u201cBayramlar, sevginin payla\u015f\u0131ld\u0131\u011f\u0131, en g\u00fczel zamanlard\u0131r.<\/p>\n<p>Her bayram, eski zamanlar\u0131n s\u0131cakl\u0131\u011f\u0131n\u0131 ve \u00e7ocuklar\u0131n ne\u015fesini hat\u0131rlat\u0131r. \u00d6zenle haz\u0131rlanan bayram sofralar\u0131, el \u00f6pmeye gidilen b\u00fcy\u00fcklerin g\u00f6zlerindeki mutluluk, kalpleri s\u0131cak bir sevgiyle doldurur.<\/p>\n<p>Bayramlar\u0131n ruhunu ya\u015fatmak, bu g\u00fczel de\u011ferleri gelecek nesillere aktarmak hepimizin sorumlulu\u011fudur.<\/p>\n<p>Bu \u00f6zel g\u00fcnlerde, sevdiklerinizle bir araya gelip, darg\u0131nl\u0131klar\u0131 unutmak, ihtiya\u00e7 sahiplerini hat\u0131rlamak \u00e7ok k\u0131ymetlidir.<\/p>\n<p>Sofralar\u0131n\u0131z\u0131n bereketle doldu\u011fu, y\u00fczlerinizin tebess\u00fcmle ayd\u0131nland\u0131\u011f\u0131 bir bayram ge\u00e7irmenizi temenni ederim.<\/p>\n<p>Ramazan Bayram\u0131n\u0131z\u0131 en i\u00e7ten dileklerimle kutlar, birlik ve beraberli\u011fimizi en g\u00fczel \u015fekilde hissetti\u011fimiz, sevgi ve ho\u015fg\u00f6r\u00fcn\u00fcn doyas\u0131ya ya\u015fand\u0131\u011f\u0131 nice mutlu bayramlar dilerim.<\/p>\n<p>Hay\u0131rl\u0131 bayramlar!\u201d<\/p>\n<p>&nbsp;<\/p>\n","protected":false},"excerpt":{"rendered":"<p>K. T. Belediyeler Birli\u011fi ve G\u00fczelyurt Belediye Ba\u015fkan\u0131 Mahmut \u00d6z\u00e7\u0131nar, [&hellip;]<\/p>\n","protected":false},"author":10,"featured_media":19468,"comment_status":"open","ping_status":"closed","sticky":false,"template":"","format":"standard","meta":{"footnotes":""},"categories":[1],"tags":[],"class_list":["post-19467","post","type-post","status-publish","format-standard","has-post-thumbnail","hentry","category-birlikten-haberler"],"_links":{"self":[{"href":"https:\/\/ktbb.org\/v1\/wp-json\/wp\/v2\/posts\/19467","targetHints":{"allow":["GET"]}}],"collection":[{"href":"https:\/\/ktbb.org\/v1\/wp-json\/wp\/v2\/posts"}],"about":[{"href":"https:\/\/ktbb.org\/v1\/wp-json\/wp\/v2\/types\/post"}],"author":[{"embeddable":true,"href":"https:\/\/ktbb.org\/v1\/wp-json\/wp\/v2\/users\/10"}],"replies":[{"embeddable":true,"href":"https:\/\/ktbb.org\/v1\/wp-json\/wp\/v2\/comments?post=19467"}],"version-history":[{"count":1,"href":"https:\/\/ktbb.org\/v1\/wp-json\/wp\/v2\/posts\/19467\/revisions"}],"predecessor-version":[{"id":19469,"href":"https:\/\/ktbb.org\/v1\/wp-json\/wp\/v2\/posts\/19467\/revisions\/19469"}],"wp:featuredmedia":[{"embeddable":true,"href":"https:\/\/ktbb.org\/v1\/wp-json\/wp\/v2\/media\/19468"}],"wp:attachment":[{"href":"https:\/\/ktbb.org\/v1\/wp-json\/wp\/v2\/media?parent=19467"}],"wp:term":[{"taxonomy":"category","embeddable":true,"href":"https:\/\/ktbb.org\/v1\/wp-json\/wp\/v2\/categories?post=19467"},{"taxonomy":"post_tag","embeddable":true,"href":"https:\/\/ktbb.org\/v1\/wp-json\/wp\/v2\/tags?post=19467"}],"curies":[{"name":"wp","href":"https:\/\/api.w.org\/{rel}","templated":true}]}}