{"id":21578,"date":"2026-03-16T11:23:13","date_gmt":"2026-03-16T09:23:13","guid":{"rendered":"https:\/\/ktbb.org\/v1\/?p=21578"},"modified":"2026-03-16T11:23:13","modified_gmt":"2026-03-16T09:23:13","slug":"kadir-kabanin-kibrista-fotografciligin-yuzyili-kitap-tanitimi-arabahmet-kultur-evinde-yapildi","status":"publish","type":"post","link":"https:\/\/ktbb.org\/v1\/kadir-kabanin-kibrista-fotografciligin-yuzyili-kitap-tanitimi-arabahmet-kultur-evinde-yapildi\/","title":{"rendered":"Kadir Kaba\u2019n\u0131n \u201cK\u0131br\u0131s\u2019ta Foto\u011fraf\u00e7\u0131l\u0131\u011f\u0131n Y\u00fczy\u0131l\u0131\u201d Kitap Tan\u0131t\u0131m\u0131  Arabahmet K\u00fclt\u00fcr Evi\u2019nde Yap\u0131ld\u0131"},"content":{"rendered":"<p>Foto\u011fraf tarih\u00e7isi Kadir Kaba taraf\u0131ndan haz\u0131rlanan \u201cHistory of Cypriot Photography 1839-1939: The Story of a Century\u201d ba\u015fl\u0131kl\u0131 kitab\u0131n tan\u0131t\u0131m etkinli\u011fi, Arabahmet K\u00fclt\u00fcr Evi&#8217;nde ger\u00e7ekle\u015fti. Etkinli\u011fe Lefko\u015fa T\u00fcrk Belediyesi Ba\u015fkan\u0131 Mehmet Harmanc\u0131, baz\u0131 LTB Meclis \u00fcyeleri, adan\u0131n hem kuzey hem de g\u00fcneyinden sanatseverler, ara\u015ft\u0131rmac\u0131lar, akademisyenler, foto\u011fraf dernekleri, k\u00fclt\u00fcr-sanat vak\u0131f temsilcileri ve foto\u011fraf sanat\u00e7\u0131lar\u0131 yo\u011fun ilgi g\u00f6sterdi.<\/p>\n<p>200 adet numaral\u0131 s\u0131n\u0131rl\u0131 edisyon olarak yay\u0131mlanan kitab\u0131n tan\u0131t\u0131m etkinli\u011fi a\u00e7\u0131l\u0131\u015f konu\u015fmalar\u0131 ile ba\u015flad\u0131, Halil Duranay moderat\u00f6rl\u00fc\u011f\u00fcnde Kadir Kaba\u2019n\u0131n ara\u015ft\u0131rma s\u00fcreci ile kitab\u0131n kapsam\u0131n\u0131 anlatt\u0131\u011f\u0131 ve konuklar\u0131n da soru-yorumlarla zenginle\u015ftirdikleri sohbet ile devam etti ve imza b\u00f6l\u00fcm\u00fc ile sona erdi.<\/p>\n<p><strong>Duranay: \u201cBu yay\u0131n adan\u0131n foto\u011fraf tarihi \u00fczerine y\u00fcr\u00fct\u00fclen \u00e7al\u0131\u015fmalar a\u00e7\u0131s\u0131ndan \u00f6nemli bir referans kayna\u011f\u0131 niteli\u011fi ta\u015f\u0131yor\u201d<br \/>\n<\/strong>Arkhe Direkt\u00f6r\u00fc Halil Duranay, K\u0131br\u0131s&#8217;\u0131n g\u00f6rsel k\u00fclt\u00fcr tarihine ili\u015fkin ar\u015fiv \u00e7al\u0131\u015fmalar\u0131n\u0131n ve disiplinleraras\u0131 ara\u015ft\u0131rmalar\u0131n \u00f6nemi vurgulayarak s\u00f6z konusu yay\u0131n\u0131n adan\u0131n foto\u011fraf tarihi \u00fczerine y\u00fcr\u00fct\u00fclen \u00e7al\u0131\u015fmalar a\u00e7\u0131s\u0131ndan \u00f6nemli bir referans kayna\u011f\u0131 niteli\u011fi ta\u015f\u0131d\u0131\u011f\u0131 ifade etti. Bu yay\u0131n\u0131n foto\u011fraf tarih\u00e7isi Kadir Kaba\u2019n\u0131n uzun y\u0131llara dayanan ar\u015fiv \u00e7al\u0131\u015fmalar\u0131n\u0131n yeni de\u011fil ama geni\u015fletilmi\u015f \u00f6zel edisyonu oldu\u011funu kaydeden Duranay, etkinli\u011fe kat\u0131lan de\u011ferli konuklara da te\u015fekk\u00fcr etti.<\/p>\n<p><strong>Harmanc\u0131: \u201cKadir Kaba\u2019n\u0131n kitab\u0131n\u0131n geni\u015fletilmi\u015f \u00f6zel bask\u0131s\u0131n\u0131 yay\u0131nlaman\u0131n heyecan ve mutlulu\u011funu ya\u015f\u0131yoruz\u201d<br \/>\n<\/strong>LTB Ba\u015fkan\u0131 Mehmet Harmanc\u0131, \u00fclkemizin de\u011ferli foto\u011fraf\u00e7\u0131 ve ara\u015ft\u0131rmac\u0131lar\u0131ndan Kadir Kaba\u2019n\u0131n kitab\u0131n\u0131n geni\u015fletilmi\u015f \u00f6zel bask\u0131s\u0131n\u0131 yay\u0131nlaman\u0131n kendilerini \u00e7ok heyecanland\u0131rd\u0131\u011f\u0131n\u0131 ifade ederek bu s\u0131n\u0131rl\u0131 say\u0131daki bask\u0131n\u0131n LTB\u2019nin tekrardan yay\u0131nc\u0131l\u0131k alan\u0131nda se\u00e7ili eserleri toplumla bulu\u015fturma misyonunu hayata ge\u00e7irebildi\u011fini g\u00f6rmesi ad\u0131na da \u00f6nemli oldu\u011funu vurgulad\u0131.<\/p>\n<p><strong>Harmanc\u0131: \u201cBienal Lefko\u015fa, 2025\u2019te ba\u015fkentte hayat\u0131 farkl\u0131la\u015ft\u0131ran \u00f6nemli bir deneyimdi. \u00dclkede sanat\u0131n kamusal alanda ilk kez bu kadar geni\u015f \u00f6l\u00e7ekte tart\u0131\u015f\u0131ld\u0131\u011f\u0131na \u015fahit olduk.\u201d<br \/>\n<\/strong>Harmanc\u0131 konu\u015fmas\u0131n\u0131n devam\u0131nda \u201cArkhe kuruldu\u011fu g\u00fcnden itibaren \u00e7ok \u00f6nemli \u00e7al\u0131\u015fmalar yapt\u0131. 2024 y\u0131l\u0131nda Eklektik Manifest ve 2025 y\u0131l\u0131nda Bienal Lefko\u015fa, ba\u015fkentte k\u00fclt\u00fcr-sanat hayat\u0131n\u0131 farkl\u0131la\u015ft\u0131ran \u00f6nemli deneyimlerdi. \u00dclkede sanat\u0131n kamusal alanda ilk kez bu kadar geni\u015f \u00f6l\u00e7ekte tart\u0131\u015f\u0131ld\u0131\u011f\u0131na \u015fahit olduk. Elbette bizim de bir sonrakini daha iyi organize edebilme ad\u0131na bu tecr\u00fcbelerden yararlanaca\u011f\u0131z. Arkhe bu anlamda da \u00f6nemli bir misyonu yerine getiriyor\u201d dedi.<\/p>\n<p>&nbsp;<\/p>\n<p>LTB\u2019nin himayesinde, Cypriot Photographers&#8217; Gallery (CPG) ve Arkhe i\u015f birli\u011fiyle haz\u0131rlanan yay\u0131n, Kaba&#8217;n\u0131n &#8220;K\u0131br\u0131s&#8217;ta Foto\u011fraf\u0131n Bir Asr\u0131: Seyyarlardan Foto\u011frafhanelere&#8221; ba\u015fl\u0131kl\u0131 ara\u015ft\u0131rmas\u0131n\u0131n geni\u015fletilmi\u015f ve g\u00fcncellenmi\u015f kitap versiyonu olarak yay\u0131mland\u0131.<\/p>\n<p>Yeni ar\u015fiv buluntular\u0131 ve g\u00f6rsel materyallerle zenginle\u015ftirilen \u00e7al\u0131\u015fma, K\u0131br\u0131s&#8217;ta foto\u011fraf prati\u011finin 1839-1939 y\u0131llar\u0131 aras\u0131ndaki geli\u015fimini tarihsel, k\u00fclt\u00fcrel ve kurumsal ba\u011flamlar\u0131yla ele almay\u0131 ama\u00e7l\u0131yor. Ara\u015ft\u0131rma, K\u0131br\u0131s&#8217;ta foto\u011fraf\u0131n ilk d\u00f6nemlerinden itibaren seyyar foto\u011fraf\u00e7\u0131lar, erken d\u00f6nem st\u00fcdyo pratikleri ve foto\u011frafhanelerin olu\u015fumu gibi ba\u015fl\u0131klar \u00fczerinden adadaki foto\u011fraf \u00fcretiminin tarihsel geli\u015fimini belgeliyor. \u00c7al\u0131\u015fma ayn\u0131 zamanda foto\u011fraf\u0131n toplumsal dola\u015f\u0131m\u0131, g\u00f6rsel temsil bi\u00e7imleri ve erken d\u00f6nem foto\u011fraf \u00fcretim a\u011flar\u0131na dair yeni ar\u015fiv verileri de sunuyor.<\/p>\n<p>&nbsp;<\/p>\n","protected":false},"excerpt":{"rendered":"<p>Foto\u011fraf tarih\u00e7isi Kadir Kaba taraf\u0131ndan haz\u0131rlanan \u201cHistory of Cypriot Photography [&hellip;]<\/p>\n","protected":false},"author":10,"featured_media":21579,"comment_status":"open","ping_status":"closed","sticky":false,"template":"","format":"standard","meta":{"footnotes":""},"categories":[9],"tags":[],"class_list":["post-21578","post","type-post","status-publish","format-standard","has-post-thumbnail","hentry","category-uyelerimizin-haberleri"],"_links":{"self":[{"href":"https:\/\/ktbb.org\/v1\/wp-json\/wp\/v2\/posts\/21578","targetHints":{"allow":["GET"]}}],"collection":[{"href":"https:\/\/ktbb.org\/v1\/wp-json\/wp\/v2\/posts"}],"about":[{"href":"https:\/\/ktbb.org\/v1\/wp-json\/wp\/v2\/types\/post"}],"author":[{"embeddable":true,"href":"https:\/\/ktbb.org\/v1\/wp-json\/wp\/v2\/users\/10"}],"replies":[{"embeddable":true,"href":"https:\/\/ktbb.org\/v1\/wp-json\/wp\/v2\/comments?post=21578"}],"version-history":[{"count":1,"href":"https:\/\/ktbb.org\/v1\/wp-json\/wp\/v2\/posts\/21578\/revisions"}],"predecessor-version":[{"id":21580,"href":"https:\/\/ktbb.org\/v1\/wp-json\/wp\/v2\/posts\/21578\/revisions\/21580"}],"wp:featuredmedia":[{"embeddable":true,"href":"https:\/\/ktbb.org\/v1\/wp-json\/wp\/v2\/media\/21579"}],"wp:attachment":[{"href":"https:\/\/ktbb.org\/v1\/wp-json\/wp\/v2\/media?parent=21578"}],"wp:term":[{"taxonomy":"category","embeddable":true,"href":"https:\/\/ktbb.org\/v1\/wp-json\/wp\/v2\/categories?post=21578"},{"taxonomy":"post_tag","embeddable":true,"href":"https:\/\/ktbb.org\/v1\/wp-json\/wp\/v2\/tags?post=21578"}],"curies":[{"name":"wp","href":"https:\/\/api.w.org\/{rel}","templated":true}]}}