{"id":21581,"date":"2026-03-16T11:24:29","date_gmt":"2026-03-16T09:24:29","guid":{"rendered":"https:\/\/ktbb.org\/v1\/?p=21581"},"modified":"2026-03-16T11:24:29","modified_gmt":"2026-03-16T09:24:29","slug":"kibris-turk-kostum-defilesi-ilgi-gordu","status":"publish","type":"post","link":"https:\/\/ktbb.org\/v1\/kibris-turk-kostum-defilesi-ilgi-gordu\/","title":{"rendered":"K\u0131br\u0131s T\u00fcrk Kost\u00fcm Defilesi ilgi g\u00f6rd\u00fc"},"content":{"rendered":"<p><strong>K\u0131br\u0131s T\u00fcrk Kost\u00fcm Defilesi ilgi g\u00f6rd\u00fc<\/strong><\/p>\n<ol start=\"15\">\n<li><strong> K\u00fclt\u00fcr&amp;Sanat G\u00fcnleri devam ediyor<\/strong><\/li>\n<\/ol>\n<p><strong>K\u00fclt\u00fcr Sanat G\u00fcnleri bug\u00fcn Engelsiz KTHD ve Konser ile devam edecek<\/strong><\/p>\n<p>\u0130skele Belediyesi 15. K\u00fclt\u00fcr&amp;Sanat G\u00fcnleri 13 Mart Cuma ak\u015fam\u0131 K\u0131br\u0131s T\u00fcrk Kost\u00fcm Defilesi ile devam etti. Lefko\u015fa Folklor ve Gen\u00e7lik Merkezi (FOGEM) dans\u00e7\u0131lar\u0131n\u0131n ayn\u0131 sahneyi payla\u015ft\u0131\u011f\u0131 renkli gece, ilgi g\u00f6rd\u00fc. K\u00fclt\u00fcr&amp;Sanat G\u00fcnleri bu ak\u015fam ise iki ayr\u0131 etkinlikle devam edecek. Saat 15.00\u2019te Gen\u00e7 CIOFF Ekibinin sahneye ta\u015f\u0131yaca\u011f\u0131 Engelsiz K\u0131br\u0131s T\u00fcrk Halk Danslar\u0131, saat 19.00\u2019da ise \u00c7a\u011fda\u015f M\u00fczik Derne\u011fi\u2019nin Gelenekten Gelece\u011fe Miras\u0131m\u0131z K\u0131br\u0131s M\u00fczikali \u0130skele AKM sahnesinde olacak. Etkinliklere \u00fccretsiz girilebilecek.<\/p>\n<p>&nbsp;<\/p>\n<p>&nbsp;<\/p>\n<p><strong>K\u0131br\u0131s T\u00fcrk Kost\u00fcm Defilesi ilgi g\u00f6rd\u00fc<\/strong><\/p>\n<p>\u0130skele Belediyesi 15. K\u00fclt\u00fcr &amp; Sanat G\u00fcnleri kapsam\u0131nda ger\u00e7ekle\u015ftirilen etkinlikler yo\u011fun ilgiyle devam ediyor. Program \u00e7er\u00e7evesinde 13 Mart Cuma ak\u015fam\u0131 K\u0131br\u0131s T\u00fcrk k\u00fclt\u00fcr\u00fcn\u00fc yans\u0131tan \u00f6zel bir etkinlik ger\u00e7ekle\u015ftirildi. \u0130skele AKM\u2019de d\u00fczenlenen K\u0131br\u0131s T\u00fcrk Kost\u00fcm Defilesi, izleyicilerden b\u00fcy\u00fck ilgi g\u00f6rd\u00fc. FOGEM taraf\u0131ndan ger\u00e7ekle\u015ftirilen defilede, K\u0131br\u0131s T\u00fcrk k\u00fclt\u00fcr\u00fcne ait geleneksel k\u0131yafetler tan\u0131t\u0131ld\u0131. Etkinlikte sergilenen kost\u00fcmler, ge\u00e7mi\u015ften g\u00fcn\u00fcm\u00fcze K\u0131br\u0131s T\u00fcrk toplumunun k\u00fclt\u00fcrel miras\u0131n\u0131 ve giyim gelene\u011fini yans\u0131tt\u0131.<\/p>\n<p>Defile s\u0131ras\u0131nda sahneye \u00e7\u0131kan kat\u0131l\u0131mc\u0131lar, geleneksel k\u0131yafetlerle y\u00fcr\u00fcy\u00fc\u015f yapt\u0131. Renkli g\u00f6r\u00fcnt\u00fclere sahne olan etkinlik, izleyiciler taraf\u0131ndan ilgiyle takip edildi Gecenin sonunda sahneye \u00e7\u0131kan \u0130skele Belediyesi K\u00fclt\u00fcr&amp;Sanat ve d\u0131\u015f ili\u015fkiler dan\u0131\u015fman\u0131 \u00d6zlem Kadira\u011fa, etkinli\u011fin d\u00fczenlenmesinde b\u00fcy\u00fck katk\u0131lar\u0131 olan FOGEM Ba\u015fkan\u0131 Salih D\u00f6\u015femeci\u2019ye te\u015fekk\u00fcr plaketi verdi.<\/p>\n<p>&nbsp;<\/p>\n<p><strong>K\u00fclt\u00fcr Sanat G\u00fcnleri bug\u00fcn Engelsiz KTHD ve konser ile devam edecek<\/strong><\/p>\n<p>\u0130skele Belediyesi 15. K\u00fclt\u00fcr&amp;Sanat G\u00fcnleri bu ak\u015fam ise iki ayr\u0131 etkinlikle devam edecek. Saat 15.00\u2019te Gen\u00e7 CIOFF Ekibinin sahneye ta\u015f\u0131yaca\u011f\u0131 Engelsiz K\u0131br\u0131s T\u00fcrk Halk Danslar\u0131 g\u00f6sterisi, saat 19.00\u2019da ise \u00c7a\u011fda\u015f M\u00fczik Derne\u011fi\u2019nin Gelenekten Gelece\u011fe Miras\u0131m\u0131z K\u0131br\u0131s M\u00fczikali olacak. Her iki etkinli\u011fe de \u0130skele AKM ev sahipli\u011fi yapacak.<\/p>\n<p>&nbsp;<\/p>\n","protected":false},"excerpt":{"rendered":"<p>K\u0131br\u0131s T\u00fcrk Kost\u00fcm Defilesi ilgi g\u00f6rd\u00fc K\u00fclt\u00fcr&amp;Sanat G\u00fcnleri devam ediyor [&hellip;]<\/p>\n","protected":false},"author":10,"featured_media":21582,"comment_status":"open","ping_status":"closed","sticky":false,"template":"","format":"standard","meta":{"footnotes":""},"categories":[9],"tags":[],"class_list":["post-21581","post","type-post","status-publish","format-standard","has-post-thumbnail","hentry","category-uyelerimizin-haberleri"],"_links":{"self":[{"href":"https:\/\/ktbb.org\/v1\/wp-json\/wp\/v2\/posts\/21581","targetHints":{"allow":["GET"]}}],"collection":[{"href":"https:\/\/ktbb.org\/v1\/wp-json\/wp\/v2\/posts"}],"about":[{"href":"https:\/\/ktbb.org\/v1\/wp-json\/wp\/v2\/types\/post"}],"author":[{"embeddable":true,"href":"https:\/\/ktbb.org\/v1\/wp-json\/wp\/v2\/users\/10"}],"replies":[{"embeddable":true,"href":"https:\/\/ktbb.org\/v1\/wp-json\/wp\/v2\/comments?post=21581"}],"version-history":[{"count":1,"href":"https:\/\/ktbb.org\/v1\/wp-json\/wp\/v2\/posts\/21581\/revisions"}],"predecessor-version":[{"id":21583,"href":"https:\/\/ktbb.org\/v1\/wp-json\/wp\/v2\/posts\/21581\/revisions\/21583"}],"wp:featuredmedia":[{"embeddable":true,"href":"https:\/\/ktbb.org\/v1\/wp-json\/wp\/v2\/media\/21582"}],"wp:attachment":[{"href":"https:\/\/ktbb.org\/v1\/wp-json\/wp\/v2\/media?parent=21581"}],"wp:term":[{"taxonomy":"category","embeddable":true,"href":"https:\/\/ktbb.org\/v1\/wp-json\/wp\/v2\/categories?post=21581"},{"taxonomy":"post_tag","embeddable":true,"href":"https:\/\/ktbb.org\/v1\/wp-json\/wp\/v2\/tags?post=21581"}],"curies":[{"name":"wp","href":"https:\/\/api.w.org\/{rel}","templated":true}]}}