{"id":21587,"date":"2026-03-17T14:08:03","date_gmt":"2026-03-17T12:08:03","guid":{"rendered":"https:\/\/ktbb.org\/v1\/?p=21587"},"modified":"2026-03-17T14:08:03","modified_gmt":"2026-03-17T12:08:03","slug":"gelenekten-gelecege-mirasimiz-kibris-muzikali-ayakta-alkislandi","status":"publish","type":"post","link":"https:\/\/ktbb.org\/v1\/gelenekten-gelecege-mirasimiz-kibris-muzikali-ayakta-alkislandi\/","title":{"rendered":"Gelenekten Gelece\u011fe Miras\u0131m\u0131z K\u0131br\u0131s M\u00fczikali ayakta alk\u0131\u015fland\u0131"},"content":{"rendered":"<p>&nbsp;<\/p>\n<p><strong>\u00c7a\u011fda\u015f M\u00fczik Derne\u011fi, m\u00fczikali ilk kez \u0130skele\u2019de sahneye ta\u015f\u0131d\u0131<\/strong><\/p>\n<ol start=\"15\">\n<li><strong> K\u00fclt\u00fcr&amp;Sanat G\u00fcnleri yar\u0131n Nenemin Mutfa\u011f\u0131 ile devam edecek<\/strong><\/li>\n<\/ol>\n<p>\u0130skele Belediyesi 15. K\u00fclt\u00fcr&amp;Sanat G\u00fcnleri d\u00fcn (16 Mart) ak\u015fam Gelenekten Gelece\u011fe Miras\u0131m\u0131z K\u0131br\u0131s M\u00fczikali ile devam etti. \u00c7a\u011fda\u015f M\u00fczik Derne\u011fi Sanat y\u00f6netmeni Ersin T\u00fcnay\u2019\u0131n KKTC\u2019de ilk kez \u0130skele\u2019de sahneye ta\u015f\u0131d\u0131\u011f\u0131 m\u00fczikal, \u00e7ok be\u011fenildi. K\u0131br\u0131s T\u00fcrk toplumunun g\u00f6\u00e7 hikayelerini, k\u00fclt\u00fcrel de\u011ferlerini ve toplumsal belle\u011fini m\u00fczik, dans ve tiyatro esteti\u011fiyle harmanlayan ekip, ayakta alk\u0131\u015fland\u0131. \u0130skele Belediyesi 15. K\u00fclt\u00fcr Sanat G\u00fcnleri yar\u0131n (18 Mart) ak\u015fam ise \u0130skele Belediyesi K\u00fclt\u00fcr Evi\u2019nde ger\u00e7ekle\u015fecek Nenemin Mutfa\u011f\u0131\/Nostaljik Sunum ile devam edecek.<\/p>\n<p><strong>\u00c7a\u011fda\u015f M\u00fczik Derne\u011fi, m\u00fczikali ilk kez \u0130skele\u2019de sahneye ta\u015f\u0131d\u0131<\/strong><\/p>\n<p>\u0130skele\u2019de k\u00fclt\u00fcr ve sanat dolu g\u00fcnler t\u00fcm co\u015fkusuyla devam ediyor. \u0130skele Belediyesi taraf\u0131ndan bu y\u0131l 15\u2019incisi d\u00fczenlenen K\u00fclt\u00fcr &amp; Sanat G\u00fcnleri kapsam\u0131nda ger\u00e7ekle\u015ftirilen etkinlikler, sanatseverleri bir araya getiriyor. \u00a0\u00a0D\u00fcn (16 Mart) ak\u015fam sahnelenen \u201cGelenekten Gelece\u011fe Miras\u0131m\u0131z K\u0131br\u0131s\u201d m\u00fczikali izleyicilere unutulmaz bir gece ya\u015fatt\u0131. \u00c7a\u011fda\u015f M\u00fczik Derne\u011fi taraf\u0131ndan haz\u0131rlanan ve \u0130skele Atat\u00fcrk K\u00fclt\u00fcr Merkezi (AKM) sahnesinde izleyiciyle bulu\u015fan m\u00fczikal, K\u0131br\u0131s\u2019\u0131n zengin k\u00fclt\u00fcrel miras\u0131n\u0131 sahne performanslar\u0131yla gelece\u011fe ta\u015f\u0131d\u0131.<\/p>\n<p>&nbsp;<\/p>\n<p><strong>Gelenekten Gelece\u011fe Miras\u0131m\u0131z K\u0131br\u0131s M\u00fczikali ayakta alk\u0131\u015fland\u0131<\/strong><\/p>\n<p>Sanat y\u00f6netmeni Ersin T\u00fcnay\u2019\u0131n sahneye koydu\u011fu m\u00fczikalde, sahnede sergilenen koreografiler ve dramatik anlat\u0131m izleyicilerden b\u00fcy\u00fck be\u011feni toplad\u0131. Sanat\u00e7\u0131lar performanslar\u0131yla izleyiciyi hem duygusal hem de g\u00f6rsel bir yolculu\u011fa \u00e7\u0131kar\u0131rken, salondaki izleyiciler zaman zaman alk\u0131\u015flarla g\u00f6steriye e\u015flik etti. \u0130skele Belediyesi Meclis \u00dcyesi Zekiye Gece ile Sanat\u00e7\u0131 Osman Alka\u015f\u2019\u0131n da izleyiciler aras\u0131nda oldu\u011fu yo\u011fun kat\u0131l\u0131ml\u0131 gecede salonu dolduran sanatseverler, m\u00fczik, dans ve tiyatronun i\u00e7 i\u00e7e ge\u00e7ti\u011fi etkileyici bir g\u00f6steri izledi. K\u0131br\u0131s T\u00fcrk toplumunun g\u00f6\u00e7 hikayelerini, k\u00fclt\u00fcrel de\u011ferlerini ve toplumsal belle\u011fini m\u00fczik, dans ve tiyatro esteti\u011fiyle harmanlayan bir yap\u0131m olarak haz\u0131rlanan m\u00fczikal, Avustralya Sidney ve Melbourne\u2019da da sahneye ta\u015f\u0131nm\u0131\u015ft\u0131.<\/p>\n<p>&nbsp;<\/p>\n<p><strong>Kadira\u011fa: \u201cM\u00fczikalin d\u00fcnyada bir\u00e7ok temsiliyetler yapaca\u011f\u0131na inan\u0131yorum\u201d<\/strong><\/p>\n<p>Biz k\u00fclt\u00fcr insan\u0131y\u0131z, k\u00fclt\u00fcr el\u00e7ileriyiz diyerek konu\u015fmas\u0131na ba\u015flayan \u0130skele Belediyesi K\u00fclt\u00fcr&amp;Sanat ve D\u0131\u015f ili\u015fkiler Dan\u0131\u015fman\u0131 \u00d6zlem Kadira\u011fa, \u00c7MD\u2019nin sahneye ta\u015f\u0131d\u0131\u011f\u0131 Gelenekten Gelece\u011fe Miras\u0131m\u0131z K\u0131br\u0131s M\u00fczikalinin ayn\u0131 heyecanla ve ba\u015far\u0131yla \u00fclkemizin yan\u0131 s\u0131ra d\u00fcnyan\u0131n bir \u00e7ok noktada temsiliyetler yapaca\u011f\u0131na inand\u0131\u011f\u0131n\u0131 ifade etti. Ersin T\u00fcnay\u2019\u0131 da tebrik eden Kadira\u011fa, T\u00fcnay\u2019\u0131n ve ekibinin ba\u015far\u0131s\u0131n\u0131 da disiplinli \u00e7al\u0131\u015fmaya ba\u011flad\u0131.\u00a0 \u00a0Kadira\u011fa konu\u015fmas\u0131n\u0131n sonunda ise \u00c7MD Sanat Y\u00f6netmeni Ersin T\u00fcnay\u2019a te\u015fekk\u00fcr plaketi taktim etti.<\/p>\n<p>&nbsp;<\/p>\n<p><strong>T\u00fcnay: \u201c\u0130nsan\u0131n\u0131za ve k\u00fclt\u00fcrel de\u011ferlerinize sahip \u00e7\u0131k\u0131n\u201d<\/strong><\/p>\n<p>1987 y\u0131l\u0131nda \u00d6zlem Kadira\u011fa \u00f6nc\u00fcl\u00fc\u011f\u00fcndeki \u0130skele Belediyesi Halk Danslar\u0131 ekibinde i\u015fe ba\u015flad\u0131\u011f\u0131n\u0131 belirten \u00c7MD Sanat Y\u00f6netmeni Ersin T\u00fcnay ise duygu yo\u011funlu\u011fu i\u00e7erisinde olu\u011funu belirtti. \u0130nsan\u0131n\u0131za ve k\u00fclt\u00fcrel de\u011ferlerinize sahip \u00e7\u0131k\u0131n diyen T\u00fcnay, d\u00fcnyan\u0131n \u00e7ok farkl\u0131 bir y\u00f6ne gitti\u011fini ifade etti, esas olan\u0131n bu de\u011ferleri gelece\u011fe ta\u015f\u0131mak oldu\u011funun alt\u0131n\u0131 \u00e7izdi.<\/p>\n<p>&nbsp;<\/p>\n<p><strong>\u00a0<\/strong><\/p>\n<p><strong>\u00a0<\/strong><\/p>\n<p><strong>Gece: \u201cgen\u00e7leri ve \u00e7ocuklar\u0131 bu \u00fclkeye ba\u011flaman\u0131n yolu k\u00fclt\u00fcrle m\u00fcmk\u00fcn\u201d<\/strong><\/p>\n<p>K\u00fclt\u00fcr ve Sanata de\u011fer veren \u0130skele Belediyesi\u2019nin ev sahipli\u011finde ilk kez \u0130skele\u2019de sahneye ta\u015f\u0131nmas\u0131ndan duydu\u011fu mutlulu\u011fu ifade eden \u0130skele Belediyesi Meclis \u00dcyesi Zekiye Gece, \u00e7ocuklar\u0131n, gen\u00e7lerin \u00fclkeye ba\u011flanmas\u0131 gerekti\u011fini, bunun da k\u00fclt\u00fcrle m\u00fcmk\u00fcn olabilece\u011finin alt\u0131n\u0131 \u00e7izdi.<\/p>\n<p>&nbsp;<\/p>\n<ol start=\"15\">\n<li><strong> K\u00fclt\u00fcr&amp;Sanat g\u00fcnleri yar\u0131n nenemin mutfa\u011f\u0131 ile devam edecek<\/strong><\/li>\n<\/ol>\n<p>\u0130skele Belediyesi 15. K\u00fclt\u00fcr Sanat G\u00fcnleri yar\u0131n (18 Mart) ak\u015fam ise \u0130skele Belediyesi K\u00fclt\u00fcr Evi\u2019nde ger\u00e7ekle\u015fecek Nenemin Mutfa\u011f\u0131\/Nostaljik Sunum ile devam edecek. Saat 19\u2019da ba\u015flayacak etkinlikte, geleneksel K\u0131br\u0131s yemekleri, canl\u0131 yap\u0131m ve tad\u0131m stantlar\u0131 e\u015fli\u011finde halkla bulu\u015fturulacak.<\/p>\n<p>&nbsp;<\/p>\n<p>&nbsp;<\/p>\n<p>&nbsp;<\/p>\n","protected":false},"excerpt":{"rendered":"<p>&nbsp; \u00c7a\u011fda\u015f M\u00fczik Derne\u011fi, m\u00fczikali ilk kez \u0130skele\u2019de sahneye ta\u015f\u0131d\u0131 [&hellip;]<\/p>\n","protected":false},"author":10,"featured_media":21588,"comment_status":"open","ping_status":"closed","sticky":false,"template":"","format":"standard","meta":{"footnotes":""},"categories":[9],"tags":[],"class_list":["post-21587","post","type-post","status-publish","format-standard","has-post-thumbnail","hentry","category-uyelerimizin-haberleri"],"_links":{"self":[{"href":"https:\/\/ktbb.org\/v1\/wp-json\/wp\/v2\/posts\/21587","targetHints":{"allow":["GET"]}}],"collection":[{"href":"https:\/\/ktbb.org\/v1\/wp-json\/wp\/v2\/posts"}],"about":[{"href":"https:\/\/ktbb.org\/v1\/wp-json\/wp\/v2\/types\/post"}],"author":[{"embeddable":true,"href":"https:\/\/ktbb.org\/v1\/wp-json\/wp\/v2\/users\/10"}],"replies":[{"embeddable":true,"href":"https:\/\/ktbb.org\/v1\/wp-json\/wp\/v2\/comments?post=21587"}],"version-history":[{"count":1,"href":"https:\/\/ktbb.org\/v1\/wp-json\/wp\/v2\/posts\/21587\/revisions"}],"predecessor-version":[{"id":21589,"href":"https:\/\/ktbb.org\/v1\/wp-json\/wp\/v2\/posts\/21587\/revisions\/21589"}],"wp:featuredmedia":[{"embeddable":true,"href":"https:\/\/ktbb.org\/v1\/wp-json\/wp\/v2\/media\/21588"}],"wp:attachment":[{"href":"https:\/\/ktbb.org\/v1\/wp-json\/wp\/v2\/media?parent=21587"}],"wp:term":[{"taxonomy":"category","embeddable":true,"href":"https:\/\/ktbb.org\/v1\/wp-json\/wp\/v2\/categories?post=21587"},{"taxonomy":"post_tag","embeddable":true,"href":"https:\/\/ktbb.org\/v1\/wp-json\/wp\/v2\/tags?post=21587"}],"curies":[{"name":"wp","href":"https:\/\/api.w.org\/{rel}","templated":true}]}}