{"id":21594,"date":"2026-03-18T12:31:10","date_gmt":"2026-03-18T10:31:10","guid":{"rendered":"https:\/\/ktbb.org\/v1\/?p=21594"},"modified":"2026-03-18T12:31:10","modified_gmt":"2026-03-18T10:31:10","slug":"akdoganda-6-geleneksel-bahar-yuruyusu-ltb-kadin-siginma-evi-yararina-gerceklesecek","status":"publish","type":"post","link":"https:\/\/ktbb.org\/v1\/akdoganda-6-geleneksel-bahar-yuruyusu-ltb-kadin-siginma-evi-yararina-gerceklesecek\/","title":{"rendered":"Akdo\u011fan\u2019da 6. Geleneksel Bahar Y\u00fcr\u00fcy\u00fc\u015f\u00fc LTB Kad\u0131n S\u0131\u011f\u0131nma Evi Yarar\u0131na Ger\u00e7ekle\u015fecek"},"content":{"rendered":"<p>Lefko\u015fa T\u00fcrk Belediyesi Ba\u015fkan\u0131 Mehmet Harmanc\u0131, Akdo\u011fan K\u00fclt\u00fcr Sanat ve Spor Derne\u011fi heyetini kabul etti. LTB Ba\u015fkan\u0131 Harmanc\u0131, Dernek Asba\u015fkan\u0131 G\u00f6knur Asil ve y\u00f6netim kurulu \u00fcyelerinden olu\u015fan heyeti kabul\u00fcnde; do\u011fa y\u00fcr\u00fcy\u00fc\u015f\u00fcn\u00fcn bu y\u0131l LTB Kad\u0131n S\u0131\u011f\u0131nma Evi yarar\u0131na d\u00fczenlenmesinin \u00f6nemine dikkat \u00e7ekti.<\/p>\n<p>Ba\u015fkan Harmanc\u0131, LTB olarak etkinlik kapsam\u0131nda i\u015f birli\u011fi i\u00e7erisinde olacaklar\u0131n\u0131 belirterek, bu de\u011ferli katk\u0131 i\u00e7in dernek y\u00f6netimine te\u015fekk\u00fcr etti.<\/p>\n<p>Akdo\u011fan K\u00fclt\u00fcr Sanat ve Spor Derne\u011fi Asba\u015fkan\u0131 G\u00f6knur Asil ise 29 Mart Pazar sabah\u0131 saat 09.00\u2019da Akdo\u011fan\u2019da ger\u00e7ekle\u015fecek olan Geleneksel 6. Bahar Y\u00fcr\u00fcy\u00fc\u015f\u00fc\u2019n\u00fcn t\u00fcm gelirinin bu y\u0131l LTB Kad\u0131n S\u0131\u011f\u0131nma Evi\u2019ne ba\u011f\u0131\u015flanaca\u011f\u0131n\u0131 kaydetti. Asil, &#8220;Hep birlikte daha g\u00fc\u00e7l\u00fc bir gelecek i\u00e7in at\u0131lm\u0131\u015f bir ad\u0131m&#8221; olarak nitelendirdi\u011fi bu anlaml\u0131 etkinli\u011fe t\u00fcm halk\u0131 davet etti.<\/p>\n<p>&nbsp;<\/p>\n","protected":false},"excerpt":{"rendered":"<p>Lefko\u015fa T\u00fcrk Belediyesi Ba\u015fkan\u0131 Mehmet Harmanc\u0131, Akdo\u011fan K\u00fclt\u00fcr Sanat ve [&hellip;]<\/p>\n","protected":false},"author":10,"featured_media":21595,"comment_status":"open","ping_status":"closed","sticky":false,"template":"","format":"standard","meta":{"footnotes":""},"categories":[9],"tags":[],"class_list":["post-21594","post","type-post","status-publish","format-standard","has-post-thumbnail","hentry","category-uyelerimizin-haberleri"],"_links":{"self":[{"href":"https:\/\/ktbb.org\/v1\/wp-json\/wp\/v2\/posts\/21594","targetHints":{"allow":["GET"]}}],"collection":[{"href":"https:\/\/ktbb.org\/v1\/wp-json\/wp\/v2\/posts"}],"about":[{"href":"https:\/\/ktbb.org\/v1\/wp-json\/wp\/v2\/types\/post"}],"author":[{"embeddable":true,"href":"https:\/\/ktbb.org\/v1\/wp-json\/wp\/v2\/users\/10"}],"replies":[{"embeddable":true,"href":"https:\/\/ktbb.org\/v1\/wp-json\/wp\/v2\/comments?post=21594"}],"version-history":[{"count":1,"href":"https:\/\/ktbb.org\/v1\/wp-json\/wp\/v2\/posts\/21594\/revisions"}],"predecessor-version":[{"id":21597,"href":"https:\/\/ktbb.org\/v1\/wp-json\/wp\/v2\/posts\/21594\/revisions\/21597"}],"wp:featuredmedia":[{"embeddable":true,"href":"https:\/\/ktbb.org\/v1\/wp-json\/wp\/v2\/media\/21595"}],"wp:attachment":[{"href":"https:\/\/ktbb.org\/v1\/wp-json\/wp\/v2\/media?parent=21594"}],"wp:term":[{"taxonomy":"category","embeddable":true,"href":"https:\/\/ktbb.org\/v1\/wp-json\/wp\/v2\/categories?post=21594"},{"taxonomy":"post_tag","embeddable":true,"href":"https:\/\/ktbb.org\/v1\/wp-json\/wp\/v2\/tags?post=21594"}],"curies":[{"name":"wp","href":"https:\/\/api.w.org\/{rel}","templated":true}]}}