{"id":21602,"date":"2026-03-18T13:34:27","date_gmt":"2026-03-18T11:34:27","guid":{"rendered":"https:\/\/ktbb.org\/v1\/?p=21602"},"modified":"2026-03-18T13:34:27","modified_gmt":"2026-03-18T11:34:27","slug":"canakkale-deniz-zaferinin-111-yili-nedeniyle-iskelede-de-toren-duzenlendi","status":"publish","type":"post","link":"https:\/\/ktbb.org\/v1\/canakkale-deniz-zaferinin-111-yili-nedeniyle-iskelede-de-toren-duzenlendi\/","title":{"rendered":"\u00c7anakkale Deniz Zaferi\u2019nin 111. Y\u0131l\u0131 nedeniyle \u0130skele\u2019de de t\u00f6ren d\u00fczenlendi\u00a0"},"content":{"rendered":"<p>&nbsp;<\/p>\n<p><strong>\u00c7anakkale ge\u00e7ilmez, vatan b\u00f6l\u00fcnmez!<\/strong><\/p>\n<p><strong>G\u00f6\u011fs\u00fcm\u00fcz\u00fc kabartan \u00c7anakkale Deniz Zaferi&#8217;nin 111. y\u0131l\u0131 <\/strong><\/p>\n<p>T\u00fcrk Milleti&#8217;nin kudretini t\u00fcm d\u00fcnyaya g\u00f6steren, b\u00fcy\u00fck bir kahramanl\u0131k destan\u0131 olan 18 Mart \u00c7anakkale Deniz Zaferi\u2019nin 111. Y\u0131l\u0131 nedeniyle ada genelinde oldu\u011fu gibi \u0130skele\u2019de de t\u00f6ren d\u00fczenlendi. Zaferin y\u0131l d\u00f6n\u00fcm\u00fc nedeniyle \u0130skele\u2019de, Larnaka \u015eehitler An\u0131t\u0131 \u00f6n\u00fcnde d\u00fczenlenen t\u00f6rende an\u0131ta \u00e7elenkler konuldu, g\u00fcn\u00fcn anlam ve \u00f6nemini belirten konu\u015fmalar yap\u0131ld\u0131, \u015fiirlerin okundu. T\u00f6ren \u015fehitler an\u0131s\u0131na okunan dua ile son buldu.<\/p>\n<p>&nbsp;<\/p>\n<p><strong>G\u00f6\u011fs\u00fcm\u00fcz\u00fc kabartan \u00c7anakkale Deniz Zaferi&#8217;nin 111. y\u0131l\u0131 <\/strong><\/p>\n<p>T\u00fcrk Milletinin g\u00f6\u011fs\u00fcn\u00fc kabartan \u00c7anakkale Deniz Zaferi\u2019nin 111. Y\u0131ld\u00f6n\u00fcm\u00fcnde \u0130skele\u2019de t\u00f6ren d\u00fczenlendi. T\u00f6rene \u0130skele Kaymakam Muavini Necmi Karak\u0131l\u0131\u00e7, \u0130skele Belediye Ba\u015fkan\u0131 Hasan Sad\u0131ko\u011flu, K\u0131br\u0131s T\u00fcrk Bar\u0131\u015f Kuvvetleri Komutanl\u0131\u011f\u0131 ad\u0131na \u0130stihdam Binba\u015f\u0131 Bur\u00e7 Volkan Zor, G\u00fcvenlik Kuvvetleri Komutanl\u0131\u011f\u0131 ad\u0131na Piyade Binba\u015f\u0131 Seyfullah Atabey, \u0130skele Polis M\u00fcd\u00fcr\u00fc \u0130brahim Ulusoy, Sivil Savunma Te\u015fkilat\u0131 \u0130skele \u015eube M\u00fcd\u00fcr\u00fc Kadir Yi\u011fen, siyasi parti temsilcileri, dernekler, askeri erk\u00e2n kurum ve kurulu\u015f temsilcileri, okullar ve vatanda\u015flar kat\u0131ld\u0131. Sayg\u0131 duru\u015fu ve sayg\u0131 at\u0131\u015f\u0131n\u0131n yap\u0131ld\u0131\u011f\u0131 Larnaka \u015eehitler An\u0131t\u0131 \u00f6n\u00fcndeki t\u00f6rende bayraklar \u0130stiklal Mar\u015f\u0131 e\u015fli\u011finde g\u00f6ndere \u00e7ekildi.<\/p>\n<p>&nbsp;<\/p>\n<p><strong>Kalkan: \u201c\u00c7anakkale Bo\u011faz\u0131\u2019n\u0131n denizden ge\u00e7ilemeyece\u011fi t\u00fcm d\u00fcnyaya g\u00f6sterildi\u201d<\/strong><\/p>\n<p>\u0130skele\u2019de Larnaka \u015eehitler An\u0131t\u0131 \u00f6n\u00fcnde d\u00fczenlenen t\u00f6rende g\u00fcn\u00fcn anlam ve \u00f6nemini belirten konu\u015fmay\u0131 ise TSK ad\u0131na Hava Savunma Te\u011fmen \u0130diris Kalkan yapt\u0131. Kalkan, 18 Mart 1915 tarihinin \u00c7anakkale Bo\u011faz\u0131\u2019n\u0131n denizden ge\u00e7ilemeyece\u011finin t\u00fcm d\u00fcnyaya g\u00f6sterildi\u011fini s\u00f6yledi. Kalkan, konu\u015fmas\u0131n\u0131n sonunda ise Ulu \u00d6nder Mustafa Kemal Atat\u00fcrk ba\u015fta olmak \u00fczere vatan\u0131n b\u00f6l\u00fcnmez b\u00fct\u00fcnl\u00fc\u011f\u00fc ve milletin ba\u011f\u0131ms\u0131zl\u0131\u011f\u0131 u\u011fruna, canlar\u0131n\u0131 feda eden t\u00fcm \u015fehitleri rahmet ve \u015f\u00fckranla and\u0131.<\/p>\n<p>&nbsp;<\/p>\n<p><strong>\u015eiirler okundu dualar edildi<\/strong><\/p>\n<p>\u0130skele\u2019 deki t\u00f6rende \u00c7anakkale ruhunu anlatan \u015fiirler de okundu. Muharrem D\u00f6ve\u00e7 Ortaokulu \u00d6\u011frencisi Teslime Irmak \u00d6zt\u00fcrk \u2018\u00c7anakkale\u2019, \u0130skele Ticaret Lisesi \u00f6\u011frencisi Elif Kardelen Bayram \u2018\u00c7anakkale Ge\u00e7ilmez\u2019 isimli \u015fiirlerini okudular. Larnaka \u015eehitler An\u0131t\u0131 \u00f6n\u00fcndeki t\u00f6ren Dini\u015fleri \u0130skele B\u00f6lge Temsilcisi Mehmet Demir\u2019in \u015fehitler an\u0131s\u0131na okudu\u011fu dua ile son buldu.<\/p>\n","protected":false},"excerpt":{"rendered":"<p>&nbsp; \u00c7anakkale ge\u00e7ilmez, vatan b\u00f6l\u00fcnmez! G\u00f6\u011fs\u00fcm\u00fcz\u00fc kabartan \u00c7anakkale Deniz Zaferi&#8217;nin [&hellip;]<\/p>\n","protected":false},"author":10,"featured_media":21603,"comment_status":"open","ping_status":"closed","sticky":false,"template":"","format":"standard","meta":{"footnotes":""},"categories":[9],"tags":[],"class_list":["post-21602","post","type-post","status-publish","format-standard","has-post-thumbnail","hentry","category-uyelerimizin-haberleri"],"_links":{"self":[{"href":"https:\/\/ktbb.org\/v1\/wp-json\/wp\/v2\/posts\/21602","targetHints":{"allow":["GET"]}}],"collection":[{"href":"https:\/\/ktbb.org\/v1\/wp-json\/wp\/v2\/posts"}],"about":[{"href":"https:\/\/ktbb.org\/v1\/wp-json\/wp\/v2\/types\/post"}],"author":[{"embeddable":true,"href":"https:\/\/ktbb.org\/v1\/wp-json\/wp\/v2\/users\/10"}],"replies":[{"embeddable":true,"href":"https:\/\/ktbb.org\/v1\/wp-json\/wp\/v2\/comments?post=21602"}],"version-history":[{"count":1,"href":"https:\/\/ktbb.org\/v1\/wp-json\/wp\/v2\/posts\/21602\/revisions"}],"predecessor-version":[{"id":21604,"href":"https:\/\/ktbb.org\/v1\/wp-json\/wp\/v2\/posts\/21602\/revisions\/21604"}],"wp:featuredmedia":[{"embeddable":true,"href":"https:\/\/ktbb.org\/v1\/wp-json\/wp\/v2\/media\/21603"}],"wp:attachment":[{"href":"https:\/\/ktbb.org\/v1\/wp-json\/wp\/v2\/media?parent=21602"}],"wp:term":[{"taxonomy":"category","embeddable":true,"href":"https:\/\/ktbb.org\/v1\/wp-json\/wp\/v2\/categories?post=21602"},{"taxonomy":"post_tag","embeddable":true,"href":"https:\/\/ktbb.org\/v1\/wp-json\/wp\/v2\/tags?post=21602"}],"curies":[{"name":"wp","href":"https:\/\/api.w.org\/{rel}","templated":true}]}}