{"id":21608,"date":"2026-03-18T14:37:30","date_gmt":"2026-03-18T12:37:30","guid":{"rendered":"https:\/\/ktbb.org\/v1\/?p=21608"},"modified":"2026-03-18T14:37:30","modified_gmt":"2026-03-18T12:37:30","slug":"iskelede-ogrenciler-muzikli-masallar-ile-bulustu","status":"publish","type":"post","link":"https:\/\/ktbb.org\/v1\/iskelede-ogrenciler-muzikli-masallar-ile-bulustu\/","title":{"rendered":"\u0130skele\u2019de \u00f6\u011frenciler \u2018m\u00fczikli masallar\u2019 ile bulu\u015ftu"},"content":{"rendered":"<p>&nbsp;<\/p>\n<p><strong>\u0130skele Belediyesi K\u00fclt\u00fcr&amp;Sanat G\u00fcnleri devam ediyor <\/strong><\/p>\n<p><strong>K\u00fclt\u00fcr&amp;Sanat g\u00fcnlerinde bu ak\u015fam \u2018Nenemin Mutfa\u011f\u0131\u2019 etkinli\u011fi var<\/strong><\/p>\n<p>\u0130skele Belediyesi 15. K\u00fclt\u00fcr Sanat G\u00fcnleri d\u00fcn (17 Mart) ve bug\u00fcn (18 Mart) M\u00fczikli Masallar ile devam etti. \u0130ki g\u00fcn boyunca \u0130skele AKM\u2019de sahnelenen g\u00f6steri, \u00e7ocuklara keyifli anlar ya\u015fatt\u0131. M\u00fczik ve hik\u00e2ye anlat\u0131m\u0131n\u0131 bir araya getiren Dervi\u015fe G\u00fcneyyeli Kutlu\u2019ya m\u00fczikte Burcu M\u00fcniro\u011flu Karag\u00f6z ve Evren Karag\u00f6z e\u015flik etti.<\/p>\n<p>&nbsp;<\/p>\n<p>&nbsp;<\/p>\n<p><strong>\u0130skele\u2019de \u00f6\u011frenciler \u2018m\u00fczikli masallar\u2019 ile bulu\u015ftu<\/strong><\/p>\n<p>\u0130skele Belediyesi 15. K\u00fclt\u00fcr&amp;Sanat G\u00fcnleri, 17-18 Mart tarihlerinde yo\u011fun kat\u0131l\u0131mla ger\u00e7ekle\u015fen M\u00fczikli Masallar Etkinli\u011fine ev sahipli\u011fi yapt\u0131. \u0130skele AKM\u2019de d\u00fczenlenen etkinli\u011fe b\u00f6lge okullar\u0131nda e\u011fitim g\u00f6ren \u00f6\u011frenciler, \u00f6\u011fretmenleri e\u015fli\u011finde kat\u0131ld\u0131. \u0130ki g\u00fcn boyunca 10.00 ve 11.20 saatlerinde sahnelenen g\u00f6steride, Dervi\u015fe G\u00fcneyeli Kutlu, Burcu M\u00fcniro\u011flu Karag\u00f6z ve Evren Karag\u00f6z sahne ald\u0131. M\u00fczik ve hik\u00e2ye anlat\u0131m\u0131n\u0131 bir araya getiren etkinlik, \u00e7ocuklara hem e\u011flenceli hem de \u00f6\u011fretici anlar ya\u015fatt\u0131.Salonun doldu\u011fu etkinlikte \u00f6\u011frenciler, masallar\u0131n b\u00fcy\u00fcl\u00fc d\u00fcnyas\u0131na m\u00fczik e\u015fli\u011finde yolculuk yapt\u0131. Dervi\u015fe G\u00fcneyyeli Kutlu\u2019nun sahneye ta\u015f\u0131d\u0131\u011f\u0131, etkile\u015fimli anlat\u0131m\u0131yla dikkat \u00e7eken g\u00f6steri, \u00e7ocuklar\u0131n hayal g\u00fcc\u00fcn\u00fc geli\u015ftirirken sanata olan ilgilerini de art\u0131rd\u0131.<\/p>\n<p>&nbsp;<\/p>\n<p>\u0130ki g\u00fcn s\u00fcren g\u00f6sterinin ard\u0131ndan \u0130skele Belediyesi K\u00fclt\u00fcr&amp;Sanat ve D\u0131\u015fili\u015fkiler Dan\u0131\u015fman\u0131 \u00d6zlem Kadira\u011fa, Dervi\u015fe G\u00fcneyeli Kutlu, Burcu M\u00fcniro\u011flu Karag\u00f6z ve Evren Karag\u00f6z\u2019e te\u015fekk\u00fcr plaketi taktim etti.<\/p>\n<p>&nbsp;<\/p>\n<p><strong>K\u00fclt\u00fcr&amp;Sanat g\u00fcnlerinde bu ak\u015fam \u2018Nenemin Mutfa\u011f\u0131\u2019 etkinli\u011fi var<\/strong><\/p>\n<p>\u0130skele Belediyesi 15. K\u00fclt\u00fcr Sanat G\u00fcnleri bu ak\u015fam (18 Mart) ise \u0130skele Belediyesi K\u00fclt\u00fcr Evi\u2019nde ger\u00e7ekle\u015fecek Nenemin Mutfa\u011f\u0131\/Nostaljik Sunum ile devam edecek. Saat 19\u2019da ba\u015flayacak etkinlikte, geleneksel K\u0131br\u0131s yemekleri, canl\u0131 yap\u0131m ve tad\u0131m stantlar\u0131 e\u015fli\u011finde halkla bulu\u015fturulacak.<\/p>\n<p>&nbsp;<\/p>\n","protected":false},"excerpt":{"rendered":"<p>&nbsp; \u0130skele Belediyesi K\u00fclt\u00fcr&amp;Sanat G\u00fcnleri devam ediyor K\u00fclt\u00fcr&amp;Sanat g\u00fcnlerinde bu [&hellip;]<\/p>\n","protected":false},"author":10,"featured_media":21609,"comment_status":"open","ping_status":"closed","sticky":false,"template":"","format":"standard","meta":{"footnotes":""},"categories":[9],"tags":[],"class_list":["post-21608","post","type-post","status-publish","format-standard","has-post-thumbnail","hentry","category-uyelerimizin-haberleri"],"_links":{"self":[{"href":"https:\/\/ktbb.org\/v1\/wp-json\/wp\/v2\/posts\/21608","targetHints":{"allow":["GET"]}}],"collection":[{"href":"https:\/\/ktbb.org\/v1\/wp-json\/wp\/v2\/posts"}],"about":[{"href":"https:\/\/ktbb.org\/v1\/wp-json\/wp\/v2\/types\/post"}],"author":[{"embeddable":true,"href":"https:\/\/ktbb.org\/v1\/wp-json\/wp\/v2\/users\/10"}],"replies":[{"embeddable":true,"href":"https:\/\/ktbb.org\/v1\/wp-json\/wp\/v2\/comments?post=21608"}],"version-history":[{"count":1,"href":"https:\/\/ktbb.org\/v1\/wp-json\/wp\/v2\/posts\/21608\/revisions"}],"predecessor-version":[{"id":21610,"href":"https:\/\/ktbb.org\/v1\/wp-json\/wp\/v2\/posts\/21608\/revisions\/21610"}],"wp:featuredmedia":[{"embeddable":true,"href":"https:\/\/ktbb.org\/v1\/wp-json\/wp\/v2\/media\/21609"}],"wp:attachment":[{"href":"https:\/\/ktbb.org\/v1\/wp-json\/wp\/v2\/media?parent=21608"}],"wp:term":[{"taxonomy":"category","embeddable":true,"href":"https:\/\/ktbb.org\/v1\/wp-json\/wp\/v2\/categories?post=21608"},{"taxonomy":"post_tag","embeddable":true,"href":"https:\/\/ktbb.org\/v1\/wp-json\/wp\/v2\/tags?post=21608"}],"curies":[{"name":"wp","href":"https:\/\/api.w.org\/{rel}","templated":true}]}}