{"id":21624,"date":"2026-03-26T09:23:46","date_gmt":"2026-03-26T07:23:46","guid":{"rendered":"https:\/\/ktbb.org\/v1\/?p=21624"},"modified":"2026-03-26T09:23:46","modified_gmt":"2026-03-26T07:23:46","slug":"kardes-sehir-lefkosa-ve-izmirin-belediye-baskanlari-lefkosada-bir-araya-geldi","status":"publish","type":"post","link":"https:\/\/ktbb.org\/v1\/kardes-sehir-lefkosa-ve-izmirin-belediye-baskanlari-lefkosada-bir-araya-geldi\/","title":{"rendered":"Karde\u015f \u015eehir Lefko\u015fa ve \u0130zmir\u2019in Belediye Ba\u015fkanlar\u0131, Lefko\u015fa\u2019da Bir Araya Geldi"},"content":{"rendered":"<p>&nbsp;<\/p>\n<p>\u0130zmir B\u00fcy\u00fck\u015fehir Belediyesi Ba\u015fkan\u0131 Dr. Cemil Tugay ve beraberindeki heyet karde\u015f \u015fehirler Lefko\u015fa ve \u0130zmir aras\u0131ndaki i\u015f birli\u011fi \u00e7al\u0131\u015fmalar\u0131n\u0131n geli\u015ftirilmesi ve yeni \u00e7al\u0131\u015fmalara dair ayr\u0131nt\u0131lar\u0131n g\u00f6r\u00fc\u015f\u00fclmesi amac\u0131yla ba\u015fkent Lefko\u015fa&#8217;ya geldi. 2 g\u00fcnl\u00fck temaslar\u0131n ilk g\u00fcn\u00fcnde heyet ilk olarak LTB Ba\u015fkan\u0131 Mehmet Harmanc\u0131 ile birlikte K\u0131br\u0131sl\u0131 T\u00fcrk Toplum Lideri Dr. Faz\u0131l K\u00fc\u00e7\u00fck ve Kurucu Cumhurba\u015fkan\u0131 Rauf Raif Denkta\u015f\u2019\u0131n an\u0131t mezarlar\u0131n\u0131 ziyaret ederek mozolelere \u00e7elenk b\u0131rakt\u0131lar. Dr. Cemil Tugay an\u0131t ziyaretinde an\u0131t \u00f6zel defterini de imzalad\u0131. Karde\u015f \u015fehir belediye ba\u015fkanlar\u0131 an\u0131t ziyaretlerinin ard\u0131ndan heyetleri ile birlikte Lefko\u015fa T\u00fcrk Belediyesi ev sahipli\u011finde bir araya geldi.<\/p>\n<p><strong>Harmanc\u0131: \u201cKarde\u015fimiz \u0130zmir&#8217;in Lefko\u015fa ile\u00a0 dayan\u0131\u015fmas\u0131n\u0131 her d\u00f6nem hissettik\u201d<\/strong><br \/>\nLTB Ba\u015fkan\u0131 Mehmet Harmanc\u0131 konu\u015fmas\u0131na \u201cKarde\u015f \u015fehrinize ho\u015f geldiniz. 2019 y\u0131l\u0131ndan itibaren \u0130zmir ile karde\u015flik ili\u015fkileri geli\u015ftirmekten ve \u015fimdi bu ili\u015fkileri daha da geli\u015ftirecek olmaktan b\u00fcy\u00fck memnuniyet duyuyoruz. Pandemi d\u00f6neminde iki \u015fehir aras\u0131ndaki ili\u015fkiler ba\u015fka bir boyuta ta\u015f\u0131nm\u0131\u015ft\u0131. Ama o tarihte de asl\u0131nda dijital mecralardan iki karde\u015f \u015fehir, i\u015fbirli\u011fi imkanlar\u0131n\u0131 sonuna kadar zorlad\u0131lar. Sn. Ba\u015fkan, de\u011ferli dostum Dr. Cemil Tugay; sizlerle 2024 y\u0131l\u0131nda \u0130zmir&#8217;de bir araya geldik. Gerek k\u00fclt\u00fcrel faaliyetlerimizde gerekse de \u0130zmir Fuar\u0131 gibi \u00f6nemli etkinliklerde Lefko\u015fa ile dayan\u0131\u015fman\u0131z\u0131 her d\u00f6nem hissettik.\u201d s\u00f6zleriyle ba\u015flad\u0131.<br \/>\nBa\u015fkan Harmanc\u0131 konu\u015fmas\u0131n\u0131n devam\u0131nda ise, \u201cLTB adan\u0131n en k\u00f6kl\u00fc organizasyonlar\u0131ndan ve kurumlar\u0131ndan bir tanesi. K\u0131br\u0131sl\u0131 T\u00fcrklerin asl\u0131nda adada kendi kendilerini y\u00f6netmeleri ile ilgili \u00f6nemli bir s\u00fcrecin ba\u015flang\u0131c\u0131n\u0131 te\u015fkil eden bir kurum. Bu nedenle LTB, uluslararas\u0131 camialar ve uluslararas\u0131 organizasyonlar taraf\u0131ndan da farkl\u0131 de\u011ferlendirilip kabul edilen bir kurum. Bilindi\u011fi \u00fczere \u00e7ok uzun y\u0131llard\u0131r \u00f6zellikle gen\u00e7lerimiz uluslararas\u0131 temaslar ve temsiliyette izolasyon ya\u015f\u0131yor. \u0130zmir B\u00fcy\u00fck\u015fehir Belediyesi enternasyonal d\u00fczeyde bir belediye ve karde\u015f belediyemiz ile daha da geli\u015ftirece\u011fimiz ili\u015fkileri, bu a\u00e7\u0131dan da \u00f6nemli bir ad\u0131m olarak de\u011ferlendiriyoruz\u201d ifadelerini kulland\u0131.<br \/>\nBa\u015fkan Harmanc\u0131 konu\u015fmas\u0131n\u0131, \u201cSosyal demokrat dayan\u0131\u015fmam\u0131z her zaman devam ediyor. T\u00fcrkiye&#8217;de 17 belediye ba\u015fkan\u0131n\u0131n cezaevinde olmas\u0131 bizler i\u00e7in de b\u00fcy\u00fck bir rahats\u0131zl\u0131k veriyor. Yarg\u0131lamalar en k\u0131sa s\u00fcrede hak do\u011frultusunda tamamlanmas\u0131n\u0131 ve hukuksal temelde adaletin yerini bulmas\u0131n\u0131 umuyoruz. Bizler yine bu demokrasi m\u00fccadelesinde sizlerle birlikte bir arada olaca\u011f\u0131z. Bu ziyaretinizle \u00f6nemli bir ad\u0131m daha at\u0131yoruz. \u0130ki \u015fehir aras\u0131nda karde\u015flik ve dostluk ili\u015fkilerinin geli\u015fmesinin sonu\u00e7lar\u0131 her iki \u00fclkede de pozitif anlamda hissedilece\u011fine eminim.\u201d s\u00f6zleriyle tamamlad\u0131.<\/p>\n<p><strong>Tugay: \u201cK\u0131br\u0131s Hepimiz \u0130\u00e7in \u00c7ok \u00d6zel\u201d<br \/>\n<\/strong>\u0130zmir B\u00fcy\u00fck\u015fehir Belediyesi Belediye Ba\u015fkan\u0131 Dr. Cemil Tugay, Lefko\u015fa\u2019ya geli\u015flerinden itibaren yo\u011fun ve dolu dolu bir programla a\u011f\u0131rland\u0131klar\u0131n\u0131 belirterek, ziyaretin kendileri i\u00e7in \u00f6nemine vurgu yapt\u0131. K\u0131br\u0131s\u2019\u0131n T\u00fcrkiye\u2019deki herkes i\u00e7in \u00e7ok \u00f6zel ve de\u011ferli bir yere sahip oldu\u011funu ifade eden Tugay, adan\u0131n tarihine dikkat \u00e7ekti. K\u0131br\u0131s T\u00fcrk halk\u0131n\u0131n ge\u00e7mi\u015fte verdi\u011fi varolu\u015f m\u00fccadelesine de\u011finen Tugay, Rauf Raif Denkta\u015f gibi liderlerin \u00f6nc\u00fcl\u00fc\u011f\u00fcnde b\u00fcy\u00fck bir direni\u015f sergilendi\u011fini belirtti. Ayn\u0131 d\u00f6nemde Ba\u015fbakan B\u00fclent Ecevit\u2019in ald\u0131\u011f\u0131 tarihi kararla ger\u00e7ekle\u015ftirilen m\u00fcdahalenin bug\u00fcn h\u00e2l\u00e2 gururla an\u0131ld\u0131\u011f\u0131n\u0131 dile getirdi. Dr. Cemil Tugay, konu\u015fmas\u0131n\u0131n devam\u0131ndan KKTC&#8217;deki t\u00fcm belediyelerin yan\u0131nda olduklar\u0131n\u0131 her f\u0131rsatta dile getirdiklerini kaydetti.<\/p>\n<p><strong>\u201cBundan sonraki s\u00fcre\u00e7te kar\u015f\u0131l\u0131kl\u0131 ziyaretler ve i\u015f birlikleri artarak devam edecek\u201d<br \/>\n<\/strong>2019 y\u0131l\u0131nda \u0130zmir ile Lefko\u015fa aras\u0131nda imzalanan karde\u015f \u015fehir protokol\u00fcn\u00fcn \u00f6nemine de de\u011finen Tugay, bu i\u015f birli\u011finin kendileri i\u00e7in \u00e7ok k\u0131ymetli oldu\u011funu ifade etti. LTB Ba\u015fkan\u0131 Harmanc\u0131\u2019n\u0131n, kendisinin g\u00f6reve geldi\u011fi ilk d\u00f6nemde \u0130zmir\u2019i ziyaret etti\u011fini hat\u0131rlatan Tugay, kendisinin de bu ziyareti ger\u00e7ekle\u015ftirmek istedi\u011fini ancak bir miktar gecikti\u011fini s\u00f6yledi. Bundan sonraki s\u00fcre\u00e7te kar\u015f\u0131l\u0131kl\u0131 ziyaretlerin ve i\u015f birliklerinin artarak devam edece\u011fini belirten Tugay, bu ziyaret kapsam\u0131nda hangi alanlarda ortak \u00e7al\u0131\u015fmalar yap\u0131labilece\u011finin de ele al\u0131naca\u011f\u0131n\u0131 aktard\u0131. \u0130zmir olarak Lefko\u015fa\u2019n\u0131n ve K\u0131br\u0131s\u2019\u0131n yan\u0131nda olmak istediklerini vurgulayan Tugay, iki \u015fehir aras\u0131ndaki ili\u015fkilerin g\u00fc\u00e7lenmesinin kendilerini mutlu edece\u011fini ifade etti. Ziyaretin sonunda Dr. Tugay, \u201cBu g\u00fczel adada ve bu g\u00fczel \u015fehirde bulunmak bizler i\u00e7in b\u00fcy\u00fck bir mutluluk. Karde\u015fli\u011finiz ve misafirperverli\u011finiz i\u00e7in te\u015fekk\u00fcr ederiz\u201d dedi.<\/p>\n<p>&nbsp;<\/p>\n","protected":false},"excerpt":{"rendered":"<p>&nbsp; \u0130zmir B\u00fcy\u00fck\u015fehir Belediyesi Ba\u015fkan\u0131 Dr. Cemil Tugay ve beraberindeki [&hellip;]<\/p>\n","protected":false},"author":10,"featured_media":21626,"comment_status":"open","ping_status":"closed","sticky":false,"template":"","format":"standard","meta":{"footnotes":""},"categories":[9],"tags":[],"class_list":["post-21624","post","type-post","status-publish","format-standard","has-post-thumbnail","hentry","category-uyelerimizin-haberleri"],"_links":{"self":[{"href":"https:\/\/ktbb.org\/v1\/wp-json\/wp\/v2\/posts\/21624","targetHints":{"allow":["GET"]}}],"collection":[{"href":"https:\/\/ktbb.org\/v1\/wp-json\/wp\/v2\/posts"}],"about":[{"href":"https:\/\/ktbb.org\/v1\/wp-json\/wp\/v2\/types\/post"}],"author":[{"embeddable":true,"href":"https:\/\/ktbb.org\/v1\/wp-json\/wp\/v2\/users\/10"}],"replies":[{"embeddable":true,"href":"https:\/\/ktbb.org\/v1\/wp-json\/wp\/v2\/comments?post=21624"}],"version-history":[{"count":1,"href":"https:\/\/ktbb.org\/v1\/wp-json\/wp\/v2\/posts\/21624\/revisions"}],"predecessor-version":[{"id":21627,"href":"https:\/\/ktbb.org\/v1\/wp-json\/wp\/v2\/posts\/21624\/revisions\/21627"}],"wp:featuredmedia":[{"embeddable":true,"href":"https:\/\/ktbb.org\/v1\/wp-json\/wp\/v2\/media\/21626"}],"wp:attachment":[{"href":"https:\/\/ktbb.org\/v1\/wp-json\/wp\/v2\/media?parent=21624"}],"wp:term":[{"taxonomy":"category","embeddable":true,"href":"https:\/\/ktbb.org\/v1\/wp-json\/wp\/v2\/categories?post=21624"},{"taxonomy":"post_tag","embeddable":true,"href":"https:\/\/ktbb.org\/v1\/wp-json\/wp\/v2\/tags?post=21624"}],"curies":[{"name":"wp","href":"https:\/\/api.w.org\/{rel}","templated":true}]}}