{"id":4477,"date":"2019-04-29T11:36:48","date_gmt":"2019-04-29T11:36:48","guid":{"rendered":"http:\/\/ktbb.org\/v1\/?p=4477"},"modified":"2019-04-29T11:37:23","modified_gmt":"2019-04-29T11:37:23","slug":"ozcinar-1-mayis-isci-bayramini-kutladi","status":"publish","type":"post","link":"https:\/\/ktbb.org\/v1\/ozcinar-1-mayis-isci-bayramini-kutladi\/","title":{"rendered":"\u00d6z\u00e7\u0131nar, 1 May\u0131s \u0130\u015f\u00e7i Bayram\u0131&#8217;n\u0131 kutlad\u0131"},"content":{"rendered":"\n<p>K. T. Belediyeler Birli\u011fi ve G\u00fczelyurt Belediye Ba\u015fkan\u0131 Mahmut \u00d6z\u00e7\u0131nar,  <br>ba\u015fta, halka en iyi hizmet i\u00e7in emek veren t\u00fcm belediye \u00e7al\u0131\u015fanlar\u0131 ile \u00fclkedeki ve t\u00fcm d\u00fcnyadaki i\u015f\u00e7i ve emek\u00e7ilerin 1 May\u0131s \u0130\u015f\u00e7i Bayram\u0131&#8217;n\u0131 kutlad\u0131.<\/p>\n\n\n\n<p>1 May\u0131s&#8217;\u0131n \u00f6nemine dikkat \u00e7eken \u00d6z\u00e7\u0131nar, demokrasiye, birlik-beraberli\u011fe art\u0131k daha b\u00fcy\u00fck \u00f6nem verilmesi gereken bir d\u00fcnyada ya\u015fand\u0131\u011f\u0131 bilinciyle hareket edilmesi gerekti\u011fini ifade ederek, emek\u00e7ilerin kar\u015f\u0131la\u015ft\u0131\u011f\u0131 haks\u0131zl\u0131k ve adaletsizliklerin \u00e7\u00f6z\u00fclmesi i\u00e7in toplumsal duyarl\u0131l\u0131\u011f\u0131n da artmas\u0131n\u0131n \u00e7ok \u00f6nemli oldu\u011funa dikkat \u00e7ekti. <\/p>\n\n\n\n<p>Mahmut \u00d6z\u00e7\u0131nar, i\u015f\u00e7ilerin hak aray\u0131\u015flar\u0131n\u0131n simgesi olan bu \u00f6zel g\u00fcnde eme\u011fin en y\u00fcce de\u011fer oldu\u011funu vurgularken \u00e7al\u0131\u015fan\u0131 maddi oldu\u011fu kadar manevi a\u00e7\u0131dan da memnun ederek motivasyonunu art\u0131rman\u0131n, verimlili\u011fini de art\u0131raca\u011f\u0131n\u0131 unutmamak gerekti\u011fini de belirtti.<\/p>\n\n\n\n<p>1 May\u0131s \u0130\u015f\u00e7i Bayram\u0131&#8217;n\u0131 kutlayan \u00d6z\u00e7\u0131nar, d\u00fcnyada s\u00fcren sava\u015flar\u0131n da son bulmas\u0131n\u0131 diledi. <\/p>\n\n\n\n<p><strong>\u00d6z\u00e7\u0131nar&#8217;\u0131n mesaj\u0131 \u015f\u00f6yle: <\/strong><\/p>\n\n\n\n<p>1 May\u0131s, 1886 y\u0131l\u0131nda Amerika\u2019daki i\u015f\u00e7ilerin 8 saatlik i\u015f g\u00fcn\u00fc i\u00e7in emperyalizme kar\u015f\u0131 verdikleri zorlu m\u00fccadelenin y\u0131ld\u00f6n\u00fcm\u00fcd\u00fcr. <\/p>\n\n\n\n<p>1 May\u0131s \u0130\u015f\u00e7i Bayram\u0131,\neme\u011fin bayram\u0131 olarak t\u00fcm d\u00fcnyada kutlanan, i\u015f\u00e7i s\u0131n\u0131f\u0131n\u0131n birlik, m\u00fccadele ve\ndayan\u0131\u015fma g\u00fcn\u00fcd\u00fcr. <\/p>\n\n\n\n<p>Demokrasiye,\nbirlik-beraberli\u011fe art\u0131k daha b\u00fcy\u00fck \u00f6nem verilmesi gereken bir d\u00fcnyada\nya\u015fad\u0131\u011f\u0131m\u0131z bilinciyle hareket edilmesi gerekti\u011fini ifade ederken, emek\u00e7ilerin\nkar\u015f\u0131la\u015ft\u0131\u011f\u0131 haks\u0131zl\u0131k ve adaletsizliklerin \u00e7\u00f6z\u00fclmesi i\u00e7in toplumsal\nduyarl\u0131l\u0131\u011f\u0131n da artmas\u0131n\u0131n \u00e7ok \u00f6nemli oldu\u011funa dikkat \u00e7ekmek isterim.<\/p>\n\n\n\n<p>\u0130\u015f\u00e7ilerin hak\naray\u0131\u015flar\u0131n\u0131n simgesi olan bu \u00f6zel g\u00fcnde eme\u011fin en y\u00fcce de\u011fer oldu\u011funu\nvurgularken \u00e7al\u0131\u015fan\u0131 maddi oldu\u011fu kadar manevi a\u00e7\u0131dan da memnun ederek\nmotivasyonunu art\u0131rman\u0131n, verimlili\u011fini de art\u0131raca\u011f\u0131n\u0131 unutmamak gerekir.<\/p>\n\n\n\n<p>Ba\u015fta, halk\u0131m\u0131za en iyi\nhizmet i\u00e7in emek veren t\u00fcm belediye \u00e7al\u0131\u015fanlar\u0131 olmak \u00fczere, \u00fclkemizdeki ve t\u00fcm\nd\u00fcnyadaki i\u015f\u00e7i ve emek\u00e7ilerin 1 May\u0131s \u0130\u015f\u00e7i Bayram\u0131n\u0131 kutlar\u0131m. <\/p>\n\n\n\n<p>1 May\u0131s \u0130\u015f\u00e7i Bayram\u0131\nvesilesiyle, d\u00fcnyada s\u00fcren sava\u015flar\u0131n da son bulmas\u0131n\u0131 dilerim.<\/p>\n\n\n\n<p> K.T. Belediyeler Birli\u011fi ve G\u00fczelyurt Belediye Ba\u015fkan\u0131<\/p>\n\n\n\n<p>                                                                                         Mahmut \u00d6z\u00e7\u0131nar<\/p>\n","protected":false},"excerpt":{"rendered":"<p>K. T. Belediyeler Birli\u011fi ve G\u00fczelyurt Belediye Ba\u015fkan\u0131 Mahmut \u00d6z\u00e7\u0131nar, [&hellip;]<\/p>\n","protected":false},"author":9,"featured_media":2589,"comment_status":"open","ping_status":"closed","sticky":false,"template":"","format":"standard","meta":{"footnotes":""},"categories":[1],"tags":[],"class_list":["post-4477","post","type-post","status-publish","format-standard","has-post-thumbnail","hentry","category-birlikten-haberler"],"_links":{"self":[{"href":"https:\/\/ktbb.org\/v1\/wp-json\/wp\/v2\/posts\/4477","targetHints":{"allow":["GET"]}}],"collection":[{"href":"https:\/\/ktbb.org\/v1\/wp-json\/wp\/v2\/posts"}],"about":[{"href":"https:\/\/ktbb.org\/v1\/wp-json\/wp\/v2\/types\/post"}],"author":[{"embeddable":true,"href":"https:\/\/ktbb.org\/v1\/wp-json\/wp\/v2\/users\/9"}],"replies":[{"embeddable":true,"href":"https:\/\/ktbb.org\/v1\/wp-json\/wp\/v2\/comments?post=4477"}],"version-history":[{"count":2,"href":"https:\/\/ktbb.org\/v1\/wp-json\/wp\/v2\/posts\/4477\/revisions"}],"predecessor-version":[{"id":4481,"href":"https:\/\/ktbb.org\/v1\/wp-json\/wp\/v2\/posts\/4477\/revisions\/4481"}],"wp:featuredmedia":[{"embeddable":true,"href":"https:\/\/ktbb.org\/v1\/wp-json\/wp\/v2\/media\/2589"}],"wp:attachment":[{"href":"https:\/\/ktbb.org\/v1\/wp-json\/wp\/v2\/media?parent=4477"}],"wp:term":[{"taxonomy":"category","embeddable":true,"href":"https:\/\/ktbb.org\/v1\/wp-json\/wp\/v2\/categories?post=4477"},{"taxonomy":"post_tag","embeddable":true,"href":"https:\/\/ktbb.org\/v1\/wp-json\/wp\/v2\/tags?post=4477"}],"curies":[{"name":"wp","href":"https:\/\/api.w.org\/{rel}","templated":true}]}}