{"id":4660,"date":"2019-05-15T07:11:42","date_gmt":"2019-05-15T07:11:42","guid":{"rendered":"http:\/\/ktbb.org\/v1\/?p=4660"},"modified":"2019-05-15T07:11:43","modified_gmt":"2019-05-15T07:11:43","slug":"harmanci-biyologlar-dernegini-kabul-etti","status":"publish","type":"post","link":"https:\/\/ktbb.org\/v1\/harmanci-biyologlar-dernegini-kabul-etti\/","title":{"rendered":"Harmanc\u0131 Biyologlar Derne\u011fi\u2019ni kabul etti"},"content":{"rendered":"\n<p>Lefko\u015fa T\u00fcrk Belediyesi (LTB) Ba\u015fkan\u0131 Mehmet Harmanc\u0131, Biyologlar\nDerne\u011fi Ba\u015fkan\u0131 Hasan Sarpten ve beraberindeki heyeti kabul etti. <\/p>\n\n\n\n<p>Biyologlar Derne\u011fi Ba\u015fkan\u0131 Hasan Sarpten, LTB Ba\u015fkan\u0131\nMehmet Harmanc\u0131\u2019y\u0131 derneklerinin 20. Kurulu\u015f y\u0131l d\u00f6n\u00fcm\u00fc nedeni ile\nd\u00fczenleyecekleri resepsiyona davet etti. <\/p>\n\n\n\n<p>Sarpten, 1999 y\u0131l\u0131nda\nkurulan Biyologlar Derne\u011fi\u2019nin Kurulu\u015f Y\u0131l d\u00f6n\u00fcm\u00fc nedeni ile&nbsp; &nbsp;17\nMay\u0131s\u2019ta Sa\u00e7akl\u0131 Ev&#8217;de &#8220;Ge\u00e7mi\u015ften Gelece\u011fe&#8221; slogan\u0131yla resepsiyon d\u00fczenyeceklerini\ns\u00f6yledi. Ayn\u0131 g\u00fcn \u2018\u2018Sizin G\u00f6z\u00fcn\u00fczden Do\u011fa\u2019\u2019 konulu foto\u011fraf yar\u0131\u015fmas\u0131 sergisi\na\u00e7\u0131l\u0131\u015f\u0131n\u0131n da ger\u00e7ekle\u015fece\u011fini kaydeden Sarpten, yar\u0131\u015fmada dereceye giren eser sahiplerine de ba\u015far\u0131 \u00f6d\u00fclleri\ntakdim edilece\u011fini s\u00f6yledi. <\/p>\n\n\n\n<p>Geceye derne\u011fin\n\u00f6zel davetlisi olarak Avrupa \u00dclkeleri Biyologlar Birli\u011fi (ECBA) Ba\u015fkan\u0131 Harm\nSmit&#8217;in de kat\u0131laca\u011f\u0131n\u0131 kaydeden Sarpten, resepsiyonda eski ba\u015fkanlar ve katk\u0131 sa\u011flayanlara plaket\nverilmesi d\u0131\u015f\u0131nda \u00fclkede biyolojik \u00e7e\u015fitlilik ve do\u011fal ya\u015fam\u0131n korunmas\u0131na\ny\u00f6nelik \u00e7al\u0131\u015fmalar yapan kurumlara da &#8220;ba\u015far\u0131 \u00f6d\u00fcl\u00fc&#8221; verilece\u011fini\nbelirtti. <br>\n<br>\nLTB Ba\u015fkan\u0131 Mehmet Harmanc\u0131, biyologlar\u0131n insan hayat\u0131nda ve tabiatta \u00f6nemli\nbir rol \u00fcstlendi\u011fini ve Biyologlar Derne\u011fi\u2019nin \u00f6nemli \u00e7al\u0131\u015fmalara imza att\u0131\u011f\u0131n\u0131\nbelirterek belirterek dernekle diyalo\u011fa her zaman a\u00e7\u0131k olduklar\u0131n\u0131 s\u00f6yledi. &nbsp;<\/p>\n","protected":false},"excerpt":{"rendered":"<p>Lefko\u015fa T\u00fcrk Belediyesi (LTB) Ba\u015fkan\u0131 Mehmet Harmanc\u0131, Biyologlar Derne\u011fi Ba\u015fkan\u0131 [&hellip;]<\/p>\n","protected":false},"author":9,"featured_media":4661,"comment_status":"open","ping_status":"closed","sticky":false,"template":"","format":"standard","meta":{"footnotes":""},"categories":[9],"tags":[],"class_list":["post-4660","post","type-post","status-publish","format-standard","has-post-thumbnail","hentry","category-uyelerimizin-haberleri"],"_links":{"self":[{"href":"https:\/\/ktbb.org\/v1\/wp-json\/wp\/v2\/posts\/4660","targetHints":{"allow":["GET"]}}],"collection":[{"href":"https:\/\/ktbb.org\/v1\/wp-json\/wp\/v2\/posts"}],"about":[{"href":"https:\/\/ktbb.org\/v1\/wp-json\/wp\/v2\/types\/post"}],"author":[{"embeddable":true,"href":"https:\/\/ktbb.org\/v1\/wp-json\/wp\/v2\/users\/9"}],"replies":[{"embeddable":true,"href":"https:\/\/ktbb.org\/v1\/wp-json\/wp\/v2\/comments?post=4660"}],"version-history":[{"count":1,"href":"https:\/\/ktbb.org\/v1\/wp-json\/wp\/v2\/posts\/4660\/revisions"}],"predecessor-version":[{"id":4662,"href":"https:\/\/ktbb.org\/v1\/wp-json\/wp\/v2\/posts\/4660\/revisions\/4662"}],"wp:featuredmedia":[{"embeddable":true,"href":"https:\/\/ktbb.org\/v1\/wp-json\/wp\/v2\/media\/4661"}],"wp:attachment":[{"href":"https:\/\/ktbb.org\/v1\/wp-json\/wp\/v2\/media?parent=4660"}],"wp:term":[{"taxonomy":"category","embeddable":true,"href":"https:\/\/ktbb.org\/v1\/wp-json\/wp\/v2\/categories?post=4660"},{"taxonomy":"post_tag","embeddable":true,"href":"https:\/\/ktbb.org\/v1\/wp-json\/wp\/v2\/tags?post=4660"}],"curies":[{"name":"wp","href":"https:\/\/api.w.org\/{rel}","templated":true}]}}