{"id":4853,"date":"2019-06-03T06:03:58","date_gmt":"2019-06-03T06:03:58","guid":{"rendered":"http:\/\/ktbb.org\/v1\/?p=4853"},"modified":"2019-06-03T06:03:59","modified_gmt":"2019-06-03T06:03:59","slug":"ozcinardan-bayram-mesaji-geleneklerimizi-canli-tutmak-hepimizin-gorevi","status":"publish","type":"post","link":"https:\/\/ktbb.org\/v1\/ozcinardan-bayram-mesaji-geleneklerimizi-canli-tutmak-hepimizin-gorevi\/","title":{"rendered":"\u00d6z\u00e7\u0131nar&#8217;dan bayram mesaj\u0131: &#8220;Geleneklerimizi canl\u0131 tutmak hepimizin g\u00f6revi&#8221;"},"content":{"rendered":"\n<p>K. T. Belediyeler Birli\u011fi ve G\u00fczelyurt Belediye Ba\u015fkan\u0131 Mahmut \u00d6z\u00e7\u0131nar &#8220;Ramazan Bayram\u0131&#8221; dolay\u0131s\u0131yla mesaj yay\u0131mlad\u0131. <\/p>\n\n\n\n<p>Gelenekleri canl\u0131 tutman\u0131n \u00f6nemine dikkat \u00e7eken \u00d6z\u00e7\u0131nar,  &#8220;her ge\u00e7en y\u0131l, eski bayramlara duyulan \u00f6zlemimizi payla\u015f\u0131rken, duygular\u0131m\u0131z\u0131n samimiyetini \u00e7ocuklar\u0131m\u0131za hissettirmek, aile, akraba ve toplumsal ba\u011flar\u0131m\u0131z\u0131n g\u00fc\u00e7lenmesini de sa\u011flayacakt\u0131r&#8221; dedi.  <\/p>\n\n\n\n<p><strong>\u00d6z\u00e7\u0131nar&#8217;\u0131n mesaj\u0131 \u015f\u00f6yle:<\/strong><\/p>\n\n\n\n<p>Bayramlar, k\u00fcsk\u00fcnlerin bar\u0131\u015ft\u0131\u011f\u0131, sevenlerin bir araya geldi\u011fi, \u00f6zel g\u00fcnlerdir.<\/p>\n\n\n\n<p>Bu \u00f6zel g\u00fcnlerin de\u011fer ve \u00f6nemini gelecek\nnesillere aktarmak ve geleneklerimizi canl\u0131 tutmak hepimizin g\u00f6revidir.<\/p>\n\n\n\n<p>Her ge\u00e7en y\u0131l, eski bayramlara duyulan\n\u00f6zlemimizi payla\u015f\u0131rken, duygular\u0131m\u0131z\u0131n samimiyetini \u00e7ocuklar\u0131m\u0131za hissettirmek,\naile, akraba ve toplumsal ba\u011flar\u0131m\u0131z\u0131n g\u00fc\u00e7lenmesini de sa\u011flayacakt\u0131r. <\/p>\n\n\n\n<p>Bu vesileyle, halk\u0131m\u0131z\u0131n ve t\u00fcm \u0130slam\naleminin Ramazan Bayram\u0131\u2019n\u0131 kutlar, sa\u011fl\u0131k ve huzurla dolu daha nice bayramlar\ndilerim.<\/p>\n","protected":false},"excerpt":{"rendered":"<p>K. T. Belediyeler Birli\u011fi ve G\u00fczelyurt Belediye Ba\u015fkan\u0131 Mahmut \u00d6z\u00e7\u0131nar [&hellip;]<\/p>\n","protected":false},"author":9,"featured_media":4854,"comment_status":"open","ping_status":"closed","sticky":false,"template":"","format":"standard","meta":{"footnotes":""},"categories":[1],"tags":[],"class_list":["post-4853","post","type-post","status-publish","format-standard","has-post-thumbnail","hentry","category-birlikten-haberler"],"_links":{"self":[{"href":"https:\/\/ktbb.org\/v1\/wp-json\/wp\/v2\/posts\/4853","targetHints":{"allow":["GET"]}}],"collection":[{"href":"https:\/\/ktbb.org\/v1\/wp-json\/wp\/v2\/posts"}],"about":[{"href":"https:\/\/ktbb.org\/v1\/wp-json\/wp\/v2\/types\/post"}],"author":[{"embeddable":true,"href":"https:\/\/ktbb.org\/v1\/wp-json\/wp\/v2\/users\/9"}],"replies":[{"embeddable":true,"href":"https:\/\/ktbb.org\/v1\/wp-json\/wp\/v2\/comments?post=4853"}],"version-history":[{"count":1,"href":"https:\/\/ktbb.org\/v1\/wp-json\/wp\/v2\/posts\/4853\/revisions"}],"predecessor-version":[{"id":4855,"href":"https:\/\/ktbb.org\/v1\/wp-json\/wp\/v2\/posts\/4853\/revisions\/4855"}],"wp:featuredmedia":[{"embeddable":true,"href":"https:\/\/ktbb.org\/v1\/wp-json\/wp\/v2\/media\/4854"}],"wp:attachment":[{"href":"https:\/\/ktbb.org\/v1\/wp-json\/wp\/v2\/media?parent=4853"}],"wp:term":[{"taxonomy":"category","embeddable":true,"href":"https:\/\/ktbb.org\/v1\/wp-json\/wp\/v2\/categories?post=4853"},{"taxonomy":"post_tag","embeddable":true,"href":"https:\/\/ktbb.org\/v1\/wp-json\/wp\/v2\/tags?post=4853"}],"curies":[{"name":"wp","href":"https:\/\/api.w.org\/{rel}","templated":true}]}}