{"id":4881,"date":"2019-06-05T03:00:13","date_gmt":"2019-06-05T03:00:13","guid":{"rendered":"http:\/\/ktbb.org\/v1\/?p=4881"},"modified":"2019-06-05T07:50:14","modified_gmt":"2019-06-05T07:50:14","slug":"ozcinar-toplumun-cevreye-dogaya-sahip-cikmasi-onemlidir","status":"publish","type":"post","link":"https:\/\/ktbb.org\/v1\/ozcinar-toplumun-cevreye-dogaya-sahip-cikmasi-onemlidir\/","title":{"rendered":"\u00d6z\u00e7\u0131nar: &#8220;Toplumun, \u00e7evreye, do\u011faya sahip \u00e7\u0131kmas\u0131 \u00f6nemlidir&#8221;"},"content":{"rendered":"\n<p>K. T. Belediyeler Birli\u011fi ve G\u00fczelyurt Belediye Ba\u015fkan\u0131 Mahmut \u00d6z\u00e7\u0131nar, 5 Haziran D\u00fcnya \u00c7evre G\u00fcn\u00fc dolay\u0131s\u0131yla mesaj yay\u0131mlad\u0131.<\/p>\n\n\n\n<p> &#8220;\u00c7evreyi, sadece 5 Haziran\u2019da hat\u0131rlamak yeterli de\u011fildir&#8221; diyen \u00d6z\u00e7\u0131nar, toplumun bilin\u00e7lenmesinin \u00e7ocuklar\u0131n da \u00e7evreye kar\u015f\u0131 sorumluluk bilinciyle yeti\u015fmesine imkan sa\u011flayaca\u011f\u0131na dikkat \u00e7ekti.  <\/p>\n\n\n\n<p>\u00d6z\u00e7\u0131nar&#8217;\u0131n mesaj\u0131 \u015f\u00f6yle:<\/p>\n\n\n\n<p>Birle\u015fmi\u015f Milletler 1972 y\u0131l\u0131nda d\u00fczenlenen zirvede, 5 Haziran tarihinin \u201cD\u00fcnya \u00c7evre G\u00fcn\u00fc\u201d olmas\u0131n\u0131 oybirli\u011fi ile kabul etmi\u015ftir. O g\u00fcnden bu yana&nbsp; 5 Haziran, \u00e7evre sorunlar\u0131na dikkat \u00e7ekmek i\u00e7in d\u00fcnya genelinde \u00e7e\u015fitli etkinliklerle kutlanmakta ve \u00e7e\u015fitli mesajlar verilmektedir.<\/p>\n\n\n\n<p>Ancak \u00e7evreyi, sadece 5 Haziran\u2019da\nhat\u0131rlamak yeterli de\u011fildir. Duyarl\u0131l\u0131\u011f\u0131n sadece \u00f6zel g\u00fcnlerle s\u0131n\u0131rl\u0131\nolmamas\u0131, bunun bir ya\u015fam bi\u00e7imi haline getirilmesi son derece \u00f6nemlidir.<\/p>\n\n\n\n<p>\u00c7evre ve do\u011fal alanlar\u0131n korunmas\u0131\nhepimizin sorumlulu\u011fudur. Toplumun, \u00e7evreye, do\u011faya sahip \u00e7\u0131kmas\u0131 \u00f6nemlidir.<\/p>\n\n\n\n<p>Toplumun bilin\u00e7lenmesi \u00e7ocuklar\u0131m\u0131z\u0131n da \u00e7evreye kar\u015f\u0131 sorumluluk bilinciyle yeti\u015fmesine imkan sa\u011flayacakt\u0131r. <\/p>\n\n\n\n<p>\u00c7ocuklar\u0131m\u0131za \u00e7evre sevgisini ve t\u0131pk\u0131\nevleri gibi \u00e7evrelerini de sahiplenmeleri gerekti\u011fi bilincini k\u00fc\u00e7\u00fck ya\u015fta\na\u015f\u0131lamal\u0131y\u0131z.<\/p>\n\n\n\n<p>D\u00fcnya \u00fczerindeki her t\u00fcrl\u00fc canl\u0131n\u0131n\nbirbiriyle ba\u011flant\u0131s\u0131 oldu\u011fu ger\u00e7e\u011fiyle hareket etmeli, gelecek nesillere daha\nya\u015fanabilir bir d\u00fcnya b\u0131rakmak i\u00e7in elimizden geleni yapmal\u0131y\u0131z.<\/p>\n\n\n\n<p>Daha g\u00fczel, temiz ve ya\u015fanabilir bir \u00fclke\nhedefi, \u00e7ocuklar\u0131m\u0131za emanet edece\u011fimiz daha g\u00fczel bir d\u00fcnyay\u0131 da yaratacakt\u0131r.\n<\/p>\n\n\n\n<p>Sa\u011fl\u0131kl\u0131 ya\u015fam\u0131n ancak sa\u011fl\u0131kl\u0131 \u00e7evre ile\nm\u00fcmk\u00fcn olaca\u011f\u0131n\u0131 hat\u0131rlat\u0131r, \u00e7evremizin asl\u0131nda evimiz oldu\u011fu bilincinin daha\nda yerle\u015fmesini temenni ederek&nbsp; \u201cD\u00fcnya\n\u00c7evre G\u00fcn\u00fc\u201dn\u00fc kutlar\u0131m.<\/p>\n","protected":false},"excerpt":{"rendered":"<p>K. T. Belediyeler Birli\u011fi ve G\u00fczelyurt Belediye Ba\u015fkan\u0131 Mahmut \u00d6z\u00e7\u0131nar, [&hellip;]<\/p>\n","protected":false},"author":9,"featured_media":4527,"comment_status":"open","ping_status":"closed","sticky":false,"template":"","format":"standard","meta":{"footnotes":""},"categories":[1],"tags":[],"class_list":["post-4881","post","type-post","status-publish","format-standard","has-post-thumbnail","hentry","category-birlikten-haberler"],"_links":{"self":[{"href":"https:\/\/ktbb.org\/v1\/wp-json\/wp\/v2\/posts\/4881","targetHints":{"allow":["GET"]}}],"collection":[{"href":"https:\/\/ktbb.org\/v1\/wp-json\/wp\/v2\/posts"}],"about":[{"href":"https:\/\/ktbb.org\/v1\/wp-json\/wp\/v2\/types\/post"}],"author":[{"embeddable":true,"href":"https:\/\/ktbb.org\/v1\/wp-json\/wp\/v2\/users\/9"}],"replies":[{"embeddable":true,"href":"https:\/\/ktbb.org\/v1\/wp-json\/wp\/v2\/comments?post=4881"}],"version-history":[{"count":2,"href":"https:\/\/ktbb.org\/v1\/wp-json\/wp\/v2\/posts\/4881\/revisions"}],"predecessor-version":[{"id":4884,"href":"https:\/\/ktbb.org\/v1\/wp-json\/wp\/v2\/posts\/4881\/revisions\/4884"}],"wp:featuredmedia":[{"embeddable":true,"href":"https:\/\/ktbb.org\/v1\/wp-json\/wp\/v2\/media\/4527"}],"wp:attachment":[{"href":"https:\/\/ktbb.org\/v1\/wp-json\/wp\/v2\/media?parent=4881"}],"wp:term":[{"taxonomy":"category","embeddable":true,"href":"https:\/\/ktbb.org\/v1\/wp-json\/wp\/v2\/categories?post=4881"},{"taxonomy":"post_tag","embeddable":true,"href":"https:\/\/ktbb.org\/v1\/wp-json\/wp\/v2\/tags?post=4881"}],"curies":[{"name":"wp","href":"https:\/\/api.w.org\/{rel}","templated":true}]}}