{"id":5886,"date":"2019-09-12T11:18:01","date_gmt":"2019-09-12T11:18:01","guid":{"rendered":"http:\/\/ktbb.org\/v1\/?p=5886"},"modified":"2019-09-13T07:46:10","modified_gmt":"2019-09-13T07:46:10","slug":"k-t-belediyeler-birligi-istanbula-davet-edildi","status":"publish","type":"post","link":"https:\/\/ktbb.org\/v1\/k-t-belediyeler-birligi-istanbula-davet-edildi\/","title":{"rendered":"K. T. Belediyeler Birli\u011fi, \u0130stanbul\u2019a davet edildi"},"content":{"rendered":"\n<p>T\u00fcrkiye-K\u0131br\u0131s T\u00fcrk Cumhuriyeti \u0130\u015fbirli\u011fi\nCemiyeti Genel Ba\u015fkan\u0131 R\u00fc\u015fat Aydo\u011fan, K. T. Belediyeler Birli\u011fi ve G\u00fczelyurt\nBelediye Ba\u015fkan\u0131 Mahmut \u00d6z\u00e7\u0131nar\u2019\u0131 ziyaret etti.<\/p>\n\n\n\n<p>K. T. Belediyeler Birli\u011fi\u2019nde bug\u00fcn saat 11.30\u2019da yer alan ziyarette, K. T. Belediyeler Birli\u011fi Genel Koordinat\u00f6r\u00fc H\u00fcseyin K\u00f6le de haz\u0131r bulundu.<\/p>\n\n\n\n<figure class=\"wp-block-image\"><img decoding=\"async\" width=\"1024\" height=\"683\" src=\"http:\/\/ktbb.org\/v1\/wp-content\/uploads\/2019\/09\/IMG_3344-1024x683.jpg\" alt=\"\" class=\"wp-image-5887\" srcset=\"https:\/\/ktbb.org\/v1\/wp-content\/uploads\/2019\/09\/IMG_3344-200x133.jpg 200w, https:\/\/ktbb.org\/v1\/wp-content\/uploads\/2019\/09\/IMG_3344-300x200.jpg 300w, https:\/\/ktbb.org\/v1\/wp-content\/uploads\/2019\/09\/IMG_3344-400x267.jpg 400w, https:\/\/ktbb.org\/v1\/wp-content\/uploads\/2019\/09\/IMG_3344-600x400.jpg 600w, https:\/\/ktbb.org\/v1\/wp-content\/uploads\/2019\/09\/IMG_3344-768x512.jpg 768w, https:\/\/ktbb.org\/v1\/wp-content\/uploads\/2019\/09\/IMG_3344-800x533.jpg 800w, https:\/\/ktbb.org\/v1\/wp-content\/uploads\/2019\/09\/IMG_3344-1024x683.jpg 1024w, https:\/\/ktbb.org\/v1\/wp-content\/uploads\/2019\/09\/IMG_3344-1200x800.jpg 1200w, https:\/\/ktbb.org\/v1\/wp-content\/uploads\/2019\/09\/IMG_3344.jpg 2592w\" sizes=\"(max-width: 1024px) 100vw, 1024px\" \/><\/figure>\n\n\n\n<p>T\u00fcrkiye-K\u0131br\u0131s T\u00fcrk Cumhuriyeti \u0130\u015fbirli\u011fi\nCemiyeti Genel Ba\u015fkan\u0131 R\u00fc\u015fat Aydo\u011fan, t\u00fcm belediye ba\u015fkanlar\u0131n\u0131 \u0130stanbul\u2019da\nmisafir etmek istediklerini belirtrek ama\u00e7lar\u0131n\u0131n, yap\u0131lacak olan anlaml\u0131,\ntarihi gezi ve toplant\u0131larla i\u015fbirli\u011fini geli\u015ftirmek oldu\u011funu kaydetti.<\/p>\n\n\n\n<p>K. T. Belediyeler Birli\u011fi ve G\u00fczelyurt Belediye\nBa\u015fkan\u0131 Mahmut \u00d6z\u00e7\u0131nar da, Aydo\u011fan\u2019\u0131 a\u011f\u0131rlamaktan duydu\u011fu memnuniyeti dile\ngetirerek, davetten \u00f6t\u00fcr\u00fc te\u015fekk\u00fcrlerini iletti. <\/p>\n\n\n\n<figure class=\"wp-block-image\"><img decoding=\"async\" width=\"1024\" height=\"683\" src=\"http:\/\/ktbb.org\/v1\/wp-content\/uploads\/2019\/09\/IMG_3345-1024x683.jpg\" alt=\"\" class=\"wp-image-5889\" srcset=\"https:\/\/ktbb.org\/v1\/wp-content\/uploads\/2019\/09\/IMG_3345-200x133.jpg 200w, https:\/\/ktbb.org\/v1\/wp-content\/uploads\/2019\/09\/IMG_3345-300x200.jpg 300w, https:\/\/ktbb.org\/v1\/wp-content\/uploads\/2019\/09\/IMG_3345-400x267.jpg 400w, https:\/\/ktbb.org\/v1\/wp-content\/uploads\/2019\/09\/IMG_3345-600x400.jpg 600w, https:\/\/ktbb.org\/v1\/wp-content\/uploads\/2019\/09\/IMG_3345-768x512.jpg 768w, https:\/\/ktbb.org\/v1\/wp-content\/uploads\/2019\/09\/IMG_3345-800x533.jpg 800w, https:\/\/ktbb.org\/v1\/wp-content\/uploads\/2019\/09\/IMG_3345-1024x683.jpg 1024w, https:\/\/ktbb.org\/v1\/wp-content\/uploads\/2019\/09\/IMG_3345-1200x800.jpg 1200w, https:\/\/ktbb.org\/v1\/wp-content\/uploads\/2019\/09\/IMG_3345.jpg 2592w\" sizes=\"(max-width: 1024px) 100vw, 1024px\" \/><\/figure>\n\n\n\n<p>\u0130\u015fbirli\u011finin geli\u015ftirilmesinin \u00f6nemli\noldu\u011funa dikkat \u00e7eken \u00d6z\u00e7\u0131nar, Ekim ay\u0131 ortalar\u0131nda bu ziyareti\nger\u00e7ekle\u015ftirebileceklerini s\u00f6yledi.<\/p>\n\n\n\n<p>Bu kapsamda, \u0130stanbul Valili\u011fi, \u0130stanbul\nB\u00fcy\u00fck\u015fehir Belediyesi, 1. Ordu Komutanl\u0131\u011f\u0131, \u0130stanbul Ticaret Odas\u0131, \u0130stanbul\nSanayi Odas\u0131, \u0130stanbul Belediyeleri, \u0130ski Tesisleri, \u00e7\u00f6p ayr\u0131\u015ft\u0131rma tesisleri,\n\u00f6zel sekt\u00f6r sanayi fabrikalar\u0131 ve Hamidiye Sular\u0131 \u00dcretim Tesisleri\u2019nin ziyaret\nedilmesi planlan\u0131yor. <\/p>\n\n\n\n<p>Belediye Ba\u015fkanlar\u0131ndan olu\u015facak heyet\nayr\u0131ca, ziyaret kapsam\u0131nda Ekim ay\u0131 ortalar\u0131nda \u0130stanbul\u2019da ger\u00e7ekle\u015ftirilecek\n\u00c7evre Fuar\u0131\u2019na da kat\u0131lacak. <\/p>\n","protected":false},"excerpt":{"rendered":"<p>T\u00fcrkiye-K\u0131br\u0131s T\u00fcrk Cumhuriyeti \u0130\u015fbirli\u011fi Cemiyeti Genel Ba\u015fkan\u0131 R\u00fc\u015fat Aydo\u011fan, K. [&hellip;]<\/p>\n","protected":false},"author":9,"featured_media":5888,"comment_status":"open","ping_status":"closed","sticky":false,"template":"","format":"standard","meta":{"footnotes":""},"categories":[1],"tags":[],"class_list":["post-5886","post","type-post","status-publish","format-standard","has-post-thumbnail","hentry","category-birlikten-haberler"],"_links":{"self":[{"href":"https:\/\/ktbb.org\/v1\/wp-json\/wp\/v2\/posts\/5886","targetHints":{"allow":["GET"]}}],"collection":[{"href":"https:\/\/ktbb.org\/v1\/wp-json\/wp\/v2\/posts"}],"about":[{"href":"https:\/\/ktbb.org\/v1\/wp-json\/wp\/v2\/types\/post"}],"author":[{"embeddable":true,"href":"https:\/\/ktbb.org\/v1\/wp-json\/wp\/v2\/users\/9"}],"replies":[{"embeddable":true,"href":"https:\/\/ktbb.org\/v1\/wp-json\/wp\/v2\/comments?post=5886"}],"version-history":[{"count":2,"href":"https:\/\/ktbb.org\/v1\/wp-json\/wp\/v2\/posts\/5886\/revisions"}],"predecessor-version":[{"id":5895,"href":"https:\/\/ktbb.org\/v1\/wp-json\/wp\/v2\/posts\/5886\/revisions\/5895"}],"wp:featuredmedia":[{"embeddable":true,"href":"https:\/\/ktbb.org\/v1\/wp-json\/wp\/v2\/media\/5888"}],"wp:attachment":[{"href":"https:\/\/ktbb.org\/v1\/wp-json\/wp\/v2\/media?parent=5886"}],"wp:term":[{"taxonomy":"category","embeddable":true,"href":"https:\/\/ktbb.org\/v1\/wp-json\/wp\/v2\/categories?post=5886"},{"taxonomy":"post_tag","embeddable":true,"href":"https:\/\/ktbb.org\/v1\/wp-json\/wp\/v2\/tags?post=5886"}],"curies":[{"name":"wp","href":"https:\/\/api.w.org\/{rel}","templated":true}]}}