{"id":5892,"date":"2019-09-13T06:51:41","date_gmt":"2019-09-13T06:51:41","guid":{"rendered":"http:\/\/ktbb.org\/v1\/?p=5892"},"modified":"2019-09-13T06:51:42","modified_gmt":"2019-09-13T06:51:42","slug":"harmanci-kktc-mental-aritmetik-takimi-ogrencilerini-kabul-etti","status":"publish","type":"post","link":"https:\/\/ktbb.org\/v1\/harmanci-kktc-mental-aritmetik-takimi-ogrencilerini-kabul-etti\/","title":{"rendered":"Harmanc\u0131 KKTC Mental Aritmetik Tak\u0131m\u0131 \u00f6\u011frencilerini kabul etti"},"content":{"rendered":"\n<p>Lefko\u015fa T\u00fcrk Belediyesi (LTB)&nbsp;\nBa\u015fkan\u0131 Mehmet Harmanc\u0131, T\u00fcrkiye\u2019de bu y\u0131l 8\u2019incisi d\u00fczenlenen T\u00fcrkiye\nMemoriad Mental Aritmetik \u015eampiyonas\u0131\u2019nda yeni ba\u015far\u0131lara imza atan KKTC Mental\nAritmetik Tak\u0131m\u0131 \u00f6\u011frencileri ile e\u011fitimcilerini kabul etti.<br>\n<br>\nLTB Ba\u015fkan\u0131 Mehmet Harmanc\u0131 \u00f6\u011frencileri tebrik ederek, ba\u015far\u0131lar\u0131n\u0131n devam\u0131n\u0131\ndiledi. <\/p>\n\n\n\n<p>Mental Aritmetik E\u011fitmeni ve KKTC temsilcisi Belg\u00fcn Belevi ise yapt\u0131\u011f\u0131\nkonu\u015fmada kendilerini kabul etti\u011fi i\u00e7in LTB Ba\u015fkan\u0131 Mehmet Harmanc\u0131\u2019ya te\u015fekk\u00fcr\netti.<\/p>\n\n\n\n<p>Belevi KKTC Mental Aritmetik Tak\u0131m\u0131\u2019n\u0131n 6 yar\u0131\u015fmac\u0131yla kat\u0131ld\u0131\u011f\u0131, T\u00fcrkiye\nMemoriad Mental Aritmetik \u015eampiyonas\u0131\u2019ndan son 4 y\u0131lda kazand\u0131\u011f\u0131 ba\u015far\u0131lara bir\nyenisini daha&nbsp; ekleyerek 4 kupa daha\nald\u0131\u011f\u0131n\u0131 s\u00f6yledi. <\/p>\n\n\n\n<p>Ankara\u2019da bu y\u0131l 8\u2019incisi d\u00fczenlenen \u015fampiyonaya, KKTC\u2019nin yan\u0131 s\u0131ra\nT\u00fcrkiye ve \u00d6zbekistan\u2019dan 246 \u00e7ocuk kat\u0131ld\u0131\u011f\u0131n\u0131 belirten Belevi, KKTC Mental\nAritmetik tak\u0131m\u0131\u2019n\u0131n, 3 farkl\u0131 ya\u015f kategorisinde ba\u015far\u0131l\u0131 sonu\u00e7lar alarak \u00fclkemizi\nen iyi \u015fekilde temsil etti\u011fini s\u00f6yledi. <\/p>\n\n\n\n<p><strong>KKTC Mental Aritmetik Tak\u0131m\u0131\u2019ndan 4 kupa<br>\n<\/strong>T\u00fcrkiye Memoriad Mental Aritmetik \u015eampiyonas\u0131\u2019nda, 7 ya\u015f kategorisinde\nyar\u0131\u015fan Milada \u00c7\u0131naro\u011flu \u015fampiyonlu\u011fu kazan\u0131rken, genel klasmanda 5. olarak\ngelecek y\u0131l KKTC\u2019yi olimpiyatlarda temsil etme hakk\u0131 elde etti. <\/p>\n\n\n\n<p>Yine 7 ya\u015f kategorisinde bu y\u0131l ilk deneyimlerini ger\u00e7ekle\u015ftiren Su Tanem\nKonar, Metin Katrin ve Mert Duman, derece elde etmese de, gelecek y\u0131llarda\nba\u015far\u0131 elde edeceklerini ispatlad\u0131. <\/p>\n\n\n\n<p>8 ya\u015f kategorisinde de Alisa T\u00fcrel, ge\u00e7en y\u0131l elde etti\u011fi ba\u015far\u0131y\u0131\ntekrarlayarak 3\u2019\u00fcnc\u00fc oldu ve kupa almaya hak kazand\u0131. 10 ya\u015f kategorisinde,\nSarp T\u00fcrel ise, \u015fampiyonlu\u011fun yan\u0131 s\u0131ra genel klasmanda 3\u2019\u00fcnc\u00fc olarak yar\u0131\u015fmay\u0131\n\u00e7ifte kupa ile tamamlad\u0131. Ayn\u0131 zamanda Sarp T\u00fcrel, ad\u0131n\u0131, Dubai\u2019de d\u00fczenlenecek\nolimpiyat listesine de yazd\u0131rmay\u0131 ba\u015fard\u0131. <\/p>\n\n\n\n<p>Dila Bilen d\u00fcnya klasman\u0131nda yine ilk 15\u2019e giren yar\u0131\u015fmac\u0131lar\u0131n kat\u0131laca\u011f\u0131\nUluslararas\u0131 Turkey Open 2019 aya\u011f\u0131, \u0130stanbul\u2019da, 14-15-16 Aral\u0131k tarihlerinde\nger\u00e7ekle\u015fecek ve bu yar\u0131\u015fmaya da Sarp T\u00fcrel ve Milada \u00c7\u0131naro\u011flu\u2019nun yan\u0131 s\u0131ra,\nismi d\u00fcnya s\u0131ralamas\u0131nda ilk 10\u2019a girmeyi ba\u015faran d\u00fcnya rekortmeni Dila Bilen\ntemsil edilecek. <\/p>\n","protected":false},"excerpt":{"rendered":"<p>Lefko\u015fa T\u00fcrk Belediyesi (LTB)&nbsp; Ba\u015fkan\u0131 Mehmet Harmanc\u0131, T\u00fcrkiye\u2019de bu y\u0131l [&hellip;]<\/p>\n","protected":false},"author":9,"featured_media":5893,"comment_status":"open","ping_status":"closed","sticky":false,"template":"","format":"standard","meta":{"footnotes":""},"categories":[9],"tags":[],"class_list":["post-5892","post","type-post","status-publish","format-standard","has-post-thumbnail","hentry","category-uyelerimizin-haberleri"],"_links":{"self":[{"href":"https:\/\/ktbb.org\/v1\/wp-json\/wp\/v2\/posts\/5892","targetHints":{"allow":["GET"]}}],"collection":[{"href":"https:\/\/ktbb.org\/v1\/wp-json\/wp\/v2\/posts"}],"about":[{"href":"https:\/\/ktbb.org\/v1\/wp-json\/wp\/v2\/types\/post"}],"author":[{"embeddable":true,"href":"https:\/\/ktbb.org\/v1\/wp-json\/wp\/v2\/users\/9"}],"replies":[{"embeddable":true,"href":"https:\/\/ktbb.org\/v1\/wp-json\/wp\/v2\/comments?post=5892"}],"version-history":[{"count":1,"href":"https:\/\/ktbb.org\/v1\/wp-json\/wp\/v2\/posts\/5892\/revisions"}],"predecessor-version":[{"id":5894,"href":"https:\/\/ktbb.org\/v1\/wp-json\/wp\/v2\/posts\/5892\/revisions\/5894"}],"wp:featuredmedia":[{"embeddable":true,"href":"https:\/\/ktbb.org\/v1\/wp-json\/wp\/v2\/media\/5893"}],"wp:attachment":[{"href":"https:\/\/ktbb.org\/v1\/wp-json\/wp\/v2\/media?parent=5892"}],"wp:term":[{"taxonomy":"category","embeddable":true,"href":"https:\/\/ktbb.org\/v1\/wp-json\/wp\/v2\/categories?post=5892"},{"taxonomy":"post_tag","embeddable":true,"href":"https:\/\/ktbb.org\/v1\/wp-json\/wp\/v2\/tags?post=5892"}],"curies":[{"name":"wp","href":"https:\/\/api.w.org\/{rel}","templated":true}]}}