{"id":5982,"date":"2019-09-20T07:11:18","date_gmt":"2019-09-20T07:11:18","guid":{"rendered":"http:\/\/ktbb.org\/v1\/?p=5982"},"modified":"2019-09-20T07:12:04","modified_gmt":"2019-09-20T07:12:04","slug":"ozcinar-bu-ozel-gun-bir-firsattir","status":"publish","type":"post","link":"https:\/\/ktbb.org\/v1\/ozcinar-bu-ozel-gun-bir-firsattir\/","title":{"rendered":"\u00d6z\u00e7\u0131nar: &#8220;Bu \u00f6zel g\u00fcn bir f\u0131rsatt\u0131r&#8221;"},"content":{"rendered":"\n<p>K. T. Belediyeler Birli\u011fi ve G\u00fczelyurt Belediye Ba\u015fkan\u0131 Mahmut \u00d6z\u00e7\u0131nar, 21 Eyl\u00fcl D\u00fcnya Temizlik G\u00fcn\u00fc dolay\u0131s\u0131yla bir mesaj yay\u0131mlad\u0131.<\/p>\n\n\n\n<p>\u00d6z\u00e7\u0131nar&#8217;\u0131n mesaj\u0131 \u015f\u00f6yle:<\/p>\n\n\n\n<p>D\u00fcnya Temizlik G\u00fcn\u00fc, do\u011faya at\u0131lm\u0131\u015f \u00e7\u00f6pleri temizlemek ve \u00e7evre kirlili\u011fi hakk\u0131nda fark\u0131ndal\u0131k yaratmak amac\u0131yla her y\u0131l d\u00fczenlenen bir \u00e7evre temizli\u011fi etkinli\u011fidir.<\/p>\n\n\n\n<p>Etkinlik,\n169 \u00fclke ile e\u015f zamanl\u0131 olarak 21 Eyl\u00fcl\u2019de \u00fclkemizde de d\u00fczenleniyor. <\/p>\n\n\n\n<p>\u00c7ocuklar\u0131m\u0131z\u0131n\ngelece\u011fi i\u00e7in \u00e7evreyi temiz tutmak, \u00fclkemizi ve d\u00fcnyam\u0131z\u0131 sevmek, bizimle\nbirlikte ayn\u0131 d\u00fcnyay\u0131 payla\u015fan di\u011fer canl\u0131lar konusunda da duyarl\u0131l\u0131k g\u00f6stermek\nhi\u00e7 ku\u015fkusuz b\u00fcy\u00fck \u00f6nem ta\u015f\u0131maktad\u0131r.<\/p>\n\n\n\n<p>D\u00fcnyadaki\nmilyonlarca g\u00f6n\u00fcll\u00fcn\u00fcn g\u00f6sterdi\u011fi performans ve \u00fclkemizde de her y\u0131l\nfark\u0131ndal\u0131\u011f\u0131n giderek \u00e7o\u011fald\u0131\u011f\u0131n\u0131 hissetmek mutluluk vericidir.<\/p>\n\n\n\n<p>Bu\n\u00f6zel g\u00fcn, ya\u015fad\u0131\u011f\u0131m\u0131z \u015fehir, k\u00f6y, mahalle ve sokaklar\u0131m\u0131z\u0131n temizli\u011fi konusunda\n\u00e7ocuklar\u0131m\u0131za da bu fark\u0131ndal\u0131\u011f\u0131 kazand\u0131rmak i\u00e7in f\u0131rsatt\u0131r.&nbsp;<\/p>\n","protected":false},"excerpt":{"rendered":"<p>K. T. Belediyeler Birli\u011fi ve G\u00fczelyurt Belediye Ba\u015fkan\u0131 Mahmut \u00d6z\u00e7\u0131nar, [&hellip;]<\/p>\n","protected":false},"author":9,"featured_media":5983,"comment_status":"open","ping_status":"closed","sticky":false,"template":"","format":"standard","meta":{"footnotes":""},"categories":[1],"tags":[],"class_list":["post-5982","post","type-post","status-publish","format-standard","has-post-thumbnail","hentry","category-birlikten-haberler"],"_links":{"self":[{"href":"https:\/\/ktbb.org\/v1\/wp-json\/wp\/v2\/posts\/5982","targetHints":{"allow":["GET"]}}],"collection":[{"href":"https:\/\/ktbb.org\/v1\/wp-json\/wp\/v2\/posts"}],"about":[{"href":"https:\/\/ktbb.org\/v1\/wp-json\/wp\/v2\/types\/post"}],"author":[{"embeddable":true,"href":"https:\/\/ktbb.org\/v1\/wp-json\/wp\/v2\/users\/9"}],"replies":[{"embeddable":true,"href":"https:\/\/ktbb.org\/v1\/wp-json\/wp\/v2\/comments?post=5982"}],"version-history":[{"count":1,"href":"https:\/\/ktbb.org\/v1\/wp-json\/wp\/v2\/posts\/5982\/revisions"}],"predecessor-version":[{"id":5984,"href":"https:\/\/ktbb.org\/v1\/wp-json\/wp\/v2\/posts\/5982\/revisions\/5984"}],"wp:featuredmedia":[{"embeddable":true,"href":"https:\/\/ktbb.org\/v1\/wp-json\/wp\/v2\/media\/5983"}],"wp:attachment":[{"href":"https:\/\/ktbb.org\/v1\/wp-json\/wp\/v2\/media?parent=5982"}],"wp:term":[{"taxonomy":"category","embeddable":true,"href":"https:\/\/ktbb.org\/v1\/wp-json\/wp\/v2\/categories?post=5982"},{"taxonomy":"post_tag","embeddable":true,"href":"https:\/\/ktbb.org\/v1\/wp-json\/wp\/v2\/tags?post=5982"}],"curies":[{"name":"wp","href":"https:\/\/api.w.org\/{rel}","templated":true}]}}