{"id":6005,"date":"2019-09-30T08:24:34","date_gmt":"2019-09-30T08:24:34","guid":{"rendered":"http:\/\/ktbb.org\/v1\/?p=6005"},"modified":"2019-09-30T08:24:38","modified_gmt":"2019-09-30T08:24:38","slug":"k-t-belediyeler-birligi-heyeti-ankara-ve-eskisehirde-temaslarda-bulundu","status":"publish","type":"post","link":"https:\/\/ktbb.org\/v1\/k-t-belediyeler-birligi-heyeti-ankara-ve-eskisehirde-temaslarda-bulundu\/","title":{"rendered":"K. T. Belediyeler Birli\u011fi Heyeti, Ankara ve Eski\u015fehir\u2019de temaslarda bulundu"},"content":{"rendered":"\n<p>K\u0131br\u0131s T\u00fcrk Belediyeler Birli\u011fi (KTBB) Ba\u015fkan\u0131 ve\nG\u00fczelyurt Belediye Ba\u015fkan\u0131 Mahmut \u00d6z\u00e7\u0131nar ile baz\u0131 belediye ba\u015fkanlar\u0131 Ankara ve Eski\u015fehir\u2019de temaslarda bulundu.<\/p>\n\n\n\n<p>Tecr\u00fcbe payla\u015f\u0131m program\u0131 \u00e7er\u00e7evesinde\n26-29 Eyl\u00fcl tarihleri aras\u0131nda ger\u00e7ekle\u015ftirilen ziyarette <\/p>\n\n\n\n<p>belediye ba\u015fkanlar\u0131, yerel y\u00f6netimleri de\nyerinde izleme f\u0131rsat\u0131 buldu. <\/p>\n\n\n\n<p>K. T. Belediyeler Birli\u011fi Heyeti,\nger\u00e7ekle\u015ftirilen temaslar \u00e7er\u00e7evesinde, Eski\u015fehir B\u00fcy\u00fck\u015fehir Belediye Ba\u015fkan\nVekili Nihat \u00c7uhadar ile da biraraya geldi. <\/p>\n\n\n\n<p>\u00c7uhadar, K. T. Belediyeler Birli\u011fi Ba\u015fkan\u0131\n\u00d6z\u00e7\u0131nar ve heyetini a\u011f\u0131rlamaktan duyduklar\u0131 memnuniyeti dile getirerek,\nger\u00e7ekle\u015ftirilen temaslar\u0131n \u00f6nemine de\u011findi.<\/p>\n\n\n\n<p>\u00d6z\u00e7\u0131nar da duyduklar\u0131 memnuniyeti ifade ederek, T\u00fcrkiye Cumhuriyeti (TC) ile Kuzey K\u0131br\u0131s T\u00fcrk Cumhuriyeti (KKTC) kurumlar aras\u0131 i\u015fbirli\u011fi ve temaslar\u0131n son derece \u00f6nemli oldu\u011funu vurgulad\u0131. <\/p>\n\n\n\n<figure class=\"wp-block-image\"><img decoding=\"async\" width=\"1000\" height=\"677\" src=\"http:\/\/ktbb.org\/v1\/wp-content\/uploads\/2019\/09\/2-1.jpg\" alt=\"\" class=\"wp-image-6007\" srcset=\"https:\/\/ktbb.org\/v1\/wp-content\/uploads\/2019\/09\/2-1-200x135.jpg 200w, https:\/\/ktbb.org\/v1\/wp-content\/uploads\/2019\/09\/2-1-300x203.jpg 300w, https:\/\/ktbb.org\/v1\/wp-content\/uploads\/2019\/09\/2-1-400x271.jpg 400w, https:\/\/ktbb.org\/v1\/wp-content\/uploads\/2019\/09\/2-1-600x406.jpg 600w, https:\/\/ktbb.org\/v1\/wp-content\/uploads\/2019\/09\/2-1-768x520.jpg 768w, https:\/\/ktbb.org\/v1\/wp-content\/uploads\/2019\/09\/2-1-800x542.jpg 800w, https:\/\/ktbb.org\/v1\/wp-content\/uploads\/2019\/09\/2-1.jpg 1000w\" sizes=\"(max-width: 1000px) 100vw, 1000px\" \/><\/figure>\n\n\n\n<p>Ziyaret sonunda \u00c7uhadar\u2019a an\u0131 plaketi de takdim edildi. <\/p>\n\n\n\n<figure class=\"wp-block-image\"><img decoding=\"async\" width=\"1000\" height=\"677\" src=\"http:\/\/ktbb.org\/v1\/wp-content\/uploads\/2019\/09\/3.jpg\" alt=\"\" class=\"wp-image-6008\" srcset=\"https:\/\/ktbb.org\/v1\/wp-content\/uploads\/2019\/09\/3-200x135.jpg 200w, https:\/\/ktbb.org\/v1\/wp-content\/uploads\/2019\/09\/3-300x203.jpg 300w, https:\/\/ktbb.org\/v1\/wp-content\/uploads\/2019\/09\/3-400x271.jpg 400w, https:\/\/ktbb.org\/v1\/wp-content\/uploads\/2019\/09\/3-600x406.jpg 600w, https:\/\/ktbb.org\/v1\/wp-content\/uploads\/2019\/09\/3-768x520.jpg 768w, https:\/\/ktbb.org\/v1\/wp-content\/uploads\/2019\/09\/3-800x542.jpg 800w, https:\/\/ktbb.org\/v1\/wp-content\/uploads\/2019\/09\/3.jpg 1000w\" sizes=\"(max-width: 1000px) 100vw, 1000px\" \/><\/figure>\n\n\n\n<figure class=\"wp-block-image\"><img decoding=\"async\" width=\"1000\" height=\"677\" src=\"http:\/\/ktbb.org\/v1\/wp-content\/uploads\/2019\/09\/4.jpg\" alt=\"\" class=\"wp-image-6009\" srcset=\"https:\/\/ktbb.org\/v1\/wp-content\/uploads\/2019\/09\/4-200x135.jpg 200w, https:\/\/ktbb.org\/v1\/wp-content\/uploads\/2019\/09\/4-300x203.jpg 300w, https:\/\/ktbb.org\/v1\/wp-content\/uploads\/2019\/09\/4-400x271.jpg 400w, https:\/\/ktbb.org\/v1\/wp-content\/uploads\/2019\/09\/4-600x406.jpg 600w, https:\/\/ktbb.org\/v1\/wp-content\/uploads\/2019\/09\/4-768x520.jpg 768w, https:\/\/ktbb.org\/v1\/wp-content\/uploads\/2019\/09\/4-800x542.jpg 800w, https:\/\/ktbb.org\/v1\/wp-content\/uploads\/2019\/09\/4.jpg 1000w\" sizes=\"(max-width: 1000px) 100vw, 1000px\" \/><\/figure>\n\n\n\n<p>\u00d6z\u00e7\u0131nar ba\u015fkanl\u0131\u011f\u0131ndaki K. T. Belediyeler\nBirli\u011fi heyetinde, Girne Belediye Ba\u015fkan\u0131 Nidai G\u00fcng\u00f6rd\u00fc, Lapta Belediye\nBa\u015fkan\u0131 Mustafa Aktu\u011f, De\u011firmenlik Belediye Ba\u015fkan\u0131 Ali Karavezirler, Dikmen\nBelediye Ba\u015fkan\u0131 Y\u00fcksel \u00c7elebi, Y. Bo\u011fazi\u00e7i Belediye Ba\u015fkan\u0131 Mustafa\nZurnac\u0131lar, Alsancak Belediye Ba\u015fkan\u0131 F\u0131rat Ataser, \u00c7atalk\u00f6y Belediye Ba\u015fkan\u0131\nMehmet Hulusio\u011flu, Y. Erenk\u00f6y Belediye Ba\u015fkan\u0131 Emrah Ye\u015fil\u0131rmak, Beyarmudu\nBelediye Ba\u015fkan\u0131 \u0130lker Edip, Alayk\u00f6y Belediye Ba\u015fkan\u0131 Hulusi Manisoy, Mehmet\u00e7ik\nBelediye Ba\u015fkan\u0131 Cemil Sar\u0131\u00e7izmeli, Pa\u015fak\u00f6y Belediye Ba\u015fkan\u0131 Habil T\u00fcl\u00fcc\u00fc,\n\u0130n\u00f6n\u00fc Belediye Ba\u015fkan\u0131 Ali \u00d6nc\u00fc, Akdo\u011fan Belediye Ba\u015fkan\u0131 Ahmet Latif, Vadili\nBelediye Ba\u015fkan\u0131 Mehmet Adahan, Esentepe Belediye Ba\u015fkan\u0131 Cemal Erdo\u011fan, Tatl\u0131su\nBelediye Ba\u015fkan\u0131 Hayri Or\u00e7an ve Ak\u0131nc\u0131lar Belediye Ba\u015fkan\u0131 Hasan Barbaros yer\nald\u0131.<\/p>\n","protected":false},"excerpt":{"rendered":"<p>K\u0131br\u0131s T\u00fcrk Belediyeler Birli\u011fi (KTBB) Ba\u015fkan\u0131 ve G\u00fczelyurt Belediye Ba\u015fkan\u0131 [&hellip;]<\/p>\n","protected":false},"author":9,"featured_media":6006,"comment_status":"open","ping_status":"closed","sticky":false,"template":"","format":"standard","meta":{"footnotes":""},"categories":[1],"tags":[],"class_list":["post-6005","post","type-post","status-publish","format-standard","has-post-thumbnail","hentry","category-birlikten-haberler"],"_links":{"self":[{"href":"https:\/\/ktbb.org\/v1\/wp-json\/wp\/v2\/posts\/6005","targetHints":{"allow":["GET"]}}],"collection":[{"href":"https:\/\/ktbb.org\/v1\/wp-json\/wp\/v2\/posts"}],"about":[{"href":"https:\/\/ktbb.org\/v1\/wp-json\/wp\/v2\/types\/post"}],"author":[{"embeddable":true,"href":"https:\/\/ktbb.org\/v1\/wp-json\/wp\/v2\/users\/9"}],"replies":[{"embeddable":true,"href":"https:\/\/ktbb.org\/v1\/wp-json\/wp\/v2\/comments?post=6005"}],"version-history":[{"count":1,"href":"https:\/\/ktbb.org\/v1\/wp-json\/wp\/v2\/posts\/6005\/revisions"}],"predecessor-version":[{"id":6010,"href":"https:\/\/ktbb.org\/v1\/wp-json\/wp\/v2\/posts\/6005\/revisions\/6010"}],"wp:featuredmedia":[{"embeddable":true,"href":"https:\/\/ktbb.org\/v1\/wp-json\/wp\/v2\/media\/6006"}],"wp:attachment":[{"href":"https:\/\/ktbb.org\/v1\/wp-json\/wp\/v2\/media?parent=6005"}],"wp:term":[{"taxonomy":"category","embeddable":true,"href":"https:\/\/ktbb.org\/v1\/wp-json\/wp\/v2\/categories?post=6005"},{"taxonomy":"post_tag","embeddable":true,"href":"https:\/\/ktbb.org\/v1\/wp-json\/wp\/v2\/tags?post=6005"}],"curies":[{"name":"wp","href":"https:\/\/api.w.org\/{rel}","templated":true}]}}