{"id":6248,"date":"2019-10-21T10:37:18","date_gmt":"2019-10-21T10:37:18","guid":{"rendered":"http:\/\/ktbb.org\/v1\/?p=6248"},"modified":"2019-10-21T10:44:32","modified_gmt":"2019-10-21T10:44:32","slug":"ktbb-tdbb-yonetim-kurulu-toplantisina-ev-sahipligi-yapacak","status":"publish","type":"post","link":"https:\/\/ktbb.org\/v1\/ktbb-tdbb-yonetim-kurulu-toplantisina-ev-sahipligi-yapacak\/","title":{"rendered":"KTBB, TDBB Y\u00f6netim Kurulu Toplant\u0131s\u0131\u2019na ev sahipli\u011fi yapacak"},"content":{"rendered":"\n<p>T\u00fcrk D\u00fcnyas\u0131 Belediyeler Birli\u011fi (TDBB) Ekim ay\u0131\nY\u00f6netim Kurulu Toplant\u0131s\u0131 Kuzey K\u0131br\u0131s T\u00fcrk Cumhuriyeti\u2019nde (KKTC) yap\u0131l\u0131yor.<\/p>\n\n\n\n<p>Toplant\u0131, 23 Ekim \u00c7ar\u015famba g\u00fcn\u00fc K\u0131br\u0131s T\u00fcrk\nBelediyeler Birli\u011fi (KTBB) ev sahipli\u011finde Girne, \u00c7atalk\u00f6y b\u00f6lgesinde yer alan\nAcapulco Otel\u2019de yap\u0131lacak. <\/p>\n\n\n\n<p>23 Ekim \u00c7ar\u015famba g\u00fcn\u00fc sat 11.00\u2019de ba\u015flayacak olan\ntoplant\u0131 i\u00e7in TDBB ve Konya B\u00fcy\u00fck\u015fehir Belediye Ba\u015fkan\u0131 U\u011fur \u0130brahim Altay\nBa\u015fkanl\u0131\u011f\u0131ndaki heyet yar\u0131n \u00fclkemize geliyor. <\/p>\n\n\n\n<p>Bu kapsamda yar\u0131n ak\u015fam (22 Ekim Sal\u0131) saat 19.30\u2019da\nTDBB Heyeti ile K. T. Belediyeler Birli\u011fi\u2019ne \u00fcye Belediye Ba\u015fkanlar\u0131, \u0130\u00e7i\u015fleri\nBakan\u0131 Ay\u015feg\u00fcl Baybars\u2019\u0131n da kat\u0131l\u0131m\u0131yla Acapulco Otel\u2019de yer alacak yemekte biraraya gelecek.&nbsp; <\/p>\n\n\n\n<p>Heyet, TDBB Y\u00f6netim Kurulu \u00dcyesi olan K\u0131br\u0131s T\u00fcrk\nBelediyeler Birli\u011fi ve G\u00fczelyurt Belediye Ba\u015fkan\u0131 Mahmut \u00d6z\u00e7\u0131nar taraf\u0131ndan\na\u011f\u0131rlanacak. <\/p>\n\n\n\n<p>KKTC\u2019nin Mahmut \u00d6z\u00e7\u0131nar taraf\u0131ndan temsil edilece\u011fi\nTDBB Y\u00f6netim Kurulu Toplant\u0131s\u0131\u2019na, T\u00fcrkiye, Bosna Hersek, Makedonya,\nK\u0131rg\u0131zistan ve Gagauziya\u2019dan Belediye Ba\u015fkanlar\u0131 kat\u0131lacak.<\/p>\n\n\n\n<p>23 Ekim \u00c7ar\u015famba g\u00fcn\u00fc ger\u00e7ekle\u015ftirilecek TDBB Y\u00f6netim\nKurulu Toplant\u0131s\u0131\u2019na Ba\u015fbakan Ersin Tatar\u2019\u0131n da kat\u0131laca\u011f\u0131n\u0131 belirten \u00d6z\u00e7\u0131nar,\nbu toplant\u0131n\u0131n KKTC\u2019de yap\u0131lacak olmas\u0131n\u0131n \u00f6nemine dikkat \u00e7ekerek, farkl\u0131\n\u00fclkelerdeki halklar taraf\u0131ndan se\u00e7ilmi\u015f belediye ba\u015fkanlar\u0131n\u0131 a\u011f\u0131rlayacak\nolmaktan b\u00fcy\u00fck memnuniyet duyacaklar\u0131n\u0131 s\u00f6yledi. <\/p>\n\n\n\n<p>\u00d6z\u00e7\u0131nar, toplant\u0131 vesilesiyle \u00fclkemize gelecek olan\nbelediye ba\u015fkanlar\u0131n\u0131n KKTC H\u00fck\u00fcmet yetkilileri ile de biraraya gelme f\u0131rsat\u0131\nyakalayacaklar\u0131n\u0131 belirtti.<\/p>\n\n\n\n<p>Farkl\u0131 \u00fclkelerdeki yerel y\u00f6netimler ile kar\u015f\u0131l\u0131kl\u0131\ntecr\u00fcbe payla\u015f\u0131m\u0131 f\u0131rsat\u0131 bulacaklar\u0131n\u0131 kaydeden \u00d6z\u00e7\u0131nar, bu toplant\u0131n\u0131n \u00fclke\nve yerel y\u00f6netimlerin temsiliyeti a\u00e7\u0131s\u0131ndan son derece \u00f6nemli oldu\u011funu\nvurgulad\u0131.<\/p>\n","protected":false},"excerpt":{"rendered":"<p>T\u00fcrk D\u00fcnyas\u0131 Belediyeler Birli\u011fi (TDBB) Ekim ay\u0131 Y\u00f6netim Kurulu Toplant\u0131s\u0131 [&hellip;]<\/p>\n","protected":false},"author":9,"featured_media":6249,"comment_status":"open","ping_status":"closed","sticky":false,"template":"","format":"standard","meta":{"footnotes":""},"categories":[1],"tags":[],"class_list":["post-6248","post","type-post","status-publish","format-standard","has-post-thumbnail","hentry","category-birlikten-haberler"],"_links":{"self":[{"href":"https:\/\/ktbb.org\/v1\/wp-json\/wp\/v2\/posts\/6248","targetHints":{"allow":["GET"]}}],"collection":[{"href":"https:\/\/ktbb.org\/v1\/wp-json\/wp\/v2\/posts"}],"about":[{"href":"https:\/\/ktbb.org\/v1\/wp-json\/wp\/v2\/types\/post"}],"author":[{"embeddable":true,"href":"https:\/\/ktbb.org\/v1\/wp-json\/wp\/v2\/users\/9"}],"replies":[{"embeddable":true,"href":"https:\/\/ktbb.org\/v1\/wp-json\/wp\/v2\/comments?post=6248"}],"version-history":[{"count":2,"href":"https:\/\/ktbb.org\/v1\/wp-json\/wp\/v2\/posts\/6248\/revisions"}],"predecessor-version":[{"id":6251,"href":"https:\/\/ktbb.org\/v1\/wp-json\/wp\/v2\/posts\/6248\/revisions\/6251"}],"wp:featuredmedia":[{"embeddable":true,"href":"https:\/\/ktbb.org\/v1\/wp-json\/wp\/v2\/media\/6249"}],"wp:attachment":[{"href":"https:\/\/ktbb.org\/v1\/wp-json\/wp\/v2\/media?parent=6248"}],"wp:term":[{"taxonomy":"category","embeddable":true,"href":"https:\/\/ktbb.org\/v1\/wp-json\/wp\/v2\/categories?post=6248"},{"taxonomy":"post_tag","embeddable":true,"href":"https:\/\/ktbb.org\/v1\/wp-json\/wp\/v2\/tags?post=6248"}],"curies":[{"name":"wp","href":"https:\/\/api.w.org\/{rel}","templated":true}]}}