{"id":6333,"date":"2019-10-30T10:15:06","date_gmt":"2019-10-30T10:15:06","guid":{"rendered":"http:\/\/ktbb.org\/v1\/?p=6333"},"modified":"2019-10-30T10:18:31","modified_gmt":"2019-10-30T10:18:31","slug":"belediyeler-birligi-heyeti-avrupa-konseyi-yerel-ve-bolgesel-yonetimler-kongresine-katildi","status":"publish","type":"post","link":"https:\/\/ktbb.org\/v1\/belediyeler-birligi-heyeti-avrupa-konseyi-yerel-ve-bolgesel-yonetimler-kongresine-katildi\/","title":{"rendered":"Belediyeler Birli\u011fi Heyeti, Avrupa Konseyi Yerel ve B\u00f6lgesel Y\u00f6netimler Kongresi\u2019ne kat\u0131ld\u0131"},"content":{"rendered":"\n<p>K\u0131br\u0131s T\u00fcrk Belediyeler Birli\u011fi Heyeti, 28-30\nEkim tarihleri aras\u0131nda Strasbourg\u2019da yer alan Avrupa Konseyi Yerel ve B\u00f6lgesel\nY\u00f6netimler Kongresi\u2019nin 37\u2019nci oturumuna ve komite toplant\u0131lar\u0131na kat\u0131ld\u0131. <\/p>\n\n\n\n<p>K.T. Belediyeler Birli\u011fi ve G\u00fczelyurt\nBelediye Ba\u015fkan\u0131 Mahmut \u00d6z\u00e7\u0131nar\u2019a, K. T. Belediyeler Birli\u011fi As Ba\u015fkan\u0131, Lefko\u015fa\nT\u00fcrk Belediyesi Ba\u015fkan\u0131 Mehmet Harmanc\u0131, G\u00f6nyeli Belediye Ba\u015fkan\u0131 Ahmet Yal\u00e7\u0131n Benli\nile K.T. Belediyeler Birli\u011fi Genel Koordinat\u00f6r\u00fc H\u00fcseyin K\u00f6le e\u015flik etti.<\/p>\n\n\n\n<figure class=\"wp-block-image\"><img decoding=\"async\" width=\"1024\" height=\"720\" src=\"http:\/\/ktbb.org\/v1\/wp-content\/uploads\/2019\/10\/IMG_2669-1024x720.jpg\" alt=\"\" class=\"wp-image-6340\" srcset=\"https:\/\/ktbb.org\/v1\/wp-content\/uploads\/2019\/10\/IMG_2669-200x141.jpg 200w, https:\/\/ktbb.org\/v1\/wp-content\/uploads\/2019\/10\/IMG_2669-300x211.jpg 300w, https:\/\/ktbb.org\/v1\/wp-content\/uploads\/2019\/10\/IMG_2669-400x281.jpg 400w, https:\/\/ktbb.org\/v1\/wp-content\/uploads\/2019\/10\/IMG_2669-600x422.jpg 600w, https:\/\/ktbb.org\/v1\/wp-content\/uploads\/2019\/10\/IMG_2669-768x540.jpg 768w, https:\/\/ktbb.org\/v1\/wp-content\/uploads\/2019\/10\/IMG_2669-800x563.jpg 800w, https:\/\/ktbb.org\/v1\/wp-content\/uploads\/2019\/10\/IMG_2669-1024x720.jpg 1024w, https:\/\/ktbb.org\/v1\/wp-content\/uploads\/2019\/10\/IMG_2669-1200x844.jpg 1200w, https:\/\/ktbb.org\/v1\/wp-content\/uploads\/2019\/10\/IMG_2669.jpg 1632w\" sizes=\"(max-width: 1024px) 100vw, 1024px\" \/><\/figure>\n\n\n\n<p>K.T. Belediyeler Birli\u011fi\u2019nin \u0130dari Komite\nTemsilci\u011fini Mahmut \u00d6z\u00e7\u0131nar, G\u00fcncel \u0130\u015fler Komite Temsilcili\u011fini Mehmet\nHarmanc\u0131, \u0130zleme Komitesi Temsilcili\u011fini ise Ahmet Yal\u00e7\u0131n Benli y\u00fcr\u00fct\u00fcyor.<\/p>\n\n\n\n<figure class=\"wp-block-image\"><img decoding=\"async\" width=\"1024\" height=\"768\" src=\"http:\/\/ktbb.org\/v1\/wp-content\/uploads\/2019\/10\/1-2-1024x768.jpeg\" alt=\"\" class=\"wp-image-6334\" srcset=\"https:\/\/ktbb.org\/v1\/wp-content\/uploads\/2019\/10\/1-2-200x150.jpeg 200w, https:\/\/ktbb.org\/v1\/wp-content\/uploads\/2019\/10\/1-2-300x225.jpeg 300w, https:\/\/ktbb.org\/v1\/wp-content\/uploads\/2019\/10\/1-2-400x300.jpeg 400w, https:\/\/ktbb.org\/v1\/wp-content\/uploads\/2019\/10\/1-2-600x450.jpeg 600w, https:\/\/ktbb.org\/v1\/wp-content\/uploads\/2019\/10\/1-2-768x576.jpeg 768w, https:\/\/ktbb.org\/v1\/wp-content\/uploads\/2019\/10\/1-2-800x600.jpeg 800w, https:\/\/ktbb.org\/v1\/wp-content\/uploads\/2019\/10\/1-2-1024x768.jpeg 1024w, https:\/\/ktbb.org\/v1\/wp-content\/uploads\/2019\/10\/1-2-1200x900.jpeg 1200w, https:\/\/ktbb.org\/v1\/wp-content\/uploads\/2019\/10\/1-2.jpeg 1600w\" sizes=\"(max-width: 1024px) 100vw, 1024px\" \/><\/figure>\n\n\n\n<figure class=\"wp-block-image\"><img decoding=\"async\" width=\"1024\" height=\"768\" src=\"http:\/\/ktbb.org\/v1\/wp-content\/uploads\/2019\/10\/2-1-1024x768.jpeg\" alt=\"\" class=\"wp-image-6335\" srcset=\"https:\/\/ktbb.org\/v1\/wp-content\/uploads\/2019\/10\/2-1-200x150.jpeg 200w, https:\/\/ktbb.org\/v1\/wp-content\/uploads\/2019\/10\/2-1-300x225.jpeg 300w, https:\/\/ktbb.org\/v1\/wp-content\/uploads\/2019\/10\/2-1-400x300.jpeg 400w, https:\/\/ktbb.org\/v1\/wp-content\/uploads\/2019\/10\/2-1-600x450.jpeg 600w, https:\/\/ktbb.org\/v1\/wp-content\/uploads\/2019\/10\/2-1-768x576.jpeg 768w, https:\/\/ktbb.org\/v1\/wp-content\/uploads\/2019\/10\/2-1-800x600.jpeg 800w, https:\/\/ktbb.org\/v1\/wp-content\/uploads\/2019\/10\/2-1-1024x768.jpeg 1024w, https:\/\/ktbb.org\/v1\/wp-content\/uploads\/2019\/10\/2-1-1200x900.jpeg 1200w, https:\/\/ktbb.org\/v1\/wp-content\/uploads\/2019\/10\/2-1.jpeg 1600w\" sizes=\"(max-width: 1024px) 100vw, 1024px\" \/><\/figure>\n\n\n\n<figure class=\"wp-block-image\"><img decoding=\"async\" width=\"1024\" height=\"769\" src=\"http:\/\/ktbb.org\/v1\/wp-content\/uploads\/2019\/10\/3-1-1024x769.jpeg\" alt=\"\" class=\"wp-image-6336\" srcset=\"https:\/\/ktbb.org\/v1\/wp-content\/uploads\/2019\/10\/3-1-200x150.jpeg 200w, https:\/\/ktbb.org\/v1\/wp-content\/uploads\/2019\/10\/3-1-300x225.jpeg 300w, https:\/\/ktbb.org\/v1\/wp-content\/uploads\/2019\/10\/3-1-400x300.jpeg 400w, https:\/\/ktbb.org\/v1\/wp-content\/uploads\/2019\/10\/3-1-600x450.jpeg 600w, https:\/\/ktbb.org\/v1\/wp-content\/uploads\/2019\/10\/3-1-768x576.jpeg 768w, https:\/\/ktbb.org\/v1\/wp-content\/uploads\/2019\/10\/3-1-800x600.jpeg 800w, https:\/\/ktbb.org\/v1\/wp-content\/uploads\/2019\/10\/3-1-1024x769.jpeg 1024w, https:\/\/ktbb.org\/v1\/wp-content\/uploads\/2019\/10\/3-1-1200x901.jpeg 1200w, https:\/\/ktbb.org\/v1\/wp-content\/uploads\/2019\/10\/3-1.jpeg 1443w\" sizes=\"(max-width: 1024px) 100vw, 1024px\" \/><\/figure>\n\n\n\n<p>Strasbourg\u2019da bulunan heyet temaslar\u0131\nkapsam\u0131nda, Kuzey K\u0131br\u0131s T\u00fcrk Cumhuriyeti (K.K.T.C.) Strasbourg Temsilcisi N\u00f6vber\nFerit Vechi ile de biraraya geldi. Heyet ayr\u0131ca, T\u00fcrkiye Cumhuriyeti (T.C.)\nStrasbourg Ba\u015fkonsolosu Muzaffer Rami \u015eayl\u0131man\u2019\u0131n 29 Ekim Cumhuriyet\nResepsiyonu davetine de kat\u0131ld\u0131.<\/p>\n\n\n\n<figure class=\"wp-block-image\"><img decoding=\"async\" width=\"768\" height=\"1024\" src=\"http:\/\/ktbb.org\/v1\/wp-content\/uploads\/2019\/10\/4-1-768x1024.jpeg\" alt=\"\" class=\"wp-image-6337\" srcset=\"https:\/\/ktbb.org\/v1\/wp-content\/uploads\/2019\/10\/4-1-200x267.jpeg 200w, https:\/\/ktbb.org\/v1\/wp-content\/uploads\/2019\/10\/4-1-225x300.jpeg 225w, https:\/\/ktbb.org\/v1\/wp-content\/uploads\/2019\/10\/4-1-400x533.jpeg 400w, https:\/\/ktbb.org\/v1\/wp-content\/uploads\/2019\/10\/4-1-600x800.jpeg 600w, https:\/\/ktbb.org\/v1\/wp-content\/uploads\/2019\/10\/4-1.jpeg 768w\" sizes=\"(max-width: 768px) 100vw, 768px\" \/><\/figure>\n\n\n\n<figure class=\"wp-block-image\"><img decoding=\"async\" width=\"768\" height=\"1024\" src=\"http:\/\/ktbb.org\/v1\/wp-content\/uploads\/2019\/10\/5-768x1024.jpeg\" alt=\"\" class=\"wp-image-6338\" srcset=\"https:\/\/ktbb.org\/v1\/wp-content\/uploads\/2019\/10\/5-200x267.jpeg 200w, https:\/\/ktbb.org\/v1\/wp-content\/uploads\/2019\/10\/5-225x300.jpeg 225w, https:\/\/ktbb.org\/v1\/wp-content\/uploads\/2019\/10\/5-400x533.jpeg 400w, https:\/\/ktbb.org\/v1\/wp-content\/uploads\/2019\/10\/5-600x800.jpeg 600w, https:\/\/ktbb.org\/v1\/wp-content\/uploads\/2019\/10\/5.jpeg 768w\" sizes=\"(max-width: 768px) 100vw, 768px\" \/><\/figure>\n\n\n\n<figure class=\"wp-block-image\"><img decoding=\"async\" width=\"768\" height=\"1024\" src=\"http:\/\/ktbb.org\/v1\/wp-content\/uploads\/2019\/10\/6-768x1024.jpeg\" alt=\"\" class=\"wp-image-6339\" srcset=\"https:\/\/ktbb.org\/v1\/wp-content\/uploads\/2019\/10\/6-200x267.jpeg 200w, https:\/\/ktbb.org\/v1\/wp-content\/uploads\/2019\/10\/6-225x300.jpeg 225w, https:\/\/ktbb.org\/v1\/wp-content\/uploads\/2019\/10\/6-400x533.jpeg 400w, https:\/\/ktbb.org\/v1\/wp-content\/uploads\/2019\/10\/6-600x800.jpeg 600w, https:\/\/ktbb.org\/v1\/wp-content\/uploads\/2019\/10\/6.jpeg 768w\" sizes=\"(max-width: 768px) 100vw, 768px\" \/><\/figure>\n\n\n\n<p>K.T. Belediyeler Birli\u011fi Heyeti, \u00e7al\u0131\u015fmalar\u0131n\ntamamlanmas\u0131n\u0131n ard\u0131ndan bu ak\u015fam Kuzey K\u0131br\u0131s T\u00fcrk Cumhuriyeti\u2019ne (K.K.T.C.)\nd\u00f6necek.<\/p>\n","protected":false},"excerpt":{"rendered":"<p>K\u0131br\u0131s T\u00fcrk Belediyeler Birli\u011fi Heyeti, 28-30 Ekim tarihleri aras\u0131nda Strasbourg\u2019da [&hellip;]<\/p>\n","protected":false},"author":9,"featured_media":6342,"comment_status":"open","ping_status":"closed","sticky":false,"template":"","format":"standard","meta":{"footnotes":""},"categories":[1],"tags":[],"class_list":["post-6333","post","type-post","status-publish","format-standard","has-post-thumbnail","hentry","category-birlikten-haberler"],"_links":{"self":[{"href":"https:\/\/ktbb.org\/v1\/wp-json\/wp\/v2\/posts\/6333","targetHints":{"allow":["GET"]}}],"collection":[{"href":"https:\/\/ktbb.org\/v1\/wp-json\/wp\/v2\/posts"}],"about":[{"href":"https:\/\/ktbb.org\/v1\/wp-json\/wp\/v2\/types\/post"}],"author":[{"embeddable":true,"href":"https:\/\/ktbb.org\/v1\/wp-json\/wp\/v2\/users\/9"}],"replies":[{"embeddable":true,"href":"https:\/\/ktbb.org\/v1\/wp-json\/wp\/v2\/comments?post=6333"}],"version-history":[{"count":2,"href":"https:\/\/ktbb.org\/v1\/wp-json\/wp\/v2\/posts\/6333\/revisions"}],"predecessor-version":[{"id":6343,"href":"https:\/\/ktbb.org\/v1\/wp-json\/wp\/v2\/posts\/6333\/revisions\/6343"}],"wp:featuredmedia":[{"embeddable":true,"href":"https:\/\/ktbb.org\/v1\/wp-json\/wp\/v2\/media\/6342"}],"wp:attachment":[{"href":"https:\/\/ktbb.org\/v1\/wp-json\/wp\/v2\/media?parent=6333"}],"wp:term":[{"taxonomy":"category","embeddable":true,"href":"https:\/\/ktbb.org\/v1\/wp-json\/wp\/v2\/categories?post=6333"},{"taxonomy":"post_tag","embeddable":true,"href":"https:\/\/ktbb.org\/v1\/wp-json\/wp\/v2\/tags?post=6333"}],"curies":[{"name":"wp","href":"https:\/\/api.w.org\/{rel}","templated":true}]}}